{"id":118,"date":"2011-09-17T21:58:16","date_gmt":"2011-09-17T21:58:16","guid":{"rendered":"https:\/\/www.jsv-bernau.de\/jsv\/?p=118"},"modified":"2015-05-12T09:55:32","modified_gmt":"2015-05-12T07:55:32","slug":"2-goldmedaillen-fuer-psv-judoka-beim-silbernen-roland","status":"publish","type":"post","link":"https:\/\/www.jsv-bernau.de\/jsv\/2-goldmedaillen-fuer-psv-judoka-beim-silbernen-roland\/","title":{"rendered":"2 Goldmedaillen f\u00fcr PSV Judoka beim &#8222;Silbernen Roland&#8220;"},"content":{"rendered":"<p>Am 17.09.2011 wurde in Brandenburg bereits zum 36. Mal um den &#8222;Silbernen Roland&#8220; gek\u00e4mpft. Wie jedes Jahr war das Turnier wieder bestens organisiert und ein Magnet f\u00fcr viele Klassejudoka in verschiedenen Altersklassen. Mit \u00fcber 600 K\u00e4mpfern aus 49 Vereinen und 9 Bundesl\u00e4ndern wurde ein neuer Teilnehmerrekord aufgestellt. Mit einer kleinen Auswahl ihrer Spitzenk\u00e4mpfer waren die Judoka des PSV Bernau mit am Start.<!--more--><\/p>\n<p>In der Altersklasse U12 \u00fcberzeugte Markus Kruspe nicht nur durch gro\u00dfen Kampfgeist, sondern auch durch herrliche Techniken und einer tollen \u00dcbersicht. Nach drei \u00fcberzeugenden Siegen gewann Markus die Goldmedaille bei diesem schweren Turnier, welches in dieser Altersklasse als Sichtung f\u00fcr die Eliteschulen des Sports im Land Brandenburg gilt.<\/p>\n<p>Vanessa Trajcev und Daniel Smotrin standen ihm nicht viel nach. Beide konnten durch gro\u00dfen Kampfgeist \u00fcberzeugen und sicherten sich nach tollen Siegen bei je einer Niederlage hervorragende 3. Pl\u00e4tze und damit die Bronzemedaillen.<\/p>\n<p>Zwei Bernauer Judoka k\u00e4mpften in der Altersklasse U10 &#8211; und wie sie das taten. Lea Elisa Kowalk k\u00e4mpfte sich souver\u00e4n bis ins das Finale und zeigte dabei herrliche \u00dcberg\u00e4nge vom Stand- in den Bodenkampf. Im Finale musste sie sich leider einer starken K\u00e4mpferin aus Potsdam beugen und belegte somit einen tollen 2. Platz. Vadim Smotrin lie\u00df an diesem Tag nichts anbrennen und demonstrierte all seine St\u00e4rken &#8211; unb\u00e4ndigen Kampfgeist und Angriffsjudo von der ersten Sekunde an. Er lie\u00df seinen Gegnern an diesem Tag nicht die Spur einer Chance und beherrschte sie eindrucksvoll. Vadim wurde v\u00f6llig verdient und eindrucksvoll Gewinner der Goldmedaille in seiner Gewichtsklasse.<\/p>\n<p>In der U14 erk\u00e4mpfte sich Kiki Piperidou sehr zur Freude von ihrem Trainer Bj\u00f6rn Lehmann in gewohnter Manier eine Bronzemedaille und rundete damit das hervorragende Abschneiden der Bernauer PSV Judoka ab.<\/p>\n","protected":false},"excerpt":{"rendered":"<p>Am 17.09.2011 wurde in Brandenburg bereits zum 36. Mal um den &#8222;Silbernen Roland&#8220; gek\u00e4mpft. Wie jedes Jahr war das Turnier wieder bestens organisiert und ein Magnet f\u00fcr viele Klassejudoka in verschiedenen Altersklassen. Mit \u00fcber 600 K\u00e4mpfern aus 49 Vereinen und 9 Bundesl\u00e4ndern wurde ein neuer Teilnehmerrekord aufgestellt. Mit einer kleinen Auswahl ihrer Spitzenk\u00e4mpfer waren die Judoka des PSV Bernau mit am Start.<\/p>\n","protected":false},"author":3,"featured_media":0,"comment_status":"closed","ping_status":"open","sticky":false,"template":"","format":"standard","meta":{"ngg_post_thumbnail":0,"jetpack_post_was_ever_published":false,"_jetpack_newsletter_access":"","_jetpack_dont_email_post_to_subs":false,"_jetpack_newsletter_tier_id":0,"_jetpack_memberships_contains_paywalled_content":false,"_jetpack_memberships_contains_paid_content":false,"footnotes":""},"categories":[3],"tags":[108,57,124,182,127,268,85,56,74,194,139],"class_list":["post-118","post","type-post","status-publish","format-standard","hentry","category-ergebnisse","tag-brandenburg","tag-kruspe","tag-lehmann","tag-piperidou","tag-schlicht","tag-silberner-roland","tag-smotrin","tag-trajcev","tag-u10","tag-u12","tag-u14"],"jetpack_featured_media_url":"","jetpack_shortlink":"https:\/\/wp.me\/p5TGCK-1U","jetpack_sharing_enabled":true,"_links":{"self":[{"href":"https:\/\/www.jsv-bernau.de\/jsv\/wp-json\/wp\/v2\/posts\/118","targetHints":{"allow":["GET"]}}],"collection":[{"href":"https:\/\/www.jsv-bernau.de\/jsv\/wp-json\/wp\/v2\/posts"}],"about":[{"href":"https:\/\/www.jsv-bernau.de\/jsv\/wp-json\/wp\/v2\/types\/post"}],"author":[{"embeddable":true,"href":"https:\/\/www.jsv-bernau.de\/jsv\/wp-json\/wp\/v2\/users\/3"}],"replies":[{"embeddable":true,"href":"https:\/\/www.jsv-bernau.de\/jsv\/wp-json\/wp\/v2\/comments?post=118"}],"version-history":[{"count":2,"href":"https:\/\/www.jsv-bernau.de\/jsv\/wp-json\/wp\/v2\/posts\/118\/revisions"}],"predecessor-version":[{"id":3312,"href":"https:\/\/www.jsv-bernau.de\/jsv\/wp-json\/wp\/v2\/posts\/118\/revisions\/3312"}],"wp:attachment":[{"href":"https:\/\/www.jsv-bernau.de\/jsv\/wp-json\/wp\/v2\/media?parent=118"}],"wp:term":[{"taxonomy":"category","embeddable":true,"href":"https:\/\/www.jsv-bernau.de\/jsv\/wp-json\/wp\/v2\/categories?post=118"},{"taxonomy":"post_tag","embeddable":true,"href":"https:\/\/www.jsv-bernau.de\/jsv\/wp-json\/wp\/v2\/tags?post=118"}],"curies":[{"name":"wp","href":"https:\/\/api.w.org\/{rel}","templated":true}]}}