{"id":122,"date":"2011-08-27T22:05:38","date_gmt":"2011-08-27T22:05:38","guid":{"rendered":"https:\/\/www.jsv-bernau.de\/jsv\/?p=122"},"modified":"2015-05-12T10:07:39","modified_gmt":"2015-05-12T08:07:39","slug":"psv-judoka-mit-tollem-start","status":"publish","type":"post","link":"https:\/\/www.jsv-bernau.de\/jsv\/psv-judoka-mit-tollem-start\/","title":{"rendered":"PSV Judoka mit tollem Start"},"content":{"rendered":"<p>Die Sommerferien sind vorbei und zwei Wochen harten Trainings liegen hinter den Nachwuchsjudoka des PSV Bernau.<\/p>\n<p>Am 27.08.2011 lud der UJKC Potsdam zur 2. Runde des Teddyb\u00e4rpokals der Altersklasse U9 und zur 2. Runde des Erhardt-Buchholz-Gedenkturniers der U11 nach Potsdam ein.<!--more--><\/p>\n<p>Guten Mutes und voller Tatendrang fuhren die jungen Judoka mit ihren Trainern Michelle Knospe, Jenny Roll und Dirk Schlicht in die &#8222;H\u00f6hle des L\u00f6wen&#8220; &#8211; nach Potsdam. Dort zeigten sie schon gute Form, gro\u00dfen Kampfgeist und auch einige herrliche W\u00fcrfe. In beiden Altersklassen konnten insgesamt 8 Medaillen erk\u00e4mpft werden!<\/p>\n<p>In der U9 konnten sich Juri Hochlachev und Ben Troche nach 4 bzw. 5 K\u00e4mpfen mit nur je einer Niederlage jeweils einen tollen 3. Platz und damit die Bronzemedaille erk\u00e4mpfen. Daniel Wei\u00df, Eric Leonhardt und Erik Wolff k\u00e4mpften stark mit und entt\u00e4uschten trotz ihrer 5. Pl\u00e4tze nicht, konnte doch jeder von ihnen mindestens 2 K\u00e4mpfe f\u00fcr sich entscheiden.<\/p>\n<p>Die U11 war da um einiges erfolgreicher! Oliver Trajcev und Laura M\u00fcller erk\u00e4mpften sich jeweils eine Bronzemedaille, Paul Harm und Vanessa Trajcev verloren leider beide ihre Finalk\u00e4mpfe und belegten somit hervorragende 2. Pl\u00e4tze. Wobei die Niederlage von Paul \u00e4u\u00dferst zweifelhaft war, hat er doch den Kampf diktiert und seinen Gegner &#8222;im Griff&#8220; gehabt, beiden gelang keine Wertung. Das folgende Hantei-Urteil nach Verl\u00e4ngerung war dann f\u00fcr alle eine herbe \u00dcberraschung, der Kampfrichter hat wohl einen anderen Kampf gesehen.<\/p>\n<p>Bis aufs oberste Treppchen und damit auf Platz 1 schafften es Lisa Marie Donath und wie bereits in der 1. Runde Henrike M\u00fchl, welche doch etwas mehr Ruhe und \u00dcbersicht in ihre K\u00e4mpfe bringen sollte, w\u00fcrde sie damit nicht nur ihre sondern auch die Nerven ihre Trainer schonen, das Zeug dazu hat sie allemal!<\/p>\n<p>In der Tageswertung der Altersklasse U11 belegten die Bernauer einen tollen 3. Platz und lie\u00dfen damit solch starke Vereine wie den JC 90 Frankfurt, Dento und Randori Berlin, um nur einige zu nennen, hinter sich.<\/p>\n","protected":false},"excerpt":{"rendered":"<p>Die Sommerferien sind vorbei und zwei Wochen harten Trainings liegen hinter den Nachwuchsjudoka des PSV Bernau. Am 27.08.2011 lud der UJKC Potsdam zur 2. Runde des Teddyb\u00e4rpokals der Altersklasse U9 und zur 2. Runde des Erhardt-Buchholz-Gedenkturniers der U11 nach Potsdam ein.<\/p>\n","protected":false},"author":3,"featured_media":0,"comment_status":"closed","ping_status":"open","sticky":false,"template":"","format":"standard","meta":{"ngg_post_thumbnail":0,"jetpack_post_was_ever_published":false,"_jetpack_newsletter_access":"","_jetpack_dont_email_post_to_subs":false,"_jetpack_newsletter_tier_id":0,"_jetpack_memberships_contains_paywalled_content":false,"_jetpack_memberships_contains_paid_content":false,"footnotes":""},"categories":[3],"tags":[261,24,82,84,143,72,127,144,56,26,28],"class_list":["post-122","post","type-post","status-publish","format-standard","hentry","category-ergebnisse","tag-erhardt-buchholz-gedenkturnier","tag-harm","tag-knospe","tag-muehl","tag-potsdam","tag-roll","tag-schlicht","tag-teddybaerpokal","tag-trajcev","tag-u11","tag-u9"],"jetpack_featured_media_url":"","jetpack_shortlink":"https:\/\/wp.me\/p5TGCK-1Y","jetpack_sharing_enabled":true,"_links":{"self":[{"href":"https:\/\/www.jsv-bernau.de\/jsv\/wp-json\/wp\/v2\/posts\/122","targetHints":{"allow":["GET"]}}],"collection":[{"href":"https:\/\/www.jsv-bernau.de\/jsv\/wp-json\/wp\/v2\/posts"}],"about":[{"href":"https:\/\/www.jsv-bernau.de\/jsv\/wp-json\/wp\/v2\/types\/post"}],"author":[{"embeddable":true,"href":"https:\/\/www.jsv-bernau.de\/jsv\/wp-json\/wp\/v2\/users\/3"}],"replies":[{"embeddable":true,"href":"https:\/\/www.jsv-bernau.de\/jsv\/wp-json\/wp\/v2\/comments?post=122"}],"version-history":[{"count":2,"href":"https:\/\/www.jsv-bernau.de\/jsv\/wp-json\/wp\/v2\/posts\/122\/revisions"}],"predecessor-version":[{"id":3317,"href":"https:\/\/www.jsv-bernau.de\/jsv\/wp-json\/wp\/v2\/posts\/122\/revisions\/3317"}],"wp:attachment":[{"href":"https:\/\/www.jsv-bernau.de\/jsv\/wp-json\/wp\/v2\/media?parent=122"}],"wp:term":[{"taxonomy":"category","embeddable":true,"href":"https:\/\/www.jsv-bernau.de\/jsv\/wp-json\/wp\/v2\/categories?post=122"},{"taxonomy":"post_tag","embeddable":true,"href":"https:\/\/www.jsv-bernau.de\/jsv\/wp-json\/wp\/v2\/tags?post=122"}],"curies":[{"name":"wp","href":"https:\/\/api.w.org\/{rel}","templated":true}]}}