{"id":124,"date":"2011-06-18T22:07:47","date_gmt":"2011-06-18T22:07:47","guid":{"rendered":"https:\/\/www.jsv-bernau.de\/jsv\/?p=124"},"modified":"2015-05-13T06:55:28","modified_gmt":"2015-05-13T04:55:28","slug":"judoka-mit-2-medaillen","status":"publish","type":"post","link":"https:\/\/www.jsv-bernau.de\/jsv\/judoka-mit-2-medaillen\/","title":{"rendered":"Judoka mit 2 Medaillen"},"content":{"rendered":"<p>Mit 8 durch die KUEM qualifizierten Sportlern startete der PSV Bernau bei der diesj\u00e4hrigen Landesmeisterschaft der Altersklasse U12 am 18.06.11 in F\u00fcrstenwalde.<\/p>\n<p>Dass der Weg auf das Podest und damit zu den Medaillen wieder besonders schwer werden w\u00fcrde, war allen PSV-Judoka klar, doch waren sie gewillt ihr Bestes zu geben um im Medaillenkampf mit eingreifen zu k\u00f6nnen.<!--more--><\/p>\n<p>Ewa Homan und Paul Harm war ihre Nervosit\u00e4t deutlich anzumerken (beide noch U11 er). Beide zeigten ordentliche Leistungen und k\u00e4mpften gut mit. Leider reichte es zu keinem Sieg, doch entt\u00e4uschten sie auch nicht. Candy Porges und Daniel Smotrin (durch Krankheit gehandicapt) konnten je einen Kampf gewinnen und verloren aber auch zweimal, so dass diese Meisterschaft recht fr\u00fch f\u00fcr sie zu Ende war.<\/p>\n<p>Besser machten es die noch in der U11 startberechtigten Vanessa Trajcev und Henrike M\u00fchl. Mit je zwei Siegen und zwei Niederlagen in diesem starken Teilnehmerfeld, konnten sie sich je einen tollen 5. Platz erk\u00e4mpfen. Beide wiesen mit ihren starken k\u00e4mpferischen Auftritten nach, dass sie im Land Brandenburg auch in der U12 ganz vorn mithalten k\u00f6nnen.<\/p>\n<p>Markus Kruspe begann das Turnier mit zwei \u00fcberzeugenden Siegen. Im Kampf um den Einzug in das Finale unterlag er dem sp\u00e4teren Landesmeister und hatte so nur noch die Chance um Bronze zu k\u00e4mpfen. Diese Medaille wollte Markus unbedingt haben und so begann er diesen Kampf aggressiv und voller Siegeswillen. Mit zwei herrlichen O-Uchi-Gari, f\u00fcr die er je einen Waza-Ari bekam, konnte er den Kampf nach gut einer Minute f\u00fcr sich entscheiden und sich sp\u00e4ter stolz die Bronzemedaille umh\u00e4ngen lassen.<\/p>\n<p>Adrian Knospe zeigte eine \u00fcberragende Leistung bei diesem schweren Turnier. Mit gro\u00dfem Kampfgeist und einigen herrlichen Techniken konnte sich Adrian, sehr zur Freude seines Trainers Bj\u00f6rn Lehmann, bis in das Finale vork\u00e4mpfen. Dort stand ihm D. Matuschewitz vom JC 90 Frankfurt \/O. gegen\u00fcber, der an diesem Tage aber das bessere Ende f\u00fcr sich hatte und den Kampf f\u00fcr sich entscheiden konnte. Mit dieser Silbermedaille konnte Adrian den gr\u00f6\u00dften Erfolg seiner noch jungen Sportlerkarriere feiern und seine Leistungsst\u00e4rke ein weiteres Mal eindrucksvoll nachweisen.<\/p>\n","protected":false},"excerpt":{"rendered":"<p>Mit 8 durch die KUEM qualifizierten Sportlern startete der PSV Bernau bei der diesj\u00e4hrigen Landesmeisterschaft der Altersklasse U12 am 18.06.11 in F\u00fcrstenwalde. Dass der Weg auf das Podest und damit zu den Medaillen wieder besonders schwer werden w\u00fcrde, war allen PSV-Judoka klar, doch waren sie gewillt ihr Bestes zu geben um im Medaillenkampf mit eingreifen zu k\u00f6nnen.<\/p>\n","protected":false},"author":3,"featured_media":0,"comment_status":"closed","ping_status":"open","sticky":false,"template":"","format":"standard","meta":{"ngg_post_thumbnail":0,"jetpack_post_was_ever_published":false,"_jetpack_newsletter_access":"","_jetpack_dont_email_post_to_subs":false,"_jetpack_newsletter_tier_id":0,"_jetpack_memberships_contains_paywalled_content":false,"_jetpack_memberships_contains_paid_content":false,"footnotes":""},"categories":[3],"tags":[157,24,281,82,57,137,124,84,86,127,85,56,194],"class_list":["post-124","post","type-post","status-publish","format-standard","hentry","category-ergebnisse","tag-fuerstenwalde","tag-harm","tag-homan","tag-knospe","tag-kruspe","tag-landesmeisterschaft","tag-lehmann","tag-muehl","tag-porges","tag-schlicht","tag-smotrin","tag-trajcev","tag-u12"],"jetpack_featured_media_url":"","jetpack_shortlink":"https:\/\/wp.me\/p5TGCK-20","jetpack_sharing_enabled":true,"_links":{"self":[{"href":"https:\/\/www.jsv-bernau.de\/jsv\/wp-json\/wp\/v2\/posts\/124","targetHints":{"allow":["GET"]}}],"collection":[{"href":"https:\/\/www.jsv-bernau.de\/jsv\/wp-json\/wp\/v2\/posts"}],"about":[{"href":"https:\/\/www.jsv-bernau.de\/jsv\/wp-json\/wp\/v2\/types\/post"}],"author":[{"embeddable":true,"href":"https:\/\/www.jsv-bernau.de\/jsv\/wp-json\/wp\/v2\/users\/3"}],"replies":[{"embeddable":true,"href":"https:\/\/www.jsv-bernau.de\/jsv\/wp-json\/wp\/v2\/comments?post=124"}],"version-history":[{"count":2,"href":"https:\/\/www.jsv-bernau.de\/jsv\/wp-json\/wp\/v2\/posts\/124\/revisions"}],"predecessor-version":[{"id":3326,"href":"https:\/\/www.jsv-bernau.de\/jsv\/wp-json\/wp\/v2\/posts\/124\/revisions\/3326"}],"wp:attachment":[{"href":"https:\/\/www.jsv-bernau.de\/jsv\/wp-json\/wp\/v2\/media?parent=124"}],"wp:term":[{"taxonomy":"category","embeddable":true,"href":"https:\/\/www.jsv-bernau.de\/jsv\/wp-json\/wp\/v2\/categories?post=124"},{"taxonomy":"post_tag","embeddable":true,"href":"https:\/\/www.jsv-bernau.de\/jsv\/wp-json\/wp\/v2\/tags?post=124"}],"curies":[{"name":"wp","href":"https:\/\/api.w.org\/{rel}","templated":true}]}}