{"id":1299,"date":"2015-02-07T22:26:32","date_gmt":"2015-02-07T22:26:32","guid":{"rendered":"https:\/\/www.jsv-bernau.de\/jsv\/?p=1299"},"modified":"2015-04-28T14:22:25","modified_gmt":"2015-04-28T14:22:25","slug":"rainer-pruefig-mit-dem-2-dan-geehrt","status":"publish","type":"post","link":"https:\/\/www.jsv-bernau.de\/jsv\/rainer-pruefig-mit-dem-2-dan-geehrt\/","title":{"rendered":"Rainer Pr\u00fcfig mit dem 2. Dan geehrt"},"content":{"rendered":"<p>Durch die Mitgliederversammlung des Brandenburgischen Judo Verbandes wurde, auf Vorschlag des JSV Bernau, dem Judoka Rainer Pr\u00fcfig der 2. Dan (Meistergrad) verliehen.<\/p>\n<p>Rainer bekam die Auszeichnung f\u00fcr seine jahrelangen kontinuierlichen Wettkampferfolge bei deutschen und internationalen Meisterschaften in den Altersklassen \u00dc 30 und \u00dc 50. Er trainiert seit 2008 im JSV Bernau, in der Trainingsgruppe \u00dc 30. Rainer konnte in dieser Zeit mehrfach vordere Pl\u00e4tze bei deutschen und internationalen Wettk\u00e4mpfen erringen. So belegte er 2012 bei der Deutschen Meisterschaft den 3.Platz, 2013 einen 2.Platz und in den Jahren 2010 und 2011 jeweils einen 9. und einen 7. Platz bei den Seniorenweltmeisterschaften.<!--more--><\/p>\n<p>Rainer begann seine Judolaufbahn als Siebenj\u00e4hriger beim Judoverein \u201ePSV Basdorf\u201c. Mit dem Beginn seiner Lehrzeit wechselte Rainer zum Berliner Verein \u201eSV Luftfahrt Berlin\u201c, wo er auch 1987 die Pr\u00fcfung zum 1. Kyu (brauner G\u00fcrtel) und am 24.05.2001 die Pr\u00fcfung zu 1. Dan (schwarzer G\u00fcrtel) bestand.<\/p>\n<p>Die \u00dcbergabe der Ernennungsurkunde und seines neuen schwarzen G\u00fcrtels erfolgte etwas \u00fcberraschend bei seinem Training durch den Vorsitzenden des JSV Bernau, Heiko Posselt, und seinen Trainern Hendrik Krause und Frank Opitz.<\/p>\n<p>Siehe auch hier: <a title=\"Brandenburgischer Judo-Verband e.V.\" href=\"http:\/\/www.bjv-judo.de\/startseite\/aktuelles\/article\/2-dan-fuer-rainer-pruefig.html\" target=\"_blank\">Brandenburgischer Judo-Verband e.V.<\/a><\/p>\n<p><a href=\"https:\/\/www.jsv-bernau.de\/jsv\/wp-content\/uploads\/post\/1299\/IMG_2729.jpg\"><img loading=\"lazy\" decoding=\"async\" class=\"colorbox-0001299 alignleft wp-image-1302 size-medium\" src=\"https:\/\/www.jsv-bernau.de\/jsv\/wp-content\/uploads\/post\/1299\/IMG_2729-330x220.jpg\" alt=\"IMG_2729\" width=\"330\" height=\"220\" \/><\/a>\u00a0<a href=\"https:\/\/www.jsv-bernau.de\/jsv\/wp-content\/uploads\/post\/1299\/IMG_2727.jpg\"><img loading=\"lazy\" decoding=\"async\" class=\"colorbox-0001299 alignleft wp-image-1301 size-medium\" src=\"https:\/\/www.jsv-bernau.de\/jsv\/wp-content\/uploads\/post\/1299\/IMG_2727-330x220.jpg\" alt=\"IMG_2727\" width=\"330\" height=\"220\" \/><\/a><\/p>\n<p>&nbsp;<\/p>\n","protected":false},"excerpt":{"rendered":"<p>Durch die Mitgliederversammlung des Brandenburgischen Judo Verbandes wurde, auf Vorschlag des JSV Bernau, dem Judoka Rainer Pr\u00fcfig der 2. Dan (Meistergrad) verliehen. Rainer bekam die Auszeichnung f\u00fcr seine jahrelangen kontinuierlichen Wettkampferfolge bei deutschen und internationalen Meisterschaften in den Altersklassen \u00dc 30 und \u00dc 50. Er trainiert seit 2008 im JSV Bernau, in der Trainingsgruppe \u00dc 30. Rainer konnte in dieser Zeit mehrfach vordere Pl\u00e4tze bei deutschen und internationalen Wettk\u00e4mpfen erringen. So belegte er 2012 bei der Deutschen Meisterschaft den 3.Platz, 2013 einen 2.Platz und in den Jahren 2010 und 2011 jeweils einen 9. und einen 7. Platz bei den Seniorenweltmeisterschaften.<\/p>\n","protected":false},"author":5,"featured_media":1300,"comment_status":"closed","ping_status":"open","sticky":false,"template":"","format":"standard","meta":{"ngg_post_thumbnail":0,"jetpack_post_was_ever_published":false,"_jetpack_newsletter_access":"","_jetpack_dont_email_post_to_subs":false,"_jetpack_newsletter_tier_id":0,"_jetpack_memberships_contains_paywalled_content":false,"_jetpack_memberships_contains_paid_content":false,"footnotes":""},"categories":[5],"tags":[37,38,36,34,35],"class_list":["post-1299","post","type-post","status-publish","format-standard","has-post-thumbnail","hentry","category-news","tag-2-dan","tag-ehrung","tag-pruefig","tag-ue30","tag-ue50"],"jetpack_featured_media_url":"https:\/\/www.jsv-bernau.de\/jsv\/wp-content\/uploads\/post\/1299\/IMG_2733.jpg","jetpack_shortlink":"https:\/\/wp.me\/p5TGCK-kX","jetpack_sharing_enabled":true,"_links":{"self":[{"href":"https:\/\/www.jsv-bernau.de\/jsv\/wp-json\/wp\/v2\/posts\/1299","targetHints":{"allow":["GET"]}}],"collection":[{"href":"https:\/\/www.jsv-bernau.de\/jsv\/wp-json\/wp\/v2\/posts"}],"about":[{"href":"https:\/\/www.jsv-bernau.de\/jsv\/wp-json\/wp\/v2\/types\/post"}],"author":[{"embeddable":true,"href":"https:\/\/www.jsv-bernau.de\/jsv\/wp-json\/wp\/v2\/users\/5"}],"replies":[{"embeddable":true,"href":"https:\/\/www.jsv-bernau.de\/jsv\/wp-json\/wp\/v2\/comments?post=1299"}],"version-history":[{"count":1,"href":"https:\/\/www.jsv-bernau.de\/jsv\/wp-json\/wp\/v2\/posts\/1299\/revisions"}],"predecessor-version":[{"id":1518,"href":"https:\/\/www.jsv-bernau.de\/jsv\/wp-json\/wp\/v2\/posts\/1299\/revisions\/1518"}],"wp:featuredmedia":[{"embeddable":true,"href":"https:\/\/www.jsv-bernau.de\/jsv\/wp-json\/wp\/v2\/media\/1300"}],"wp:attachment":[{"href":"https:\/\/www.jsv-bernau.de\/jsv\/wp-json\/wp\/v2\/media?parent=1299"}],"wp:term":[{"taxonomy":"category","embeddable":true,"href":"https:\/\/www.jsv-bernau.de\/jsv\/wp-json\/wp\/v2\/categories?post=1299"},{"taxonomy":"post_tag","embeddable":true,"href":"https:\/\/www.jsv-bernau.de\/jsv\/wp-json\/wp\/v2\/tags?post=1299"}],"curies":[{"name":"wp","href":"https:\/\/api.w.org\/{rel}","templated":true}]}}