{"id":130,"date":"2011-01-15T22:15:45","date_gmt":"2011-01-15T22:15:45","guid":{"rendered":"https:\/\/www.jsv-bernau.de\/jsv\/?p=130"},"modified":"2015-05-13T07:55:53","modified_gmt":"2015-05-13T05:55:53","slug":"jahresauftakt-mit-8-judomedaillen","status":"publish","type":"post","link":"https:\/\/www.jsv-bernau.de\/jsv\/jahresauftakt-mit-8-judomedaillen\/","title":{"rendered":"Jahresauftakt mit 8 Judomedaillen"},"content":{"rendered":"<p>Die jungen Judoka der Altersklasse U10 des PSV Bernau er\u00f6ffneten in Strausberg das Wettkampfjahr 2011.<\/p>\n<p>Dieses Einzel-Turnier am 15.01.2011 diente als Standortbestimmung f\u00fcr den Judonachwuchs des PSV, nachdem im Januar der allj\u00e4hrliche Altersklassenwechsel vollzogen wurde. Mit einigen &#8222;Neu&#8220;-Wettk\u00e4mpfern angetreten, wurde ein mehr als achtbares Resultat erzielt und der erste Wettkampf im neuen Jahr erfolgreich gemeistert.<!--more--><\/p>\n<p>&#8222;Holprig&#8220; verlief der Turnierauftakt f\u00fcr Vadim Smotrin, nach dieser Niederlage zeigte er wieder seine alten St\u00e4rken und Siegeswillen und konnte seine beiden folgenden K\u00e4mpfe jeweils mit Ippon (voller Punkt vor Ende der Kampfzeit) gewinnen und somit einen tollen 2. Platz erk\u00e4mpfen.<\/p>\n<p>Ein reines Bernauer Finale gab es in der Gewichtsklasse bis 25 kg. Nach je zwei Siegen standen sich im Finale Ian Willendorf und Ben Troche gegen\u00fcber! Eine mittlere Wertung (Yuko) entschied den Kampf zu Gunsten von Ian, der an diesem Tag aggressiv und technisch vielseitig agierte und verdient die Goldmedaille erk\u00e4mpfte! Die erk\u00e4mpfte Silbermedaille ist f\u00fcr Ben ein toller Erfolg, war es doch sein erster Wettkampf \u00fcberhaupt.<\/p>\n<p>Die von Sophie Kirschner, Lea Elisa Kowalk, Maximilian Bachnick, Steven F\u00fcnfst\u00fcck und Erik Tegeler erk\u00e4mpften Bronzemedaillen rundeten das \u00fcberraschend gute Abschneiden der Judoka des PSV Bernau noch ab.<\/p>\n","protected":false},"excerpt":{"rendered":"<p>Die jungen Judoka der Altersklasse U10 des PSV Bernau er\u00f6ffneten in Strausberg das Wettkampfjahr 2011. Dieses Einzel-Turnier am 15.01.2011 diente als Standortbestimmung f\u00fcr den Judonachwuchs des PSV, nachdem im Januar der allj\u00e4hrliche Altersklassenwechsel vollzogen wurde. Mit einigen &#8222;Neu&#8220;-Wettk\u00e4mpfern angetreten, wurde ein mehr als achtbares Resultat erzielt und der erste Wettkampf im neuen Jahr erfolgreich gemeistert.<\/p>\n","protected":false},"author":3,"featured_media":0,"comment_status":"closed","ping_status":"open","sticky":false,"template":"","format":"standard","meta":{"ngg_post_thumbnail":0,"jetpack_post_was_ever_published":false,"_jetpack_newsletter_access":"","_jetpack_dont_email_post_to_subs":false,"_jetpack_newsletter_tier_id":0,"_jetpack_memberships_contains_paywalled_content":false,"_jetpack_memberships_contains_paid_content":false,"footnotes":""},"categories":[3],"tags":[313,277,312,195,127,85,39,314,125,74,315],"class_list":["post-130","post","type-post","status-publish","format-standard","hentry","category-ergebnisse","tag-bachnick","tag-fuenfstueck","tag-kirschner","tag-kowalk","tag-schlicht","tag-smotrin","tag-strausberg","tag-tegeler","tag-troche","tag-u10","tag-willendorf"],"jetpack_featured_media_url":"","jetpack_shortlink":"https:\/\/wp.me\/p5TGCK-26","jetpack_sharing_enabled":true,"_links":{"self":[{"href":"https:\/\/www.jsv-bernau.de\/jsv\/wp-json\/wp\/v2\/posts\/130","targetHints":{"allow":["GET"]}}],"collection":[{"href":"https:\/\/www.jsv-bernau.de\/jsv\/wp-json\/wp\/v2\/posts"}],"about":[{"href":"https:\/\/www.jsv-bernau.de\/jsv\/wp-json\/wp\/v2\/types\/post"}],"author":[{"embeddable":true,"href":"https:\/\/www.jsv-bernau.de\/jsv\/wp-json\/wp\/v2\/users\/3"}],"replies":[{"embeddable":true,"href":"https:\/\/www.jsv-bernau.de\/jsv\/wp-json\/wp\/v2\/comments?post=130"}],"version-history":[{"count":2,"href":"https:\/\/www.jsv-bernau.de\/jsv\/wp-json\/wp\/v2\/posts\/130\/revisions"}],"predecessor-version":[{"id":3346,"href":"https:\/\/www.jsv-bernau.de\/jsv\/wp-json\/wp\/v2\/posts\/130\/revisions\/3346"}],"wp:attachment":[{"href":"https:\/\/www.jsv-bernau.de\/jsv\/wp-json\/wp\/v2\/media?parent=130"}],"wp:term":[{"taxonomy":"category","embeddable":true,"href":"https:\/\/www.jsv-bernau.de\/jsv\/wp-json\/wp\/v2\/categories?post=130"},{"taxonomy":"post_tag","embeddable":true,"href":"https:\/\/www.jsv-bernau.de\/jsv\/wp-json\/wp\/v2\/tags?post=130"}],"curies":[{"name":"wp","href":"https:\/\/api.w.org\/{rel}","templated":true}]}}