{"id":164,"date":"2014-09-27T00:10:58","date_gmt":"2014-09-27T00:10:58","guid":{"rendered":"https:\/\/www.jsv-bernau.de\/jsv\/?p=164"},"modified":"2015-05-28T01:24:15","modified_gmt":"2015-05-27T23:24:15","slug":"die-jungen-kaempfer-des-psv-bernau-sorgen-fuer-siege-in-der-landesliga","status":"publish","type":"post","link":"https:\/\/www.jsv-bernau.de\/jsv\/die-jungen-kaempfer-des-psv-bernau-sorgen-fuer-siege-in-der-landesliga\/","title":{"rendered":"Die Jungen K\u00e4mpfer des PSV Bernau sorgen f\u00fcr Siege in der Landesliga"},"content":{"rendered":"<p>Am Samstag den 27.09.2014 hatten die K\u00e4mpfer der Landesligamannschaft des PSV Bernau Judo ihren 2. Kampftag der Saison. Gastgeber war diesmal der JC Eberswalde und so zog es die Bernauer in die Waldstadt. Bis in die Haarspitzen motiviert waren vor allem die jungen K\u00e4mpfer der Mannschaft.<!--more--> Aufgrund von Verletzungen und diverser beruflicher Verhinderungen musste Trainer Ott diesmal auf einen kleinen Kader von nur 7 K\u00e4mpfern zur\u00fcckgreifen. Viele Stammk\u00e4mpfer mit Erfahrung mussten passen. Somit konnte und musste Otti den Nachwuchs in der M\u00e4nnermannschaft auf viele K\u00e4mpfe und auch auf Kampfpremieren einstellen. Allem voran sind die Leistungen des erst 17-j\u00e4hringen Theo Herz und Moritz Gericke zu nennen. Der Trainingsweltmeister Theo hatte gleich seine Premiere auf der Tatami bis 66kg. Hoch motiviert und gut auf seine Gegner eingestellt f\u00e4hrt er 2 wichtige Siege ein und zeigt sich f\u00fcr die Zukunft als hoffnungsvolle St\u00fctze der Bernauer im Limit 66 Kg. In gleicher Form agierte Moritz Gericke. Er sorgte f\u00fcr 3 hervorragende Siege und setzte als Sportler der U21 im M\u00e4nnerbereich ein Ausrufezeichen. Lange k\u00e4mpfte er bei den vorhergehenden K\u00e4mpfen mit angezogener Handbremse und brachte sich somit um den verdienten Lohn. Der Trainer bat ihm, jetzt die Bremse zu l\u00f6sen und frei auf zu k\u00e4mpfen. Und das tat Moritz eindrucksvoll in seinen drei K\u00e4mpfen mit super Techniken im Stand und Boden.<\/p>\n<p>In der ersten Begegnung des Tages hatten die Bernauer es mit der Kampfgemeinschaft Treuenbrietzen\/Ludwigsfelde zu tun. Durch Siege von Theo Herz (-66Kg), Moritz Gericke (-73) und Markus Burkhardt (-81Kg) hie\u00df das Ergebnis 3:2 f\u00fcr Bernau.<\/p>\n<p>Die offensichtlich st\u00e4rkste Mannschaft der Saison, der KSC Strausberg wartete im zweiten Kampf. Hier konnte sich lediglich Moritz in der Klasse -73 Kg durchsetzen. In der Klasse bis -90 Kg zeigte Paul Weber-Markert eine beherzte Leistung gegen den starken Max L\u00fcders. Er warf seinen Gegner mit einem Ura-Nage (Konterwurf) klar auf dem R\u00fccken. Dies h\u00e4tte Ippon hei\u00dfen m\u00fcssen und damit Sieg f\u00fcr Paul. Auch der Strausberger Trainer hatte die gleiche Sicht. Die Kampfrichter gaben jedoch lediglich einen Waza-Ari (Halber Punkt) und so musste der Kampf fortgesetzt werden. Paul konnte den Vorsprung leider nicht halten und Unterlag am Ende. Ergebnis: 4:1.<\/p>\n<p>Gegen Gegner Drei aus Cottbus kam es zu einem ungl\u00fccklichen Ergebnis. Die sonst im Bodenkampf so starken Bernauer verloren 2 K\u00e4mpfe in eben diesem Bereich. Mannschaftskapit\u00e4n Frank Friedrich (- 73 Kg) und Markus Burkhardt (-81 Kg) verloren auf W\u00fcrgetechniken. Theo Herz hatte bei einem Schulterwurf das Nachsehen. Jedoch konnten die Bernauer in den schweren Gewichtsklassen Siegen. Enrico Wittwer im absoluten Schwergeweicht und Paul Weber-Markert (-90 Kg) sorgten f\u00fcr die Anschlusspunkte f\u00fcr das Ergebnis 3:2.<\/p>\n<p>Einen starken Auftritt zeigten die K\u00e4mpfer in der Schlussbegegnung gegen ihre Konkurrenten aus dem Oberbarnim. Mit 4 Siegen und einer Niederlage zeigten sich die Bernauer noch mal von ihrer besten Seite.<\/p>\n<p>Die gezeigten Leistungen machten den Bernauer Cheftrainer stolz. \u201eWenn die Jungs beim n\u00e4chsten Kampftag wieder so gut drauf sind und die Mannschaft wieder voll besetzt ist, dann ist da noch mehr drin!\u201c.<\/p>\n<p>Der n\u00e4chste Kampftag findet am 11.10.2014 in Cottbus statt.<\/p>\n","protected":false},"excerpt":{"rendered":"<p>Am Samstag den 27.09.2014 hatten die K\u00e4mpfer der Landesligamannschaft des PSV Bernau Judo ihren 2. Kampftag der Saison. Gastgeber war diesmal der JC Eberswalde und so zog es die Bernauer in die Waldstadt. Bis in die Haarspitzen motiviert waren vor allem die jungen K\u00e4mpfer der Mannschaft.<\/p>\n","protected":false},"author":4,"featured_media":1737,"comment_status":"closed","ping_status":"open","sticky":false,"template":"","format":"standard","meta":{"ngg_post_thumbnail":0,"jetpack_post_was_ever_published":false,"_jetpack_newsletter_access":"","_jetpack_dont_email_post_to_subs":false,"_jetpack_newsletter_tier_id":0,"_jetpack_memberships_contains_paywalled_content":false,"_jetpack_memberships_contains_paid_content":false,"footnotes":""},"categories":[3],"tags":[63,62,61,25,60,59,22,99,64,65],"class_list":["post-164","post","type-post","status-publish","format-standard","has-post-thumbnail","hentry","category-ergebnisse","tag-burkhardt","tag-friedrich","tag-gericke","tag-herz","tag-lali","tag-landesliga","tag-maenner","tag-ott","tag-weber-markert","tag-wittwer"],"jetpack_featured_media_url":"https:\/\/www.jsv-bernau.de\/jsv\/wp-content\/uploads\/post\/1475\/platzhalter_2100x800_2.jpg","jetpack_shortlink":"https:\/\/wp.me\/p5TGCK-2E","jetpack_sharing_enabled":true,"_links":{"self":[{"href":"https:\/\/www.jsv-bernau.de\/jsv\/wp-json\/wp\/v2\/posts\/164","targetHints":{"allow":["GET"]}}],"collection":[{"href":"https:\/\/www.jsv-bernau.de\/jsv\/wp-json\/wp\/v2\/posts"}],"about":[{"href":"https:\/\/www.jsv-bernau.de\/jsv\/wp-json\/wp\/v2\/types\/post"}],"author":[{"embeddable":true,"href":"https:\/\/www.jsv-bernau.de\/jsv\/wp-json\/wp\/v2\/users\/4"}],"replies":[{"embeddable":true,"href":"https:\/\/www.jsv-bernau.de\/jsv\/wp-json\/wp\/v2\/comments?post=164"}],"version-history":[{"count":1,"href":"https:\/\/www.jsv-bernau.de\/jsv\/wp-json\/wp\/v2\/posts\/164\/revisions"}],"predecessor-version":[{"id":1525,"href":"https:\/\/www.jsv-bernau.de\/jsv\/wp-json\/wp\/v2\/posts\/164\/revisions\/1525"}],"wp:featuredmedia":[{"embeddable":true,"href":"https:\/\/www.jsv-bernau.de\/jsv\/wp-json\/wp\/v2\/media\/1737"}],"wp:attachment":[{"href":"https:\/\/www.jsv-bernau.de\/jsv\/wp-json\/wp\/v2\/media?parent=164"}],"wp:term":[{"taxonomy":"category","embeddable":true,"href":"https:\/\/www.jsv-bernau.de\/jsv\/wp-json\/wp\/v2\/categories?post=164"},{"taxonomy":"post_tag","embeddable":true,"href":"https:\/\/www.jsv-bernau.de\/jsv\/wp-json\/wp\/v2\/tags?post=164"}],"curies":[{"name":"wp","href":"https:\/\/api.w.org\/{rel}","templated":true}]}}