{"id":199,"date":"2010-11-27T18:23:29","date_gmt":"2010-11-27T18:23:29","guid":{"rendered":"https:\/\/www.jsv-bernau.de\/jsv\/?p=199"},"modified":"2015-05-13T08:06:13","modified_gmt":"2015-05-13T06:06:13","slug":"franziska-pinske-ist-sportlerin-des-jahres-2010-im-barnim","status":"publish","type":"post","link":"https:\/\/www.jsv-bernau.de\/jsv\/franziska-pinske-ist-sportlerin-des-jahres-2010-im-barnim\/","title":{"rendered":"Franziska Pinske ist Sportlerin des Jahres 2010 im Barnim"},"content":{"rendered":"<p>Das Haus Schw\u00e4rzetal in Eberswalde war am 27.11.2010 der Austragungsort der Barnimer Sportlergala. Die Ausgangssituation f\u00fcr Franzi war gut, denn sie ging mit einem knappen Vorsprung der Leserstimmen aus der MOZ an den Start. Eine Jury aus Politik, Wirtschaft und Sport musste an diesem Abend \u00fcber die diesj\u00e4hrigen Platzierungen in den unterschiedlichen Kategorien entscheiden.<\/p>\n<p>Ob es die Aussage war, ich habe schon etwas getrunken und es geht mit gut oder ihre anderen Statements waren, bleibt das Geheimnis der Juroren. Aber auch denen sind die vielen Erfolge 2010 und den Jahren zuvor von Franzi nicht entgangen. Und so kam es, dass Franzi \u00fcbergl\u00fccklich, mit der h\u00f6chsten Punktzahl zur Sportlerin des Jahres gek\u00fcrt wurde.<!--more--><\/p>\n<p>Nach den Stimmen in der MOZ befand sich unser Landesligateam auf einem sehr guten dritten Platz. Unsere Jungs, mit ihrem Teamleader Ben verkauften sich an diesem Abend recht teuer. Mit ihrem Auftreten punkteten unsere Jungs vollends und sorgten f\u00fcr ein Novum auf der Gala. Denn pl\u00f6tzlich waren alle drei Teams punktgleich und das Reglement sorgte f\u00fcr die Entscheidung. Und das bedeutete, gut gek\u00e4mpft aber an den zu geringen Stimmen in der MOZ gescheitert und dennoch Platz drei gewonnen.<\/p>\n<p>Mit einem undankbaren vierten Platz musste sich schon im Vorfeld unser Deutscher Meister Martin Setz begn\u00fcgen, der aber trotzdem an diesem Tag einen sch\u00f6nen Abend mit dem Team, seinen Eltern und Trainern hatte.<\/p>\n<p>Der PSV Bernau benannte in diesem Jahr Franziska Pinke, Martin Setz und das Bronzelandesligateam zu ihren Sportlern des Jahres 2010. Dass es richtige Wahl war best\u00e4tigten uns auch die Juroren aus Politik, Wirtschaft und Sport.<\/p>\n<p>Auf diesem Wege w\u00fcnsche ich allen Judoka, Eltern und Judoverr\u00fcckten ein besinnliches Weihnachtsfest und einen guten Rutsch in das Jahr 2011!<\/p>\n<p>&nbsp;<\/p>\n<h5>Weitere Bilder:<\/h5>\n<div id='gallery-1' class='gallery galleryid-199 gallery-columns-4 gallery-size-thumbnail'><dl class='gallery-item'>\n\t\t\t<dt class='gallery-icon landscape'>\n\t\t\t\t<a href='https:\/\/www.jsv-bernau.de\/jsv\/wp-content\/uploads\/post\/199\/bild001.jpg'><img loading=\"lazy\" decoding=\"async\" width=\"420\" height=\"280\" src=\"https:\/\/www.jsv-bernau.de\/jsv\/wp-content\/uploads\/post\/199\/bild001-420x280.jpg\" class=\"attachment-thumbnail size-thumbnail\" alt=\"\" \/><\/a>\n\t\t\t<\/dt><\/dl><dl class='gallery-item'>\n\t\t\t<dt class='gallery-icon landscape'>\n\t\t\t\t<a href='https:\/\/www.jsv-bernau.de\/jsv\/wp-content\/uploads\/post\/199\/bild01.jpg'><img loading=\"lazy\" decoding=\"async\" width=\"420\" height=\"280\" src=\"https:\/\/www.jsv-bernau.de\/jsv\/wp-content\/uploads\/post\/199\/bild01-420x280.jpg\" class=\"attachment-thumbnail size-thumbnail\" alt=\"\" \/><\/a>\n\t\t\t<\/dt><\/dl><dl class='gallery-item'>\n\t\t\t<dt class='gallery-icon landscape'>\n\t\t\t\t<a href='https:\/\/www.jsv-bernau.de\/jsv\/wp-content\/uploads\/post\/199\/bild02.jpg'><img loading=\"lazy\" decoding=\"async\" width=\"420\" height=\"280\" src=\"https:\/\/www.jsv-bernau.de\/jsv\/wp-content\/uploads\/post\/199\/bild02-420x280.jpg\" class=\"attachment-thumbnail size-thumbnail\" alt=\"\" \/><\/a>\n\t\t\t<\/dt><\/dl><dl class='gallery-item'>\n\t\t\t<dt class='gallery-icon landscape'>\n\t\t\t\t<a href='https:\/\/www.jsv-bernau.de\/jsv\/wp-content\/uploads\/post\/199\/bild03.jpg'><img loading=\"lazy\" decoding=\"async\" width=\"420\" height=\"280\" src=\"https:\/\/www.jsv-bernau.de\/jsv\/wp-content\/uploads\/post\/199\/bild03-420x280.jpg\" class=\"attachment-thumbnail size-thumbnail\" alt=\"\" \/><\/a>\n\t\t\t<\/dt><\/dl><br style=\"clear: both\" \/><dl class='gallery-item'>\n\t\t\t<dt class='gallery-icon landscape'>\n\t\t\t\t<a href='https:\/\/www.jsv-bernau.de\/jsv\/wp-content\/uploads\/post\/199\/bild04.jpg'><img loading=\"lazy\" decoding=\"async\" width=\"420\" height=\"280\" src=\"https:\/\/www.jsv-bernau.de\/jsv\/wp-content\/uploads\/post\/199\/bild04-420x280.jpg\" class=\"attachment-thumbnail size-thumbnail\" alt=\"\" \/><\/a>\n\t\t\t<\/dt><\/dl><dl class='gallery-item'>\n\t\t\t<dt class='gallery-icon landscape'>\n\t\t\t\t<a href='https:\/\/www.jsv-bernau.de\/jsv\/wp-content\/uploads\/post\/199\/bild05.jpg'><img loading=\"lazy\" decoding=\"async\" width=\"420\" height=\"280\" src=\"https:\/\/www.jsv-bernau.de\/jsv\/wp-content\/uploads\/post\/199\/bild05-420x280.jpg\" class=\"attachment-thumbnail size-thumbnail\" alt=\"\" \/><\/a>\n\t\t\t<\/dt><\/dl><dl class='gallery-item'>\n\t\t\t<dt class='gallery-icon landscape'>\n\t\t\t\t<a href='https:\/\/www.jsv-bernau.de\/jsv\/wp-content\/uploads\/post\/199\/bild06.jpg'><img loading=\"lazy\" decoding=\"async\" width=\"420\" height=\"280\" src=\"https:\/\/www.jsv-bernau.de\/jsv\/wp-content\/uploads\/post\/199\/bild06-420x280.jpg\" class=\"attachment-thumbnail size-thumbnail\" alt=\"\" \/><\/a>\n\t\t\t<\/dt><\/dl><dl class='gallery-item'>\n\t\t\t<dt class='gallery-icon landscape'>\n\t\t\t\t<a href='https:\/\/www.jsv-bernau.de\/jsv\/wp-content\/uploads\/post\/199\/bild07.jpg'><img loading=\"lazy\" decoding=\"async\" width=\"420\" height=\"280\" src=\"https:\/\/www.jsv-bernau.de\/jsv\/wp-content\/uploads\/post\/199\/bild07-420x280.jpg\" class=\"attachment-thumbnail size-thumbnail\" alt=\"\" \/><\/a>\n\t\t\t<\/dt><\/dl><br style=\"clear: both\" \/><dl class='gallery-item'>\n\t\t\t<dt class='gallery-icon landscape'>\n\t\t\t\t<a href='https:\/\/www.jsv-bernau.de\/jsv\/wp-content\/uploads\/post\/199\/bild08.jpg'><img loading=\"lazy\" decoding=\"async\" width=\"420\" height=\"280\" src=\"https:\/\/www.jsv-bernau.de\/jsv\/wp-content\/uploads\/post\/199\/bild08-420x280.jpg\" class=\"attachment-thumbnail size-thumbnail\" alt=\"\" \/><\/a>\n\t\t\t<\/dt><\/dl><dl class='gallery-item'>\n\t\t\t<dt class='gallery-icon landscape'>\n\t\t\t\t<a href='https:\/\/www.jsv-bernau.de\/jsv\/wp-content\/uploads\/post\/199\/bild09.jpg'><img loading=\"lazy\" decoding=\"async\" width=\"420\" height=\"280\" src=\"https:\/\/www.jsv-bernau.de\/jsv\/wp-content\/uploads\/post\/199\/bild09-420x280.jpg\" class=\"attachment-thumbnail size-thumbnail\" alt=\"\" \/><\/a>\n\t\t\t<\/dt><\/dl><dl class='gallery-item'>\n\t\t\t<dt class='gallery-icon landscape'>\n\t\t\t\t<a href='https:\/\/www.jsv-bernau.de\/jsv\/wp-content\/uploads\/post\/199\/bild10.jpg'><img loading=\"lazy\" decoding=\"async\" width=\"420\" height=\"280\" src=\"https:\/\/www.jsv-bernau.de\/jsv\/wp-content\/uploads\/post\/199\/bild10-420x280.jpg\" class=\"attachment-thumbnail size-thumbnail\" alt=\"\" \/><\/a>\n\t\t\t<\/dt><\/dl>\n\t\t\t<br style='clear: both' \/>\n\t\t<\/div>\n\n","protected":false},"excerpt":{"rendered":"<p>Das Haus Schw\u00e4rzetal in Eberswalde war am 27.11.2010 der Austragungsort der Barnimer Sportlergala. Die Ausgangssituation f\u00fcr Franzi war gut, denn sie ging mit einem knappen Vorsprung der Leserstimmen aus der MOZ an den Start. Eine Jury aus Politik, Wirtschaft und Sport musste an diesem Abend \u00fcber die diesj\u00e4hrigen Platzierungen in den unterschiedlichen Kategorien entscheiden. Ob es die Aussage war, ich habe schon etwas getrunken und es geht mit gut oder ihre anderen Statements waren, bleibt das Geheimnis der Juroren. Aber auch denen sind die vielen Erfolge 2010 und den Jahren zuvor von Franzi nicht entgangen. Und so kam es, dass Franzi \u00fcbergl\u00fccklich, mit der h\u00f6chsten Punktzahl zur Sportlerin des Jahres gek\u00fcrt wurde.<\/p>\n","protected":false},"author":6,"featured_media":200,"comment_status":"closed","ping_status":"open","sticky":false,"template":"","format":"standard","meta":{"ngg_post_thumbnail":0,"jetpack_post_was_ever_published":false,"_jetpack_newsletter_access":"","_jetpack_dont_email_post_to_subs":false,"_jetpack_newsletter_tier_id":0,"_jetpack_memberships_contains_paywalled_content":false,"_jetpack_memberships_contains_paid_content":false,"footnotes":""},"categories":[5],"tags":[324,167,192,29,323],"class_list":["post-199","post","type-post","status-publish","format-standard","has-post-thumbnail","hentry","category-news","tag-eberswalde","tag-landesligateam","tag-pinske","tag-setz","tag-sportler-des-jahres"],"jetpack_featured_media_url":"https:\/\/www.jsv-bernau.de\/jsv\/wp-content\/uploads\/post\/199\/bild00.jpg","jetpack_shortlink":"https:\/\/wp.me\/p5TGCK-3d","jetpack_sharing_enabled":true,"_links":{"self":[{"href":"https:\/\/www.jsv-bernau.de\/jsv\/wp-json\/wp\/v2\/posts\/199","targetHints":{"allow":["GET"]}}],"collection":[{"href":"https:\/\/www.jsv-bernau.de\/jsv\/wp-json\/wp\/v2\/posts"}],"about":[{"href":"https:\/\/www.jsv-bernau.de\/jsv\/wp-json\/wp\/v2\/types\/post"}],"author":[{"embeddable":true,"href":"https:\/\/www.jsv-bernau.de\/jsv\/wp-json\/wp\/v2\/users\/6"}],"replies":[{"embeddable":true,"href":"https:\/\/www.jsv-bernau.de\/jsv\/wp-json\/wp\/v2\/comments?post=199"}],"version-history":[{"count":1,"href":"https:\/\/www.jsv-bernau.de\/jsv\/wp-json\/wp\/v2\/posts\/199\/revisions"}],"predecessor-version":[{"id":3350,"href":"https:\/\/www.jsv-bernau.de\/jsv\/wp-json\/wp\/v2\/posts\/199\/revisions\/3350"}],"wp:featuredmedia":[{"embeddable":true,"href":"https:\/\/www.jsv-bernau.de\/jsv\/wp-json\/wp\/v2\/media\/200"}],"wp:attachment":[{"href":"https:\/\/www.jsv-bernau.de\/jsv\/wp-json\/wp\/v2\/media?parent=199"}],"wp:term":[{"taxonomy":"category","embeddable":true,"href":"https:\/\/www.jsv-bernau.de\/jsv\/wp-json\/wp\/v2\/categories?post=199"},{"taxonomy":"post_tag","embeddable":true,"href":"https:\/\/www.jsv-bernau.de\/jsv\/wp-json\/wp\/v2\/tags?post=199"}],"curies":[{"name":"wp","href":"https:\/\/api.w.org\/{rel}","templated":true}]}}