{"id":213,"date":"2011-03-23T18:56:19","date_gmt":"2011-03-23T18:56:19","guid":{"rendered":"https:\/\/www.jsv-bernau.de\/jsv\/?p=213"},"modified":"2015-05-13T07:32:30","modified_gmt":"2015-05-13T05:32:30","slug":"10-jaehriges-jubilaeum-der-ue30-trainingsgruppe-in-bernau","status":"publish","type":"post","link":"https:\/\/www.jsv-bernau.de\/jsv\/10-jaehriges-jubilaeum-der-ue30-trainingsgruppe-in-bernau\/","title":{"rendered":"10-j\u00e4hriges Jubil\u00e4um der \u00dc30-Trainingsgruppe in Bernau"},"content":{"rendered":"<p>Seit mehr als zehn Jahren besteht die Trainingsgruppe der \u00fcber 30-j\u00e4hrigen Judoka beim PSV Bernau. Dieses Jubil\u00e4um nahm der Verein zum Anlass, all jene zw\u00f6lf Sportbegeisterten einzuladen, die bei der Gr\u00fcndung dieser Trainingsgruppe unter Trainer Frank Opitz im Jahr 2001 mitwirkten.<\/p>\n<p>Sie setzte sich damals zum gro\u00dfen Teil aus Eltern zusammen, die Judo \u00fcber ihre Kinder kennenlernten oder aus der eigenen Jugendzeit kannten und weiterf\u00fchren wollten. Gegenw\u00e4rtig z\u00e4hlt diese Judo-Gruppe mit einem Altersdurchschnitt von \u00fcber 41 Jahren sowie drei Trainern 28 Sportler als Mitglieder. Damit ist sie eine der gr\u00f6\u00dften im Land.<!--more--><\/p>\n<p>Nach einem gem\u00fctlichen Beisammensein wurde der Jubil\u00e4umsabend mit der Besichtigung der Dreifeld- und Kampfsporthalle sowie einer Kyu-Pr\u00fcfung der jetzigen \u00dc30-Trainingsgruppe fortgef\u00fchrt. Acht Kandidaten stellten sich der Pr\u00fcfung zum n\u00e4chst h\u00f6heren Kyugrad. Von Anfang an mit dabei, legten Ralf Luba die Anforderungen zum 2. Kyu und Carsten Schmidt zum 4. Kyu ab. Die Pr\u00fcfer Hartmut Ott (4. Dan) und Stefan Niesecke (3. Dan) bescheinigten allen Sportlern fundierte Kenntnisse und einen guten Ausbildungsstand.<\/p>\n<p>Den zeigen auch Platzierungen bei deutschen und internationalen Meisterschaften. So gewannen die Bernauer \u00dc30-K\u00e4mpfer 2010 mit zwei ersten Pl\u00e4tzen sowie drei zweiten, drei dritten und einem f\u00fcnften Platz die Mannschaftswertung. Vordere Platzierungen erk\u00e4mpften sie bei den deutschen \u00dc30-Meisterschaften in Heilbronn und bei den Europameisterschaften in Budapest.<\/p>\n<p>Nach der gelungenen Pr\u00fcfung und Jubil\u00e4umsveranstaltung bleibt der Wunsch nach Wiederholung und neuen sportlichen Erfolgen.<\/p>\n<p>&nbsp;<\/p>\n<h5>Weitere Bilder:<\/h5>\n<div id='gallery-1' class='gallery galleryid-213 gallery-columns-4 gallery-size-thumbnail'><dl class='gallery-item'>\n\t\t\t<dt class='gallery-icon landscape'>\n\t\t\t\t<a href='https:\/\/www.jsv-bernau.de\/jsv\/wp-content\/uploads\/post\/213\/78.jpg'><img loading=\"lazy\" decoding=\"async\" width=\"420\" height=\"280\" src=\"https:\/\/www.jsv-bernau.de\/jsv\/wp-content\/uploads\/post\/213\/78-420x280.jpg\" class=\"attachment-thumbnail size-thumbnail\" alt=\"\" \/><\/a>\n\t\t\t<\/dt><\/dl><dl class='gallery-item'>\n\t\t\t<dt class='gallery-icon landscape'>\n\t\t\t\t<a href='https:\/\/www.jsv-bernau.de\/jsv\/wp-content\/uploads\/post\/213\/79.jpg'><img loading=\"lazy\" decoding=\"async\" width=\"420\" height=\"280\" src=\"https:\/\/www.jsv-bernau.de\/jsv\/wp-content\/uploads\/post\/213\/79-420x280.jpg\" class=\"attachment-thumbnail size-thumbnail\" alt=\"\" \/><\/a>\n\t\t\t<\/dt><\/dl><dl class='gallery-item'>\n\t\t\t<dt class='gallery-icon landscape'>\n\t\t\t\t<a href='https:\/\/www.jsv-bernau.de\/jsv\/wp-content\/uploads\/post\/213\/80.jpg'><img loading=\"lazy\" decoding=\"async\" width=\"420\" height=\"280\" src=\"https:\/\/www.jsv-bernau.de\/jsv\/wp-content\/uploads\/post\/213\/80-420x280.jpg\" class=\"attachment-thumbnail size-thumbnail\" alt=\"\" \/><\/a>\n\t\t\t<\/dt><\/dl><dl class='gallery-item'>\n\t\t\t<dt class='gallery-icon landscape'>\n\t\t\t\t<a href='https:\/\/www.jsv-bernau.de\/jsv\/wp-content\/uploads\/post\/213\/811.jpg'><img loading=\"lazy\" decoding=\"async\" width=\"420\" height=\"280\" src=\"https:\/\/www.jsv-bernau.de\/jsv\/wp-content\/uploads\/post\/213\/811-420x280.jpg\" class=\"attachment-thumbnail size-thumbnail\" alt=\"\" \/><\/a>\n\t\t\t<\/dt><\/dl><br style=\"clear: both\" \/><dl class='gallery-item'>\n\t\t\t<dt class='gallery-icon landscape'>\n\t\t\t\t<a href='https:\/\/www.jsv-bernau.de\/jsv\/wp-content\/uploads\/post\/213\/82.jpg'><img loading=\"lazy\" decoding=\"async\" width=\"420\" height=\"280\" src=\"https:\/\/www.jsv-bernau.de\/jsv\/wp-content\/uploads\/post\/213\/82-420x280.jpg\" class=\"attachment-thumbnail size-thumbnail\" alt=\"\" \/><\/a>\n\t\t\t<\/dt><\/dl><dl class='gallery-item'>\n\t\t\t<dt class='gallery-icon landscape'>\n\t\t\t\t<a href='https:\/\/www.jsv-bernau.de\/jsv\/wp-content\/uploads\/post\/213\/84.jpg'><img loading=\"lazy\" decoding=\"async\" width=\"420\" height=\"280\" src=\"https:\/\/www.jsv-bernau.de\/jsv\/wp-content\/uploads\/post\/213\/84-420x280.jpg\" class=\"attachment-thumbnail size-thumbnail\" alt=\"\" \/><\/a>\n\t\t\t<\/dt><\/dl>\n\t\t\t<br style='clear: both' \/>\n\t\t<\/div>\n\n","protected":false},"excerpt":{"rendered":"<p>Seit mehr als zehn Jahren besteht die Trainingsgruppe der \u00fcber 30-j\u00e4hrigen Judoka beim PSV Bernau. Dieses Jubil\u00e4um nahm der Verein zum Anlass, all jene zw\u00f6lf Sportbegeisterten einzuladen, die bei der Gr\u00fcndung dieser Trainingsgruppe unter Trainer Frank Opitz im Jahr 2001 mitwirkten. Sie setzte sich damals zum gro\u00dfen Teil aus Eltern zusammen, die Judo \u00fcber ihre Kinder kennenlernten oder aus der eigenen Jugendzeit kannten und weiterf\u00fchren wollten. Gegenw\u00e4rtig z\u00e4hlt diese Judo-Gruppe mit einem Altersdurchschnitt von \u00fcber 41 Jahren sowie drei Trainern 28 Sportler als Mitglieder. Damit ist sie eine der gr\u00f6\u00dften im Land.<\/p>\n","protected":false},"author":5,"featured_media":214,"comment_status":"closed","ping_status":"open","sticky":false,"template":"","format":"standard","meta":{"ngg_post_thumbnail":0,"jetpack_post_was_ever_published":false,"_jetpack_newsletter_access":"","_jetpack_dont_email_post_to_subs":false,"_jetpack_newsletter_tier_id":0,"_jetpack_memberships_contains_paywalled_content":false,"_jetpack_memberships_contains_paid_content":false,"footnotes":""},"categories":[5],"tags":[300,185,299,128,34],"class_list":["post-213","post","type-post","status-publish","format-standard","has-post-thumbnail","hentry","category-news","tag-10-jaehriges","tag-bannier","tag-jubilaeum","tag-opitz","tag-ue30"],"jetpack_featured_media_url":"https:\/\/www.jsv-bernau.de\/jsv\/wp-content\/uploads\/post\/213\/81.jpg","jetpack_shortlink":"https:\/\/wp.me\/p5TGCK-3r","jetpack_sharing_enabled":true,"_links":{"self":[{"href":"https:\/\/www.jsv-bernau.de\/jsv\/wp-json\/wp\/v2\/posts\/213","targetHints":{"allow":["GET"]}}],"collection":[{"href":"https:\/\/www.jsv-bernau.de\/jsv\/wp-json\/wp\/v2\/posts"}],"about":[{"href":"https:\/\/www.jsv-bernau.de\/jsv\/wp-json\/wp\/v2\/types\/post"}],"author":[{"embeddable":true,"href":"https:\/\/www.jsv-bernau.de\/jsv\/wp-json\/wp\/v2\/users\/5"}],"replies":[{"embeddable":true,"href":"https:\/\/www.jsv-bernau.de\/jsv\/wp-json\/wp\/v2\/comments?post=213"}],"version-history":[{"count":1,"href":"https:\/\/www.jsv-bernau.de\/jsv\/wp-json\/wp\/v2\/posts\/213\/revisions"}],"predecessor-version":[{"id":3337,"href":"https:\/\/www.jsv-bernau.de\/jsv\/wp-json\/wp\/v2\/posts\/213\/revisions\/3337"}],"wp:featuredmedia":[{"embeddable":true,"href":"https:\/\/www.jsv-bernau.de\/jsv\/wp-json\/wp\/v2\/media\/214"}],"wp:attachment":[{"href":"https:\/\/www.jsv-bernau.de\/jsv\/wp-json\/wp\/v2\/media?parent=213"}],"wp:term":[{"taxonomy":"category","embeddable":true,"href":"https:\/\/www.jsv-bernau.de\/jsv\/wp-json\/wp\/v2\/categories?post=213"},{"taxonomy":"post_tag","embeddable":true,"href":"https:\/\/www.jsv-bernau.de\/jsv\/wp-json\/wp\/v2\/tags?post=213"}],"curies":[{"name":"wp","href":"https:\/\/api.w.org\/{rel}","templated":true}]}}