{"id":233,"date":"2012-04-05T19:48:49","date_gmt":"2012-04-05T19:48:49","guid":{"rendered":"https:\/\/www.jsv-bernau.de\/jsv\/?p=233"},"modified":"2015-05-12T08:44:04","modified_gmt":"2015-05-12T06:44:04","slug":"guertelpruefung-in-biesenthal","status":"publish","type":"post","link":"https:\/\/www.jsv-bernau.de\/jsv\/guertelpruefung-in-biesenthal\/","title":{"rendered":"G\u00fcrtelpr\u00fcfung in Biesenthal"},"content":{"rendered":"<p>Kurz vor den Osterfeiertagen gab es f\u00fcr einige junge Judoka des PSV Bernau noch ein ganz besonderes Highlight. Zehn Sportler der Trainingsgruppe in Biesenthal, einem der zwei Au\u00dfenst\u00fctzpunkte des PSV, legten die Pr\u00fcfung zum n\u00e4chst h\u00f6heren Kyu-Grad (G\u00fcrtel) ab.<\/p>\n<p>Die Aufregung war an diesem Tag nicht nur den Pr\u00fcflingen selbst anzumerken, denn auch viele Eltern, Geschwister und Bekannte fieberten in der gut gef\u00fcllten Schulsporthalle neben der Matte mit und dr\u00fcckten die Daumen.<\/p>\n<p>Doch auch die beiden Trainer der Gruppe Jessica Stache und Marco Patzwall waren recht angespannt. Sie hatten als Pr\u00fcfer zum einen ihren eigenen Trainer, den Cheftrainer des PSV Bernau, Hartmut Ott (4. Dan) und zum anderen, den \u00e4u\u00dferst erfolgreichen K\u00e4mpfer und Vizekapit\u00e4n der Spremberger Judo-Bundesligamannschaft Stefan Niesecke (3. Dan) eingeladen. W\u00e4hrend Hartmut Ott schon eine Reihe von G\u00fcrtelpr\u00fcfungen in Biesenthal abgenommen hat, war dies f\u00fcr Stefan, der schon seit l\u00e4ngerem in Bernau trainiert eine Pr\u00e4miere. Diese beiden hochkar\u00e4tigen Pr\u00fcfer sollten nat\u00fcrlich von den Leistungen der Sportler nicht entt\u00e4uscht werden!<!--more--><\/p>\n<p>Es war n\u00f6tig gleich zwei Pr\u00fcfer einzuladen, da die meisten der Kinder schon ein sehr umfangreiches Programm zu absolvieren haben und dies bei zehn G\u00fcrtelpr\u00fcfungen sehr zeitintensiv ist.<\/p>\n<p>Es gab an diesem Tag drei Pr\u00fcfungen zum 8. Kyu, (wei\u00df-gelber G\u00fcrtel) eine zum 7. Kyu, (gelber G\u00fcrtel) f\u00fcnf zum 6. Kyu (gelb-orangener G\u00fcrtel) und eine Pr\u00fcfung zum Orangegurt, dem 5. Kyu zu sehen. Die Altersspanne der Sportler reichte dabei von 7 bis 12 Jahren.<\/p>\n<p>Jede Pr\u00fcfung begann mit der Demonstration von Falltechniken. Danach wurde die Grundform der geforderten Stand- sowie Bodentechniken gezeigt um diese in der folgenden Anwendungsaufgabe zu komplexeren Bewegungsabl\u00e4ufen und Kombinationen von verschiedenen Techniken zu verbinden. Bevor ganz zum Abschluss noch einige Theoriekenntnisse zu Begrifflichkeiten, Wettkampfregeln und der Geschichte des Judo nachgewiesen werden mussten, sollten die Kinder im Pr\u00fcfungsfach Randori (freies \u00dcben) zeigen, dass sie auch k\u00e4mpfen k\u00f6nnen. Sie wendeten die gelernten Techniken also in kleinen \u00dcbungsk\u00e4mpfen in Stand und Boden an.<\/p>\n<p>Am Ende des kr\u00e4ftezehrenden Nachmittages lobten die beiden Pr\u00fcfer die 10 Kinder und ihre Trainer f\u00fcr die gute geleistete Trainingsarbeit und die gelungene Kyupr\u00fcfung.<\/p>\n<p>Tr\u00e4ger des 8. Kyu sind nun Damian Hilgert, Julius Blumenschein und Jeremy Siegel. Angelina Reinicke darf ab jetzt den Gelbgurt um ihren Kimono (Judojacke) binden. Klara Burghardt, Emily Rudoll, Oskar Sobbe, Benjamin Weimann und Ian Willendorf sind stolze Besitzer des 6. Kyu und Paul Sobbe tr\u00e4gt ab sofort einen orangenen G\u00fcrtel.<\/p>\n<p>Alle Pr\u00fcflinge konnten gleich im Anschluss an die Pr\u00fcfung ihre neuen G\u00fcrtel umbinden und fanden sich mit Trainern und Pr\u00fcfern zum Gruppenbild ein. In der Auswertung wurden die Leistungen von Klara Burghardt, Ian Willendorf und Oskar Sobbe besonders hervorgehoben.<\/p>\n<p>Nun hei\u00dft es f\u00fcr alle Sportler an die gezeigten Leistungen anzukn\u00fcpfen und weiterhin flei\u00dfig zu trainieren.<\/p>\n","protected":false},"excerpt":{"rendered":"<p>Kurz vor den Osterfeiertagen gab es f\u00fcr einige junge Judoka des PSV Bernau noch ein ganz besonderes Highlight. Zehn Sportler der Trainingsgruppe in Biesenthal, einem der zwei Au\u00dfenst\u00fctzpunkte des PSV, legten die Pr\u00fcfung zum n\u00e4chst h\u00f6heren Kyu-Grad (G\u00fcrtel) ab. Die Aufregung war an diesem Tag nicht nur den Pr\u00fcflingen selbst anzumerken, denn auch viele Eltern, Geschwister und Bekannte fieberten in der gut gef\u00fcllten Schulsporthalle neben der Matte mit und dr\u00fcckten die Daumen. Doch auch die beiden Trainer der Gruppe Jessica Stache und Marco Patzwall waren recht angespannt. Sie hatten als Pr\u00fcfer zum einen ihren eigenen Trainer, den Cheftrainer des PSV Bernau, Hartmut Ott (4. Dan) und zum anderen, den \u00e4u\u00dferst erfolgreichen K\u00e4mpfer und Vizekapit\u00e4n der Spremberger Judo-Bundesligamannschaft Stefan Niesecke (3. Dan) eingeladen. W\u00e4hrend Hartmut Ott schon eine Reihe von G\u00fcrtelpr\u00fcfungen in Biesenthal abgenommen hat, war dies f\u00fcr Stefan, der schon seit l\u00e4ngerem in Bernau trainiert eine Pr\u00e4miere. Diese beiden hochkar\u00e4tigen Pr\u00fcfer sollten nat\u00fcrlich von den Leistungen der Sportler nicht entt\u00e4uscht werden!<\/p>\n","protected":false},"author":9,"featured_media":234,"comment_status":"closed","ping_status":"open","sticky":false,"template":"","format":"standard","meta":{"ngg_post_thumbnail":0,"jetpack_post_was_ever_published":false,"_jetpack_newsletter_access":"","_jetpack_dont_email_post_to_subs":false,"_jetpack_newsletter_tier_id":0,"_jetpack_memberships_contains_paywalled_content":false,"_jetpack_memberships_contains_paid_content":false,"footnotes":""},"categories":[5],"tags":[237,134,99,236,180,238],"class_list":["post-233","post","type-post","status-publish","format-standard","has-post-thumbnail","hentry","category-news","tag-biesenthal","tag-niesecke","tag-ott","tag-patzwall","tag-pruefung","tag-stache"],"jetpack_featured_media_url":"https:\/\/www.jsv-bernau.de\/jsv\/wp-content\/uploads\/post\/233\/bild01.jpg","jetpack_shortlink":"https:\/\/wp.me\/p5TGCK-3L","jetpack_sharing_enabled":true,"_links":{"self":[{"href":"https:\/\/www.jsv-bernau.de\/jsv\/wp-json\/wp\/v2\/posts\/233","targetHints":{"allow":["GET"]}}],"collection":[{"href":"https:\/\/www.jsv-bernau.de\/jsv\/wp-json\/wp\/v2\/posts"}],"about":[{"href":"https:\/\/www.jsv-bernau.de\/jsv\/wp-json\/wp\/v2\/types\/post"}],"author":[{"embeddable":true,"href":"https:\/\/www.jsv-bernau.de\/jsv\/wp-json\/wp\/v2\/users\/9"}],"replies":[{"embeddable":true,"href":"https:\/\/www.jsv-bernau.de\/jsv\/wp-json\/wp\/v2\/comments?post=233"}],"version-history":[{"count":1,"href":"https:\/\/www.jsv-bernau.de\/jsv\/wp-json\/wp\/v2\/posts\/233\/revisions"}],"predecessor-version":[{"id":3284,"href":"https:\/\/www.jsv-bernau.de\/jsv\/wp-json\/wp\/v2\/posts\/233\/revisions\/3284"}],"wp:featuredmedia":[{"embeddable":true,"href":"https:\/\/www.jsv-bernau.de\/jsv\/wp-json\/wp\/v2\/media\/234"}],"wp:attachment":[{"href":"https:\/\/www.jsv-bernau.de\/jsv\/wp-json\/wp\/v2\/media?parent=233"}],"wp:term":[{"taxonomy":"category","embeddable":true,"href":"https:\/\/www.jsv-bernau.de\/jsv\/wp-json\/wp\/v2\/categories?post=233"},{"taxonomy":"post_tag","embeddable":true,"href":"https:\/\/www.jsv-bernau.de\/jsv\/wp-json\/wp\/v2\/tags?post=233"}],"curies":[{"name":"wp","href":"https:\/\/api.w.org\/{rel}","templated":true}]}}