{"id":251,"date":"2012-12-15T20:07:16","date_gmt":"2012-12-15T20:07:16","guid":{"rendered":"https:\/\/www.jsv-bernau.de\/jsv\/?p=251"},"modified":"2015-05-06T21:23:40","modified_gmt":"2015-05-06T19:23:40","slug":"zwei-neue-traeger-des-2-dan-in-bernau","status":"publish","type":"post","link":"https:\/\/www.jsv-bernau.de\/jsv\/zwei-neue-traeger-des-2-dan-in-bernau\/","title":{"rendered":"Zwei neue Tr\u00e4ger des 2. Dan in Bernau"},"content":{"rendered":"<p>Am Samstag, dem 15.12.2012, stellten sich Sven Borchard und Thomas Troche in Oranienburg erfolgreich der Pr\u00fcfung zum 2. Dan.<\/p>\n<p>In den vergangenen 12 Monaten trainierten sie zwei bis dreimal in der Woche die \u00fcber 40 Techniken und deren Anwendungsm\u00f6glichkeiten im Stand und Boden, um den Anforderungen der Pr\u00fcfungsordnung gerecht zu werden.<\/p>\n<p>Unter den strengen Augen der Pr\u00fcfungskommission, bestehend aus den 3 Pr\u00fcfern R. Arndt, H. Ott und M. Wockatz, f\u00fchrten sie das Pr\u00fcfungsprogramm auf hohem Niveau vor. Am Ende der Pr\u00fcfung wurden sie f\u00fcr ihre harte Arbeit mit dem 2. Dan, dem zweiten Meistergrad, belohnt.<!--more--><\/p>\n<p>Nach der sich in Oranienburg \u00fcber 8 Stunden hinziehenden Pr\u00fcfung, erkl\u00e4rten Sie sich bereit, einige Teile ihrer Pr\u00fcfung erneut bei der anschlie\u00dfenden Weihnachtsfeier des Heimatvereins, PSV Bernau, vorzuf\u00fchren. Die Vorf\u00fchrung geriet zu einem Highlight der Weihnachtsfeier und versetzte unsere jungen Sportler, die Eltern und auch das fachkundige Publikum in Staunen. Eine Pr\u00fcfung zum 2. Dan ist eben auch im Bernauer Judoverein keine allt\u00e4gliche Sache.<\/p>\n<p>Der PSV Bernau gratuliert seinen neuen 2. Dan-Tr\u00e4gern zur erfolgreich bestandenen Pr\u00fcfung und w\u00fcnscht viel Erfolg f\u00fcr die Zukunft.<\/p>\n<p>&nbsp;<\/p>\n<h5>Weitere Bilder:<\/h5>\n<div id='gallery-1' class='gallery galleryid-251 gallery-columns-4 gallery-size-thumbnail'><dl class='gallery-item'>\n\t\t\t<dt class='gallery-icon landscape'>\n\t\t\t\t<a href='https:\/\/www.jsv-bernau.de\/jsv\/wp-content\/uploads\/post\/251\/bild011.jpg'><img loading=\"lazy\" decoding=\"async\" width=\"420\" height=\"280\" src=\"https:\/\/www.jsv-bernau.de\/jsv\/wp-content\/uploads\/post\/251\/bild011-420x280.jpg\" class=\"attachment-thumbnail size-thumbnail\" alt=\"\" \/><\/a>\n\t\t\t<\/dt><\/dl><dl class='gallery-item'>\n\t\t\t<dt class='gallery-icon portrait'>\n\t\t\t\t<a href='https:\/\/www.jsv-bernau.de\/jsv\/wp-content\/uploads\/post\/251\/bild02.jpg'><img loading=\"lazy\" decoding=\"async\" width=\"420\" height=\"280\" src=\"https:\/\/www.jsv-bernau.de\/jsv\/wp-content\/uploads\/post\/251\/bild02-420x280.jpg\" class=\"attachment-thumbnail size-thumbnail\" alt=\"\" \/><\/a>\n\t\t\t<\/dt><\/dl><dl class='gallery-item'>\n\t\t\t<dt class='gallery-icon landscape'>\n\t\t\t\t<a href='https:\/\/www.jsv-bernau.de\/jsv\/wp-content\/uploads\/post\/251\/bild03.jpg'><img loading=\"lazy\" decoding=\"async\" width=\"420\" height=\"280\" src=\"https:\/\/www.jsv-bernau.de\/jsv\/wp-content\/uploads\/post\/251\/bild03-420x280.jpg\" class=\"attachment-thumbnail size-thumbnail\" alt=\"\" \/><\/a>\n\t\t\t<\/dt><\/dl>\n\t\t\t<br style='clear: both' \/>\n\t\t<\/div>\n\n","protected":false},"excerpt":{"rendered":"<p>Am Samstag, dem 15.12.2012, stellten sich Sven Borchard und Thomas Troche in Oranienburg erfolgreich der Pr\u00fcfung zum 2. Dan. In den vergangenen 12 Monaten trainierten sie zwei bis dreimal in der Woche die \u00fcber 40 Techniken und deren Anwendungsm\u00f6glichkeiten im Stand und Boden, um den Anforderungen der Pr\u00fcfungsordnung gerecht zu werden. Unter den strengen Augen der Pr\u00fcfungskommission, bestehend aus den 3 Pr\u00fcfern R. Arndt, H. Ott und M. Wockatz, f\u00fchrten sie das Pr\u00fcfungsprogramm auf hohem Niveau vor. Am Ende der Pr\u00fcfung wurden sie f\u00fcr ihre harte Arbeit mit dem 2. Dan, dem zweiten Meistergrad, belohnt.<\/p>\n","protected":false},"author":10,"featured_media":252,"comment_status":"closed","ping_status":"open","sticky":false,"template":"","format":"standard","meta":{"ngg_post_thumbnail":0,"jetpack_post_was_ever_published":false,"_jetpack_newsletter_access":"","_jetpack_dont_email_post_to_subs":false,"_jetpack_newsletter_tier_id":0,"_jetpack_memberships_contains_paywalled_content":false,"_jetpack_memberships_contains_paid_content":false,"footnotes":""},"categories":[5],"tags":[37,130,180,125],"class_list":["post-251","post","type-post","status-publish","format-standard","has-post-thumbnail","hentry","category-news","tag-2-dan","tag-borchardt","tag-pruefung","tag-troche"],"jetpack_featured_media_url":"https:\/\/www.jsv-bernau.de\/jsv\/wp-content\/uploads\/post\/251\/bild01.jpg","jetpack_shortlink":"https:\/\/wp.me\/p5TGCK-43","jetpack_sharing_enabled":true,"_links":{"self":[{"href":"https:\/\/www.jsv-bernau.de\/jsv\/wp-json\/wp\/v2\/posts\/251","targetHints":{"allow":["GET"]}}],"collection":[{"href":"https:\/\/www.jsv-bernau.de\/jsv\/wp-json\/wp\/v2\/posts"}],"about":[{"href":"https:\/\/www.jsv-bernau.de\/jsv\/wp-json\/wp\/v2\/types\/post"}],"author":[{"embeddable":true,"href":"https:\/\/www.jsv-bernau.de\/jsv\/wp-json\/wp\/v2\/users\/10"}],"replies":[{"embeddable":true,"href":"https:\/\/www.jsv-bernau.de\/jsv\/wp-json\/wp\/v2\/comments?post=251"}],"version-history":[{"count":1,"href":"https:\/\/www.jsv-bernau.de\/jsv\/wp-json\/wp\/v2\/posts\/251\/revisions"}],"predecessor-version":[{"id":1710,"href":"https:\/\/www.jsv-bernau.de\/jsv\/wp-json\/wp\/v2\/posts\/251\/revisions\/1710"}],"wp:featuredmedia":[{"embeddable":true,"href":"https:\/\/www.jsv-bernau.de\/jsv\/wp-json\/wp\/v2\/media\/252"}],"wp:attachment":[{"href":"https:\/\/www.jsv-bernau.de\/jsv\/wp-json\/wp\/v2\/media?parent=251"}],"wp:term":[{"taxonomy":"category","embeddable":true,"href":"https:\/\/www.jsv-bernau.de\/jsv\/wp-json\/wp\/v2\/categories?post=251"},{"taxonomy":"post_tag","embeddable":true,"href":"https:\/\/www.jsv-bernau.de\/jsv\/wp-json\/wp\/v2\/tags?post=251"}],"curies":[{"name":"wp","href":"https:\/\/api.w.org\/{rel}","templated":true}]}}