{"id":297,"date":"2010-02-28T10:11:20","date_gmt":"2010-02-28T10:11:20","guid":{"rendered":"https:\/\/www.jsv-bernau.de\/jsv\/?p=297"},"modified":"2015-01-21T10:22:51","modified_gmt":"2015-01-21T10:22:51","slug":"martin-setz-schafft-den-judo-hattrick","status":"publish","type":"post","link":"https:\/\/www.jsv-bernau.de\/jsv\/martin-setz-schafft-den-judo-hattrick\/","title":{"rendered":"Martin Setz schafft den JUDO Hattrick"},"content":{"rendered":"<p>Nach dem Gewinn des Landes, den Nordostdeutschen Meistertitel setzte Martin, mit dem Gewinn des Deutschen Meisters sich die Krone auf.<\/p>\n<p>Im \u00fcber 700 km entfernten N\u00fcrburg fand am 28.02.2010, in der imposanten N\u00fcrburgring Arena die Deutsche Judomeisterschaft der Altersklasse U17 statt.<\/p>\n<p>Begleitet wurde der Bernauer Judoka vom Trainer Hartmut Ott und Franziska Pinske. Beide waren, wie auch seine Eltern, bei den voran gegangenen Wettk\u00e4mpfen stets an seiner Seite.<\/p>\n<p>Am zweiten Wettkampftag musste Martin, nach dem Erklingen der Deutschen Nationalhymne, im Feld den besten deutschen Judoka der jeweiligen Bundesl\u00e4nder gleich in seiner Gewichtsklasse bis 55 kg den Anfang machen.<!--more--><\/p>\n<p>Bis in die Haarspitzen motiviert und nat\u00fcrlich aufgeregt, zeigte Martin gleich im ersten Kampf gegen, Pietsch aus Sachsen, wer der Chef auf der Matte ist. Wie auch in darauffolgenden K\u00e4mpfen setzte er seine Gegner von Anfang an vehement unter Druck. Sein Gegner kam nicht zum Zuge und wurde f\u00fcr sein defensives Kampfverhalten zweimal bestraft, zugleich bekam Martin f\u00fcr seine Wurftechniken kleinere Wertungen, die den Kampf nach 4 Minuten beendeten. Auch Johannes Wieser aus Niedersachen fand im zweiten Kampf kein Mittel um den Bernauer zu besiegen. Es folgte mit Izsak aus Baden der erste dicke Brocken, denn im Jahr zuvor wurde er Deutscher Meister in der leichteren Gewichtsklasse davor! Aber auch hier lie\u00df sich Martin im Siegeszug nicht aufhalten und es gelang ihm mit seiner Spezialtechnik, dem Schulterwurf, den Kampf zu gewinnen.<\/p>\n<p><a href=\"https:\/\/www.jsv-bernau.de\/jsv\/wp-content\/uploads\/post\/297\/dm2010-2.jpg\"><img loading=\"lazy\" decoding=\"async\" class=\"colorbox-000297 alignleft wp-image-299 size-medium\" src=\"https:\/\/www.jsv-bernau.de\/jsv\/wp-content\/uploads\/post\/297\/dm2010-2-330x263.jpg\" alt=\"dm2010-2\" width=\"330\" height=\"263\" \/><\/a>Es folgte in der N\u00fcrburgarena eine Unwetterwarnung die f\u00fcr Aufregung in der Eifel sorgte und das Halbfinale, was ein gro\u00dfes Spektakel wurde. Der Kampf gegen den S\u00fcdwestdeutschen Meister, Robin Co\u00dfmann aus dem Rheinland wurde der erwartete schwere Fight. Denn es ging nicht nur, gegen einen Linksk\u00e4mpfer, was f\u00fcr einen Rechtsk\u00e4mpfer immer sehr unangenehm ist, sondern auch gegen ein frenetisches Rheinl\u00e4nder Publikum.<\/p>\n<p>Aber dieses verstummte gleich zu Beginn des Kampfes als Martin seine erste Wettkampftechnik erfolgreich mit einer kleiner Wertung durchbrachte. Die Strategie des Kampfes wurde vor dem Kampf, mit Trainer und K\u00e4mpfer besprochen, wie auch das zuvor erw\u00e4hnte Publikum.<\/p>\n<p>Martin zog die vom Trainer Ott vorgegebene Taktik konsequent durch und kam auch mit einer gegen ihn vollzogenen Strafe gut klar. Er lag klar in Front und auch die aufgebrachten Eifelgeister konnten keine Wendung des Kampfes mehr herbei f\u00fchren. Nach dem Sieg war das herbei gesehnte Finale erreicht.<\/p>\n<p>Es kullerten dann einige und nicht nur bei den Eltern, verst\u00e4ndliche Freudentr\u00e4nen.<\/p>\n<p><a href=\"https:\/\/www.jsv-bernau.de\/jsv\/wp-content\/uploads\/post\/297\/dm2010-3.jpg\"><img loading=\"lazy\" decoding=\"async\" class=\"colorbox-000297 alignleft wp-image-300 size-medium\" src=\"https:\/\/www.jsv-bernau.de\/jsv\/wp-content\/uploads\/post\/297\/dm2010-3-330x281.jpg\" alt=\"dm2010-3\" width=\"330\" height=\"281\" \/><\/a>Bei seinen ersten Deutschen Meisterschaften gleich ins Finale, wer h\u00e4tte das f\u00fcr m\u00f6glich gehalten. Sein Trainer wusste, dass er es kann und das Potential hat, wie auch einige andere Judoka vom PSV Bernau.<\/p>\n<p>Nur an einem so besonderen Tag muss eben alles passen.<\/p>\n<p>Und es passte.<\/p>\n<p>Das Finale war auch das Finale der Nordostdeutschen Meisterschaft. Es kam zum erneuten Aufeinandertreffen gegen den Berliner Rouven Lemke, der auf der Sportschule Frankfurt\/O. trainiert.<\/p>\n<p>Auch im Finale hat Martin von Anfang an das Zepter \u00fcbernommen. Er legte wieder mit zwei Techniken seinen Gegner auf die Tatami. Diese Wertungen und noch eine darauffolgende beendeten den Finalkampf nach vier spannenden Minuten.<\/p>\n<p>Freudestrahlend und \u00fcbergl\u00fccklich lagen sich Sportler und Trainer in den Armen, ehe nach dem lange Gang aus der Arena auch Franzi, Mama und Papa Setz den Deutschen Meister mit feuchten Augen umarmen durften.<\/p>\n<p>F\u00fcr den Trainer und dem Verein war es ein historischer Tag gewesen, war es f\u00fcr beide der erste Deutsche Meistertitel und f\u00fcr Trainer Hartmut Ott das sch\u00f6nste Geschenk zum 30-j\u00e4hrigen Trainerjubil\u00e4um.<\/p>\n<h4>\u00a0Gewichtsklasse: -55 kg:<\/h4>\n<p>1. Martin Setz, PSV Bernau \/ BB<br \/>\n2. Rouven Lemke, Polizei SV Berlin \/ BE<br \/>\n3. Robin Co\u00dfmann, JC Vulkaneifel \/ RL<br \/>\n3. Lukas Przemeck, TSV Bemerode \/ NS<br \/>\n5. Fabian Schmitz, 1. JC M\u00f6nchengladbach \/ NW<br \/>\n5. Narek Nersisjan, Asia Sport Neubrandenburg \/ MV<br \/>\n7. Tobias Madl, TSV Gro\u00dfhadern \/ BY<br \/>\n7. Kai Leberger, JC R\u00fcsselsheim \/ HE<\/p>\n","protected":false},"excerpt":{"rendered":"<p>Nach dem Gewinn des Landes, den Nordostdeutschen Meistertitel setzte Martin, mit dem Gewinn des Deutschen Meisters sich die Krone auf. Im \u00fcber 700 km entfernten N\u00fcrburg fand am 28.02.2010, in der imposanten N\u00fcrburgring Arena die Deutsche Judomeisterschaft der Altersklasse U17 statt. Begleitet wurde der Bernauer Judoka vom Trainer Hartmut Ott und Franziska Pinske. Beide waren, wie auch seine Eltern, bei den voran gegangenen Wettk\u00e4mpfen stets an seiner Seite. Am zweiten Wettkampftag musste Martin, nach dem Erklingen der Deutschen Nationalhymne, im Feld den besten deutschen Judoka der jeweiligen Bundesl\u00e4nder gleich in seiner Gewichtsklasse bis 55 kg den Anfang machen.<\/p>\n","protected":false},"author":6,"featured_media":298,"comment_status":"closed","ping_status":"open","sticky":false,"template":"","format":"standard","meta":{"ngg_post_thumbnail":0,"jetpack_post_was_ever_published":false,"_jetpack_newsletter_access":"","_jetpack_dont_email_post_to_subs":false,"_jetpack_newsletter_tier_id":0,"_jetpack_memberships_contains_paywalled_content":false,"_jetpack_memberships_contains_paid_content":false,"footnotes":""},"categories":[3],"tags":[],"class_list":["post-297","post","type-post","status-publish","format-standard","has-post-thumbnail","hentry","category-ergebnisse"],"jetpack_featured_media_url":"https:\/\/www.jsv-bernau.de\/jsv\/wp-content\/uploads\/post\/297\/dm2010-1.jpg","jetpack_shortlink":"https:\/\/wp.me\/p5TGCK-4N","jetpack_sharing_enabled":true,"_links":{"self":[{"href":"https:\/\/www.jsv-bernau.de\/jsv\/wp-json\/wp\/v2\/posts\/297","targetHints":{"allow":["GET"]}}],"collection":[{"href":"https:\/\/www.jsv-bernau.de\/jsv\/wp-json\/wp\/v2\/posts"}],"about":[{"href":"https:\/\/www.jsv-bernau.de\/jsv\/wp-json\/wp\/v2\/types\/post"}],"author":[{"embeddable":true,"href":"https:\/\/www.jsv-bernau.de\/jsv\/wp-json\/wp\/v2\/users\/6"}],"replies":[{"embeddable":true,"href":"https:\/\/www.jsv-bernau.de\/jsv\/wp-json\/wp\/v2\/comments?post=297"}],"version-history":[{"count":0,"href":"https:\/\/www.jsv-bernau.de\/jsv\/wp-json\/wp\/v2\/posts\/297\/revisions"}],"wp:featuredmedia":[{"embeddable":true,"href":"https:\/\/www.jsv-bernau.de\/jsv\/wp-json\/wp\/v2\/media\/298"}],"wp:attachment":[{"href":"https:\/\/www.jsv-bernau.de\/jsv\/wp-json\/wp\/v2\/media?parent=297"}],"wp:term":[{"taxonomy":"category","embeddable":true,"href":"https:\/\/www.jsv-bernau.de\/jsv\/wp-json\/wp\/v2\/categories?post=297"},{"taxonomy":"post_tag","embeddable":true,"href":"https:\/\/www.jsv-bernau.de\/jsv\/wp-json\/wp\/v2\/tags?post=297"}],"curies":[{"name":"wp","href":"https:\/\/api.w.org\/{rel}","templated":true}]}}