{"id":311,"date":"2010-10-16T10:29:20","date_gmt":"2010-10-16T10:29:20","guid":{"rendered":"https:\/\/www.jsv-bernau.de\/jsv\/?p=311"},"modified":"2015-05-13T08:21:34","modified_gmt":"2015-05-13T06:21:34","slug":"franziska-pinske-siegt-bei-den-deutschen-meisterschaften-der-landesverbaende","status":"publish","type":"post","link":"https:\/\/www.jsv-bernau.de\/jsv\/franziska-pinske-siegt-bei-den-deutschen-meisterschaften-der-landesverbaende\/","title":{"rendered":"Franziska Pinske siegt bei den Deutschen Meisterschaften der Landesverb\u00e4nde"},"content":{"rendered":"<p>Bei den Deutschen Einzelmeisterschaften der Landesverb\u00e4nde am 16.und 17.10.2010 kam es zum Aufeinandertreffen der Landesmeister und Vizelandesmeister. Im Hessischen Neuhof fighteten an zwei Tagen die besten zwei Judoka der jeweiligen Bundesl\u00e4nder um den Titel Deutscher Meister der Landesverb\u00e4nde.<\/p>\n<p>Zu diesem Judo-Event qualifizierte sich auch Franziska Pinske vom PSV Bernau, die vor zwei Wochen in Bad Belzig mit dem Landesmeistertitel den Sprung zu den Meisterschaften erk\u00e4mpfte.<\/p>\n<p>In der Gewichtsklasse bis 48 kg mit 20 Teilnehmerinnen, wollte die Barnimerin den Sprung aufs Treppchen schaffen. Die Meldeliste war Beleg daf\u00fcr, dass es schwer werden wird, denn mit dabei sind auch die vor ihr Platzierten der Deutschen Rangliste.<br \/>\n<!--more--><br \/>\nIm ersten Kampf gegen Laura B\u00f6hm aus Bayern traf Franzi auf eine Gegnerin gegen die sie sich beim letzten Ranglistenturnier noch schwer tat.<\/p>\n<p>Gleich von Beginn an war zu sehen wer den Kampf unbedingt gewinnen will und das war nach 2:21 min. Franzi mit einem sch\u00f6nen O-Uchi-Gari (Innenschenkelwurf) vorzeitig.<\/p>\n<p>Noch schneller beendete sie den zweiten Kampf gegen Anja Kreuer aus dem Rheinland. In knapp einer Minute gelangen ihr, mit einem Fu\u00dffeger und Gegendrehtechnik zwei Aktionen die den einseitigen Kampf beendeten.<\/p>\n<p>Valentina Schick aus Niedersachsen war nicht nur aus den vorher gehenden K\u00e4mpfen gewarnt und eingestellt, sondern auch durch die Bundesligabegegnungen und den anderen Ranglistenturnieren. Aber nicht gut genug. Von ihrem Trainer Hartmut Ott gut vorbereitet und stark geredet zeigte das Fliegengewicht aus Bernau wer ins Finale will. Nach anf\u00e4nglichen taktieren nutzte Franzi, einen schlecht angesetzten Angriff ihrer Gegnerin mit einer ihrerseits \u00fcbernehmenden Kontertechnik.<\/p>\n<p>Nach drei Siegen stand Franzi im Halbfinale gegen Heike Gewehr aus Bayern. Hier stand eine Gegnerin mit der Trainer Ott, als auch einige andere nicht rechneten. Dass sie da zu recht stand bewies sie am Anfang des Halbfinales eindrucksvoll, zum Leidwesen des Bernauer Trainer und seines Nervenkost\u00fcms. Franzi, bis in die Haarspitzen motiviert und das Finale anvisiert startete wie die Feuerwehr. Gleich mit dem ersten Wurfansatz wollte sie ihre Gegnerin auf die Matte bef\u00f6rdern. Dieser Angriff war aber nicht richtig vorbereitet und brachte Franzi im anschlie\u00dfenden Bodenkampf in arge Bedr\u00e4ngnis. Pl\u00f6tzlich war Franzi in eine sicher und aussichtslosen Festhalte geraten. Aber sie k\u00e4mpfte wie ein L\u00f6we und nahm auch die Hinweise ihres Trainers von au\u00dfen auf, so gelang es ihr nach wenigen Sekunden sich aus der Halte zu befreien. Vorgewarnt keine halben Aktionen zu starten k\u00e4mpfte Franzi konzentriert bis Minute 1:12, da war es die Bernauerin die mit einem krachenden Innenschenkelwurf den Arm vom Kampfrichter zum Ippon (voller Punkt) hoch schnellen lie\u00df.<\/p>\n<p>Finale, Finale und Silber sicher.<\/p>\n<p><a href=\"https:\/\/www.jsv-bernau.de\/jsv\/wp-content\/uploads\/post\/311\/franzi_dem_2.jpg\"><img loading=\"lazy\" decoding=\"async\" class=\"colorbox-000311 alignleft wp-image-313 size-medium\" src=\"https:\/\/www.jsv-bernau.de\/jsv\/wp-content\/uploads\/post\/311\/franzi_dem_2-330x288.jpg\" alt=\"franzi_dem_2\" width=\"330\" height=\"288\" \/><\/a><\/p>\n<p>Die Finalk\u00e4mpfe der Gewichtsklassen wurden in w\u00fcrdiger Form an das Ende der Veranstaltung gelegt. Mit Jessica Lindner aus dem Saarland wartete im Finale eine K\u00e4mpferin die sehr unbequem zu k\u00e4mpfen ist und bisher nicht gewonnen werden konnte.<\/p>\n<p>Im Finale wendete sich aber das Blatt, denn schnell gelang Franzi mit einem fulminanten Fu\u00dffeger eine gro\u00dfe Wertung (Wazari). Glaubens des sicheren Sieges gab sie im Verlaufe des Kampfes ebenfalls eine Wazariwertung ab und auch kurz das Zepter aus der Hand.<\/p>\n<p>Mit der Wertung gegen sich rappelte sich Franzi gleich wieder auf und legte ihrerseits mit einer kleinen Wertung durch einen Goshi(H\u00fcftwurf) nach.<\/p>\n<p>Der Finalkampf, der \u00fcber die volle Kampfzeit von 5 Minuten ging, war nichts f\u00fcr schwache Nerven, aber mit Happy End f\u00fcr Franzi und Trainer.<\/p>\n<p>Ersch\u00f6pft und ger\u00fchrt, verlie\u00df sie unter Tr\u00e4nen nach 5 siegreichen K\u00e4mpfen die Tatami in Neuhof.<\/p>\n<h4>Ergebnisse (48 kg)<\/h4>\n<p>1. Franziska Pinske, PSV Bernau &#8211; BB<br \/>\n2. Jessica Lindner, ATV Dudweiler &#8211; SA<br \/>\n3. Claudia Ringwald , JSV Kippenheimweiler &#8211; BA<br \/>\n3. Julia Rotthoff, JF Siegen-Lindenberg &#8211; NW<br \/>\n5. Heike Gewehr, TSV Neutraubling &#8211; BY<br \/>\n5. Lisanne Sturm, JC Wiesbaden &#8211; HE<br \/>\n7. Katharina Menz, TSG Backnang &#8211; W\u00dc<br \/>\n7. Laura B\u00f6hm, Post SV Bamberg &#8211; BY<\/p>\n","protected":false},"excerpt":{"rendered":"<p>Bei den Deutschen Einzelmeisterschaften der Landesverb\u00e4nde am 16.und 17.10.2010 kam es zum Aufeinandertreffen der Landesmeister und Vizelandesmeister. Im Hessischen Neuhof fighteten an zwei Tagen die besten zwei Judoka der jeweiligen Bundesl\u00e4nder um den Titel Deutscher Meister der Landesverb\u00e4nde. Zu diesem Judo-Event qualifizierte sich auch Franziska Pinske vom PSV Bernau, die vor zwei Wochen in Bad Belzig mit dem Landesmeistertitel den Sprung zu den Meisterschaften erk\u00e4mpfte. In der Gewichtsklasse bis 48 kg mit 20 Teilnehmerinnen, wollte die Barnimerin den Sprung aufs Treppchen schaffen. Die Meldeliste war Beleg daf\u00fcr, dass es schwer werden wird, denn mit dabei sind auch die vor ihr Platzierten der Deutschen Rangliste.<\/p>\n","protected":false},"author":6,"featured_media":312,"comment_status":"closed","ping_status":"open","sticky":false,"template":"","format":"standard","meta":{"ngg_post_thumbnail":0,"jetpack_post_was_ever_published":false,"_jetpack_newsletter_access":"","_jetpack_dont_email_post_to_subs":false,"_jetpack_newsletter_tier_id":0,"_jetpack_memberships_contains_paywalled_content":false,"_jetpack_memberships_contains_paid_content":false,"footnotes":""},"categories":[3],"tags":[239,23,331,332,99,192],"class_list":["post-311","post","type-post","status-publish","format-standard","has-post-thumbnail","hentry","category-ergebnisse","tag-deutsche-meisterschaft","tag-frauen","tag-landesveraende","tag-neuhof","tag-ott","tag-pinske"],"jetpack_featured_media_url":"https:\/\/www.jsv-bernau.de\/jsv\/wp-content\/uploads\/post\/311\/franzi_dem_1.jpg","jetpack_shortlink":"https:\/\/wp.me\/p5TGCK-51","jetpack_sharing_enabled":true,"_links":{"self":[{"href":"https:\/\/www.jsv-bernau.de\/jsv\/wp-json\/wp\/v2\/posts\/311","targetHints":{"allow":["GET"]}}],"collection":[{"href":"https:\/\/www.jsv-bernau.de\/jsv\/wp-json\/wp\/v2\/posts"}],"about":[{"href":"https:\/\/www.jsv-bernau.de\/jsv\/wp-json\/wp\/v2\/types\/post"}],"author":[{"embeddable":true,"href":"https:\/\/www.jsv-bernau.de\/jsv\/wp-json\/wp\/v2\/users\/6"}],"replies":[{"embeddable":true,"href":"https:\/\/www.jsv-bernau.de\/jsv\/wp-json\/wp\/v2\/comments?post=311"}],"version-history":[{"count":1,"href":"https:\/\/www.jsv-bernau.de\/jsv\/wp-json\/wp\/v2\/posts\/311\/revisions"}],"predecessor-version":[{"id":3356,"href":"https:\/\/www.jsv-bernau.de\/jsv\/wp-json\/wp\/v2\/posts\/311\/revisions\/3356"}],"wp:featuredmedia":[{"embeddable":true,"href":"https:\/\/www.jsv-bernau.de\/jsv\/wp-json\/wp\/v2\/media\/312"}],"wp:attachment":[{"href":"https:\/\/www.jsv-bernau.de\/jsv\/wp-json\/wp\/v2\/media?parent=311"}],"wp:term":[{"taxonomy":"category","embeddable":true,"href":"https:\/\/www.jsv-bernau.de\/jsv\/wp-json\/wp\/v2\/categories?post=311"},{"taxonomy":"post_tag","embeddable":true,"href":"https:\/\/www.jsv-bernau.de\/jsv\/wp-json\/wp\/v2\/tags?post=311"}],"curies":[{"name":"wp","href":"https:\/\/api.w.org\/{rel}","templated":true}]}}