{"id":3550,"date":"2015-04-30T23:22:19","date_gmt":"2015-04-30T21:22:19","guid":{"rendered":"https:\/\/www.jsv-bernau.de\/jsv\/?p=3550"},"modified":"2015-05-19T01:00:11","modified_gmt":"2015-05-18T23:00:11","slug":"deutsche-meisterschaft-der-ue-30-im-judo","status":"publish","type":"post","link":"https:\/\/www.jsv-bernau.de\/jsv\/deutsche-meisterschaft-der-ue-30-im-judo\/","title":{"rendered":"Deutsche Meisterschaft der \u00dc30 im Judo"},"content":{"rendered":"<p>Am Sonntag fand die Deutsche Meisterschaft der AK \u00dc30 in Bad Belzig statt. Am Start waren Judoka aus ganz Deutschland in den Altersklassen \u00dc30 bis \u00dc65.<\/p>\n<p>In diesem Turnier k\u00e4mpften hochkar\u00e4tige Sportler, wie der ehemalige Weltmeister Klaus und Petra Pfaffl sowie Judosportler der heutigen Generation um die Meistertitel. Die Bernauer Mannschaft reiste mit vier Aktiven nach Bad Belzig.<!--more--><\/p>\n<p>Sascha Rebbin stellte sich in der Altersklasse M1 bis 90kg seinen Gegnern, in der Altersklasse M5 (\u00fcber 50 Jahre) stellten sich Frank Kube 90kg und Rainer Pr\u00fcfig bis 100kg, sowie Uwe Sommer in der Altersklasse M6 (\u00fcber 55 Jahre) den Gegnern.<\/p>\n<p>Mit 7 Gegnern hatte Sascha Rebbin eine der gr\u00f6\u00dften Gruppen, also auch die meisten K\u00e4mpfe zu bestreiten. Im ersten Kampf unterlag Sascha einen starken K\u00e4mpfer und musste sich mit zwei Waza-Ari (zwei halben Punkten) geschlagen geben. Trotz angeschlagener Gesundheit und keiner optimalen Vorbereitung konnte sich Sascha nicht weiter durchsetzen und belegte somit den 5. Platz.<\/p>\n<p>In der Altersklasse M5 bis 90kg fand Frank Kube nicht zu seiner gewohnten Trainingst\u00e4rke und hatte im ersten Kampf gegen Binsch von Turbine Zwickau kein probates Mittel. Frank konnte seine Taktik nicht anbringen und unterlag. Bis 100 kg k\u00e4mpfte Rainer Pr\u00fcfig im ersten Kampf gegen Schenk aus Magdeburg. Rainer konnte in diesem Kampf gut taktieren und bestimmte den Kampf. Kurz vor Ende des Kampfes gelang es jedoch seinem Gegner eine gute Kombination anzubringen und eine Wertung zu erzielen. Im zweiten Kampf scheiterte Rainer an einer neu eingef\u00fchrten Wettkampfregel. Er lie\u00df sich zu einer verbotenen Handlung hinrei\u00dfen und verlor den Kampf. somit am Ende Platz 5 f\u00fcr Rainer.<\/p>\n<p>Der Pechvogel des Tages hie\u00df Uwe Sommer, in der Altersklasse M6 startend, gewann er einen Kampf gegen Lerder aus Baden W\u00fcrttemberg, zog sich aber im zweiten Kampf gegen Patzinger von Randori Berlin eine Schulterverletzung zu welche ihm dritten Kampf zum Verh\u00e4ngnis wurde. Nach dem Versuch einen Schulterwurf anzubringen brachen die Schmerzen im Schultergelenk wieder durch und Uwe musste zu Boden gehen. Hier wurde irrt\u00fcmlich ein Arm aussch\u00fctteln vom Mattenrichter als Zeichen zur Aufgabe gewertet und der Kampf beendet. Schade f\u00fcr Uwe, der bis dahin eine der besten Leistungen des Tages zeigte.<\/p>\n<p>Zum Schluss des Wettkampftages blieben f\u00fcr die Judoka um die Trainer Hendrik Krause und Frank Opitz, zwei f\u00fcnfte Pl\u00e4tze bei den Deutschen Meisterschaften der \u00dc30.<\/p>\n","protected":false},"excerpt":{"rendered":"<p>Am Sonntag fand die Deutsche Meisterschaft der AK \u00dc30 in Bad Belzig statt. Am Start waren Judoka aus ganz Deutschland in den Altersklassen \u00dc30 bis \u00dc65. In diesem Turnier k\u00e4mpften hochkar\u00e4tige Sportler, wie der ehemalige Weltmeister Klaus und Petra Pfaffl sowie Judosportler der heutigen Generation um die Meistertitel. Die Bernauer Mannschaft reiste mit vier Aktiven nach Bad Belzig.<\/p>\n","protected":false},"author":5,"featured_media":3551,"comment_status":"closed","ping_status":"open","sticky":false,"template":"","format":"standard","meta":{"ngg_post_thumbnail":0,"jetpack_post_was_ever_published":false,"_jetpack_newsletter_access":"","_jetpack_dont_email_post_to_subs":false,"_jetpack_newsletter_tier_id":0,"_jetpack_memberships_contains_paywalled_content":false,"_jetpack_memberships_contains_paid_content":false,"footnotes":""},"categories":[3],"tags":[376,146,366,147,377,34,378],"class_list":["post-3550","post","type-post","status-publish","format-standard","has-post-thumbnail","hentry","category-ergebnisse","tag-dm","tag-frank-kube","tag-frank-opitz","tag-rainer-pruefig","tag-sascha-rebbin","tag-ue30","tag-uwe-sommer"],"jetpack_featured_media_url":"https:\/\/www.jsv-bernau.de\/jsv\/wp-content\/uploads\/post\/3550\/desktop-DEM-\u00dc30.jpg","jetpack_shortlink":"https:\/\/wp.me\/p5TGCK-Vg","jetpack_sharing_enabled":true,"_links":{"self":[{"href":"https:\/\/www.jsv-bernau.de\/jsv\/wp-json\/wp\/v2\/posts\/3550","targetHints":{"allow":["GET"]}}],"collection":[{"href":"https:\/\/www.jsv-bernau.de\/jsv\/wp-json\/wp\/v2\/posts"}],"about":[{"href":"https:\/\/www.jsv-bernau.de\/jsv\/wp-json\/wp\/v2\/types\/post"}],"author":[{"embeddable":true,"href":"https:\/\/www.jsv-bernau.de\/jsv\/wp-json\/wp\/v2\/users\/5"}],"replies":[{"embeddable":true,"href":"https:\/\/www.jsv-bernau.de\/jsv\/wp-json\/wp\/v2\/comments?post=3550"}],"version-history":[{"count":4,"href":"https:\/\/www.jsv-bernau.de\/jsv\/wp-json\/wp\/v2\/posts\/3550\/revisions"}],"predecessor-version":[{"id":3575,"href":"https:\/\/www.jsv-bernau.de\/jsv\/wp-json\/wp\/v2\/posts\/3550\/revisions\/3575"}],"wp:featuredmedia":[{"embeddable":true,"href":"https:\/\/www.jsv-bernau.de\/jsv\/wp-json\/wp\/v2\/media\/3551"}],"wp:attachment":[{"href":"https:\/\/www.jsv-bernau.de\/jsv\/wp-json\/wp\/v2\/media?parent=3550"}],"wp:term":[{"taxonomy":"category","embeddable":true,"href":"https:\/\/www.jsv-bernau.de\/jsv\/wp-json\/wp\/v2\/categories?post=3550"},{"taxonomy":"post_tag","embeddable":true,"href":"https:\/\/www.jsv-bernau.de\/jsv\/wp-json\/wp\/v2\/tags?post=3550"}],"curies":[{"name":"wp","href":"https:\/\/api.w.org\/{rel}","templated":true}]}}