{"id":408,"date":"2013-06-01T14:06:24","date_gmt":"2013-06-01T14:06:24","guid":{"rendered":"https:\/\/www.jsv-bernau.de\/jsv\/?p=408"},"modified":"2015-05-06T15:57:01","modified_gmt":"2015-05-06T13:57:01","slug":"judo-kreismeisterschaften-in-oranienburg","status":"publish","type":"post","link":"https:\/\/www.jsv-bernau.de\/jsv\/judo-kreismeisterschaften-in-oranienburg\/","title":{"rendered":"Judo Kreismeisterschaften in Oranienburg"},"content":{"rendered":"<p>Am letzten Wochenende fand in Oranienburg der Kampf um die Kreismeistertitel der U 11 im Judo mit \u00fcber 120 Judoka aus 12 Vereinen statt. In den vergangenen Wochen hatten sich die Bernauer Judoka gemeinsam mit den Sportlern aus Zepernick und Biesenthal auf diesen H\u00f6hepunkt unter Anleitung der Trainer Frank Opitz, Jenny und Paul Roll vorbereitet.<\/p>\n<p>Ein 1. Platz f\u00fcr Lucie Rapp (36 kg) und Maximilian Grumblat (+46 kg) waren der Lohn f\u00fcr das intensive Training der vergangenen Wochen. Lucie und Max mussten sich gegen jeweils gegen zwei schwere Gegner durchsetzen. Beide K\u00e4mpfer konnten die erworbenen Techniken wirksam anbringen und die K\u00e4mpfe souver\u00e4n gewinnen.<!--more--><\/p>\n<p>Daniel Wei\u00df startete diesen Tag das erste Mal in der Gewichtsklasse bis 40 kg, und hatte es dementsprechend schwer. Mit 10 Startern hatte er zusammen mit Erik Wolff (28 kg) die Gewichtsklasse mit den meisten Startern. Beide mussten nach einem verlorenen Kampf den schweren Weg \u00fcber die Hoffnungsrunde nehmen. Durch ihre gute Kondition konnte beide diesen Kampf gewinnen und den dritten Platz belegen.<\/p>\n<p>Die K\u00e4mpfer in der Gewichtsklasse bis 34 kg um Noel Lemnitz und Eric Leonhardt mit je 10 Startern hatten ein besonders schweres Los. Hier trafen sich besonders viele leistungsstarke K\u00e4mpfer aus Berlin Hoppegarten und Strausberg. Die noch jungen K\u00e4mpfer stie\u00dfen hier an die Grenze ihres K\u00f6nnens und konnten sich nicht durchsetzen. Jedoch konnten sie mit je zwei gewonnenen K\u00e4mpfen f\u00fcnfte Pl\u00e4tze belegen und f\u00fcr Gesamtwertung ihres Vereins mitpunkten.<\/p>\n<p>Einer besonderen Herausforderung stellte sich Ben Troche (31 kg); er stellte sich nach l\u00e4ngerer Wettkampfpause der Konkurrenz der Kreisunion. Obwohl er nicht in den Kampf um den Kreismeistertitel eingreifen konnte, zeigte er durch aggressive Kampfweise, dass er durchaus in der Lage ist zuk\u00fcnftig um vordere Pl\u00e4tze mitzuk\u00e4mpfen.<\/p>\n<p>Insgesamt zeigten alle gestarteten Judoka \u00fcberzeugende Leistungen und mit ein wenig Gl\u00fcck w\u00e4re auch eine bessere Platzierung f\u00fcr den einen oder anderen m\u00f6glich gewesen.<\/p>\n<p>Die Trainer Roll und Opitz bedanken sich f\u00fcr die Hilfe der mitgereisten Eltern und einem Bernauer Autohaus f\u00fcr die Unterst\u00fctzung.<\/p>\n<p>Zum Abschluss des Wettkampftages lie\u00dfen es sich die Sportler des Polizeisportvereins nicht nehmen, den Tag der offenen T\u00fcr in der Polizeiinspektion Barnim zu besuchen. Hier interessierten sich die Sportler, auf einem sehr gut organisierten Fest besonders f\u00fcr die ausgestellte Polizeitechnik, sowie die Vorf\u00fchrung der Kreisverkehrswacht. Nach einem harten Kampftag fanden so die Sportler am Kindertag noch etwas Entspannung und Spa\u00df.<\/p>\n<p><a href=\"https:\/\/www.jsv-bernau.de\/jsv\/wp-content\/uploads\/post\/408\/bild02.jpg\">\u00a0<\/a><a href=\"https:\/\/www.jsv-bernau.de\/jsv\/wp-content\/uploads\/post\/408\/bild02.jpg\"><img loading=\"lazy\" decoding=\"async\" class=\"colorbox-000408 alignleft wp-image-412 size-medium\" src=\"https:\/\/www.jsv-bernau.de\/jsv\/wp-content\/uploads\/post\/408\/bild02-281x500.jpg\" alt=\"bild02\" width=\"281\" height=\"500\" \/><\/a> <a href=\"https:\/\/www.jsv-bernau.de\/jsv\/wp-content\/uploads\/post\/408\/bild03.jpg\"><img loading=\"lazy\" decoding=\"async\" class=\"colorbox-000408 alignleft wp-image-413 size-medium\" src=\"https:\/\/www.jsv-bernau.de\/jsv\/wp-content\/uploads\/post\/408\/bild03-281x500.jpg\" alt=\"bild03\" width=\"281\" height=\"500\" \/><\/a><\/p>\n","protected":false},"excerpt":{"rendered":"<p>Am letzten Wochenende fand in Oranienburg der Kampf um die Kreismeistertitel der U 11 im Judo mit \u00fcber 120 Judoka aus 12 Vereinen statt. In den vergangenen Wochen hatten sich die Bernauer Judoka gemeinsam mit den Sportlern aus Zepernick und Biesenthal auf diesen H\u00f6hepunkt unter Anleitung der Trainer Frank Opitz, Jenny und Paul Roll vorbereitet. Ein 1. Platz f\u00fcr Lucie Rapp (36 kg) und Maximilian Grumblat (+46 kg) waren der Lohn f\u00fcr das intensive Training der vergangenen Wochen. Lucie und Max mussten sich gegen jeweils gegen zwei schwere Gegner durchsetzen. Beide K\u00e4mpfer konnten die erworbenen Techniken wirksam anbringen und die K\u00e4mpfe souver\u00e4n gewinnen.<\/p>\n","protected":false},"author":5,"featured_media":410,"comment_status":"closed","ping_status":"open","sticky":false,"template":"","format":"standard","meta":{"ngg_post_thumbnail":0,"jetpack_post_was_ever_published":false,"_jetpack_newsletter_access":"","_jetpack_dont_email_post_to_subs":false,"_jetpack_newsletter_tier_id":0,"_jetpack_memberships_contains_paywalled_content":false,"_jetpack_memberships_contains_paid_content":false,"footnotes":""},"categories":[3],"tags":[153,154,156,152,155,125,26],"class_list":["post-408","post","type-post","status-publish","format-standard","has-post-thumbnail","hentry","category-ergebnisse","tag-kuem","tag-lemnitz","tag-leonhardt","tag-oranienburg","tag-rapp","tag-troche","tag-u11"],"jetpack_featured_media_url":"https:\/\/www.jsv-bernau.de\/jsv\/wp-content\/uploads\/post\/408\/bild01.jpg","jetpack_shortlink":"https:\/\/wp.me\/p5TGCK-6A","jetpack_sharing_enabled":true,"_links":{"self":[{"href":"https:\/\/www.jsv-bernau.de\/jsv\/wp-json\/wp\/v2\/posts\/408","targetHints":{"allow":["GET"]}}],"collection":[{"href":"https:\/\/www.jsv-bernau.de\/jsv\/wp-json\/wp\/v2\/posts"}],"about":[{"href":"https:\/\/www.jsv-bernau.de\/jsv\/wp-json\/wp\/v2\/types\/post"}],"author":[{"embeddable":true,"href":"https:\/\/www.jsv-bernau.de\/jsv\/wp-json\/wp\/v2\/users\/5"}],"replies":[{"embeddable":true,"href":"https:\/\/www.jsv-bernau.de\/jsv\/wp-json\/wp\/v2\/comments?post=408"}],"version-history":[{"count":1,"href":"https:\/\/www.jsv-bernau.de\/jsv\/wp-json\/wp\/v2\/posts\/408\/revisions"}],"predecessor-version":[{"id":1700,"href":"https:\/\/www.jsv-bernau.de\/jsv\/wp-json\/wp\/v2\/posts\/408\/revisions\/1700"}],"wp:featuredmedia":[{"embeddable":true,"href":"https:\/\/www.jsv-bernau.de\/jsv\/wp-json\/wp\/v2\/media\/410"}],"wp:attachment":[{"href":"https:\/\/www.jsv-bernau.de\/jsv\/wp-json\/wp\/v2\/media?parent=408"}],"wp:term":[{"taxonomy":"category","embeddable":true,"href":"https:\/\/www.jsv-bernau.de\/jsv\/wp-json\/wp\/v2\/categories?post=408"},{"taxonomy":"post_tag","embeddable":true,"href":"https:\/\/www.jsv-bernau.de\/jsv\/wp-json\/wp\/v2\/tags?post=408"}],"curies":[{"name":"wp","href":"https:\/\/api.w.org\/{rel}","templated":true}]}}