{"id":4207,"date":"2015-06-04T18:40:08","date_gmt":"2015-06-04T16:40:08","guid":{"rendered":"https:\/\/www.jsv-bernau.de\/jsv\/?p=4207"},"modified":"2015-06-04T18:48:44","modified_gmt":"2015-06-04T16:48:44","slug":"trainingslager-mit-otti-in-lindow","status":"publish","type":"post","link":"https:\/\/www.jsv-bernau.de\/jsv\/trainingslager-mit-otti-in-lindow\/","title":{"rendered":"Trainingslager mit Otti in Lindow"},"content":{"rendered":"<p>Am Wochenende vom 29.05.-31.05. stellten sich 23 Judokas dem Trainingslager im Sport- und Bildungszentrum in Lindow.<\/p>\n<p>Nach einem ruhigeren Freitag, mit Mattenaufbau und individuellen sportlichen Aktivit\u00e4ten, ging es dann Samstag richtig los. Eine Runde um den See vor dem Fr\u00fchst\u00fcck und dann eine Judoeinheit in der Halle waren der Beginn eines langen Trainingstages.<!--more--> Nach dem verdienten Mittag ging es in den Kraft- und Fitnessraum und zum ersten mal gab es auch eine Theorieeinheit, die uns zeigte, was alles m\u00f6glich ist um einen Kampf zu beenden. Ein Staffelschwimmwettkampf brachte noch einmal Bewegung und Ehrgeiz in die Gruppe. Danach kam f\u00fcr alle der wohl verdiente Schluss des Trainingstages. Ausgeklungen ist der Tag mit Musik in der Disco, wo jung und alt zusammen tanzten und ihren Abend genossen.<\/p>\n<p>Einige stellten sich erneut am Morgen dem Waldweg um den See und f\u00fcr die \u00dcbergebliebenen ging es auch so mit schmerzenden Muskeln\/ eingeschr\u00e4nkter Bewegungsfreiheit nach dem Fr\u00fchst\u00fcck zum letzten Training in die Halle. Mit ein wenig Technik und viel Bewegung beendeten wir ein sch\u00f6nes, aber viel zu kurzes Wochenende!<br \/>\nEin gro\u00dfes Dankesch\u00f6n von den Sportlern des JSV an die Organisation und nat\u00fcrlich auch an den leitenden Trainer Hartmut Ott!<\/p>\n","protected":false},"excerpt":{"rendered":"<p>Am Wochenende vom 29.05.-31.05. stellten sich 23 Judokas dem Trainingslager im Sport- und Bildungszentrum in Lindow. Nach einem ruhigeren Freitag, mit Mattenaufbau und individuellen sportlichen Aktivit\u00e4ten, ging es dann Samstag richtig los. Eine Runde um den See vor dem Fr\u00fchst\u00fcck und dann eine Judoeinheit in der Halle waren der Beginn eines langen Trainingstages.<\/p>\n","protected":false},"author":22,"featured_media":4209,"comment_status":"closed","ping_status":"open","sticky":false,"template":"","format":"standard","meta":{"ngg_post_thumbnail":0,"jetpack_post_was_ever_published":false,"_jetpack_newsletter_access":"","_jetpack_dont_email_post_to_subs":false,"_jetpack_newsletter_tier_id":0,"_jetpack_memberships_contains_paywalled_content":false,"_jetpack_memberships_contains_paid_content":false,"footnotes":""},"categories":[5],"tags":[387,98,99,291],"class_list":["post-4207","post","type-post","status-publish","format-standard","has-post-thumbnail","hentry","category-news","tag-387","tag-lindow","tag-ott","tag-trainingslager"],"jetpack_featured_media_url":"https:\/\/www.jsv-bernau.de\/jsv\/wp-content\/uploads\/post\/4207\/bild01.jpg","jetpack_shortlink":"https:\/\/wp.me\/p5TGCK-15R","jetpack_sharing_enabled":true,"_links":{"self":[{"href":"https:\/\/www.jsv-bernau.de\/jsv\/wp-json\/wp\/v2\/posts\/4207","targetHints":{"allow":["GET"]}}],"collection":[{"href":"https:\/\/www.jsv-bernau.de\/jsv\/wp-json\/wp\/v2\/posts"}],"about":[{"href":"https:\/\/www.jsv-bernau.de\/jsv\/wp-json\/wp\/v2\/types\/post"}],"author":[{"embeddable":true,"href":"https:\/\/www.jsv-bernau.de\/jsv\/wp-json\/wp\/v2\/users\/22"}],"replies":[{"embeddable":true,"href":"https:\/\/www.jsv-bernau.de\/jsv\/wp-json\/wp\/v2\/comments?post=4207"}],"version-history":[{"count":3,"href":"https:\/\/www.jsv-bernau.de\/jsv\/wp-json\/wp\/v2\/posts\/4207\/revisions"}],"predecessor-version":[{"id":4211,"href":"https:\/\/www.jsv-bernau.de\/jsv\/wp-json\/wp\/v2\/posts\/4207\/revisions\/4211"}],"wp:featuredmedia":[{"embeddable":true,"href":"https:\/\/www.jsv-bernau.de\/jsv\/wp-json\/wp\/v2\/media\/4209"}],"wp:attachment":[{"href":"https:\/\/www.jsv-bernau.de\/jsv\/wp-json\/wp\/v2\/media?parent=4207"}],"wp:term":[{"taxonomy":"category","embeddable":true,"href":"https:\/\/www.jsv-bernau.de\/jsv\/wp-json\/wp\/v2\/categories?post=4207"},{"taxonomy":"post_tag","embeddable":true,"href":"https:\/\/www.jsv-bernau.de\/jsv\/wp-json\/wp\/v2\/tags?post=4207"}],"curies":[{"name":"wp","href":"https:\/\/api.w.org\/{rel}","templated":true}]}}