{"id":423,"date":"2013-01-27T14:17:34","date_gmt":"2013-01-27T14:17:34","guid":{"rendered":"https:\/\/www.jsv-bernau.de\/jsv\/?p=423"},"modified":"2015-05-06T16:58:59","modified_gmt":"2015-05-06T14:58:59","slug":"landeseinzelmeisterschaften-der-ak-u18-und-u21-in-strausberg","status":"publish","type":"post","link":"https:\/\/www.jsv-bernau.de\/jsv\/landeseinzelmeisterschaften-der-ak-u18-und-u21-in-strausberg\/","title":{"rendered":"Landeseinzelmeisterschaften der AK U18 und U21 in Strausberg"},"content":{"rendered":"<p>Am Sonntag, den 27.01.13 ging es bei den Landeseinzelmeisterschaften der AK U18 und U21 hei\u00df her auf den Tatami im Landesleistungszentrum in Strausberg. In der Landhausstra\u00dfe fighteten die Judoka in Alters,und Gewichtsklassen f\u00fcr die Startpl\u00e4tze\/Teilnahme an den Nordostdeutschen Einzelmeisterschaften.<\/p>\n<p>Auch 12 Bernauer Judoka nahmen, mit einem Team aus erfahrenen K\u00e4mpfern und Youngstern, am ersten Wettkampfevent in diesem Jahr teil.<\/p>\n<p>Sehr zur Freude von Trainer Ott, best\u00e4tigten auch die j\u00fcngsten in der Altersklasse U18 ihre im Training sehr guten Ans\u00e4tze, jetzt auch im Wettkampf. So konnte Theo Herz nach beherzten K\u00e4mpfen in der Gewichtsklasse -66 kg die Bronzemedaille einfahren. Aber auch Marvin Burkhardt -60 kg, konnte nach drei tollen Siegen und zwei Niederlagen, mit Platz f\u00fcnf, ebenfalls den Startplatz zu den NODEM sichern. Des weiteren bewies Scully Porges, in der weiblichen U18, -52 kg, mit dem 2. Platz, dass mit ihr bei den Nordostdeutschen Meisterschaften am 16.02.13 zu rechnen sein muss. Schade und unn\u00f6tig war das Ausscheiden von Maria Lang und Florian Hensel, haben sie doch am Ende des letzten Jahres bei den Wettk\u00e4mpfen bewiesen was wirklich in ihnen steckt.<!--more--><\/p>\n<p>Das Highlight, aus Bernauer Sicht, folgte im Anschluss an den Wettk\u00e4mpfen der U18 und der weiblichen Judoka U18\/U21.<\/p>\n<p>Nicht nur dass mit Michel Daue -66kg, im letzten Jahr noch bis 60kg am Start, sich am Ende wieder ganz oben auf dem Siegerpodest wieder fand, nein, hinzu kam, nach Siegen gegen Sarkandy (Stahnsdorf); Hines und Rudat (Potsdam) die Ehrung zum &#8222;Besten Techniker der AK U21&#8220;, aber auch Moritz Gericke und Paul Roll setzten, in der sehr stark besetzten Gewichtsklasse, mehr als nur ein Achtungszeichen. Der sehr trainingsflei\u00dfige Moritz konnte in seinem erst zweiten Judowettkampf, bereits die Bronzemedaille erk\u00e4mpfen. Paul Roll komplettierte mit Platz 5, nach eindrucksvollen K\u00e4mpfen, u. a. gegen die starken Carslburg (Strausberg) und Fuhrig (Oranienburg), das 66\u2018er Trio was jetzt bei den NODEM an den Start geht. Aber eigentlich sind es f\u00fcnf Bernauer, die am 17.02.13 in Kienbaum, in der Gew.kl. -66kg an den Start gehen. Denn mit Martin Setz und Nico Rudat, die beide jetzt am Olympiast\u00fctzpunkt in Potsdam trainieren und einst das Judo-Einmaleins in Bernau erlernten, gesellen sich zwei weitere Bernauer hinzu.<\/p>\n<p>Was Jenny Roll \u2013 44 kg gelang, ist Enrico Wittwer +100 kg nur knapp verwehrt geblieben. So konnte Jenny Roll ihren Landesmeistertitel vom letzten Jahr verteidigen und der Bernauer H\u00fcne Enrico musste sich dieses Mal mit Silber begn\u00fcgen, was ihm selbst ganz sch\u00f6n wurmte. Pech an diesem Tag hatte, Paul Weber Markert (6.Platz -90kg), der super K\u00e4mpfe auf die Tatami zauberte, aber im Einzug ins Finale verlie\u00df ihm das Qu\u00e4ntchen Gl\u00fcck. Tragisch verlief der Wettkampf f\u00fcr Frederic Brunnett -81 kg, der sich gleich im ersten Kampf verletzte. Durch diese Verletzung verlor er den Kampf, hat aber dennoch, gehandicapt weitergek\u00e4mpft und den 7.Platz belegt.<\/p>\n<p>Den Spruch des Tages lieferte mit dem letzten Kampf des Tages, Paul Roll nach einer erfolgreich angewandten, speziellen W\u00fcrge-Technik Richtung Trainer, &#8222;das klappt ja doch was du uns im Training zeigst&#8220;, was nicht nur dem Trainer ein Grinsen ins Gesicht zauberte.<\/p>\n<p><a href=\"https:\/\/www.jsv-bernau.de\/jsv\/wp-content\/uploads\/post\/423\/bild01.jpg\"><img loading=\"lazy\" decoding=\"async\" class=\"colorbox-000423 alignleft wp-image-425 size-medium\" src=\"https:\/\/www.jsv-bernau.de\/jsv\/wp-content\/uploads\/post\/423\/bild01-330x220.jpg\" alt=\"bild01\" width=\"330\" height=\"220\" \/><\/a>\u00a0<a href=\"https:\/\/www.jsv-bernau.de\/jsv\/wp-content\/uploads\/post\/423\/bild02.jpg\"><img loading=\"lazy\" decoding=\"async\" class=\"colorbox-000423 wp-image-426 size-medium alignleft\" src=\"https:\/\/www.jsv-bernau.de\/jsv\/wp-content\/uploads\/post\/423\/bild02-330x220.jpg\" alt=\"bild02\" width=\"330\" height=\"220\" \/><\/a><\/p>\n","protected":false},"excerpt":{"rendered":"<p>Am Sonntag, den 27.01.13 ging es bei den Landeseinzelmeisterschaften der AK U18 und U21 hei\u00df her auf den Tatami im Landesleistungszentrum in Strausberg. In der Landhausstra\u00dfe fighteten die Judoka in Alters,und Gewichtsklassen f\u00fcr die Startpl\u00e4tze\/Teilnahme an den Nordostdeutschen Einzelmeisterschaften. Auch 12 Bernauer Judoka nahmen, mit einem Team aus erfahrenen K\u00e4mpfern und Youngstern, am ersten Wettkampfevent in diesem Jahr teil. Sehr zur Freude von Trainer Ott, best\u00e4tigten auch die j\u00fcngsten in der Altersklasse U18 ihre im Training sehr guten Ans\u00e4tze, jetzt auch im Wettkampf. So konnte Theo Herz nach beherzten K\u00e4mpfen in der Gewichtsklasse -66 kg die Bronzemedaille einfahren. Aber auch Marvin Burkhardt -60 kg, konnte nach drei tollen Siegen und zwei Niederlagen, mit Platz f\u00fcnf, ebenfalls den Startplatz zu den NODEM sichern. Des weiteren bewies Scully Porges, in der weiblichen U18, -52 kg, mit dem 2. Platz, dass mit ihr bei den Nordostdeutschen Meisterschaften am 16.02.13 zu rechnen sein muss. Schade und unn\u00f6tig war das Ausscheiden von Maria Lang und Florian Hensel, haben sie doch am Ende des letzten Jahres bei den Wettk\u00e4mpfen bewiesen was &hellip;<\/p>\n","protected":false},"author":6,"featured_media":424,"comment_status":"closed","ping_status":"open","sticky":false,"template":"","format":"standard","meta":{"ngg_post_thumbnail":0,"jetpack_post_was_ever_published":false,"_jetpack_newsletter_access":"","_jetpack_dont_email_post_to_subs":false,"_jetpack_newsletter_tier_id":0,"_jetpack_memberships_contains_paywalled_content":false,"_jetpack_memberships_contains_paid_content":false,"footnotes":""},"categories":[3],"tags":[178,63,67,61,79,72,175,29,176,21,115,177,65],"class_list":["post-423","post","type-post","status-publish","format-standard","has-post-thumbnail","hentry","category-ergebnisse","tag-brunnett","tag-burkhardt","tag-daue","tag-gericke","tag-landeseinzelmeisterschaften","tag-roll","tag-rudat","tag-setz","tag-stausberg","tag-u18","tag-u21","tag-werber-markert","tag-wittwer"],"jetpack_featured_media_url":"https:\/\/www.jsv-bernau.de\/jsv\/wp-content\/uploads\/post\/423\/preview.jpg","jetpack_shortlink":"https:\/\/wp.me\/p5TGCK-6P","jetpack_sharing_enabled":true,"_links":{"self":[{"href":"https:\/\/www.jsv-bernau.de\/jsv\/wp-json\/wp\/v2\/posts\/423","targetHints":{"allow":["GET"]}}],"collection":[{"href":"https:\/\/www.jsv-bernau.de\/jsv\/wp-json\/wp\/v2\/posts"}],"about":[{"href":"https:\/\/www.jsv-bernau.de\/jsv\/wp-json\/wp\/v2\/types\/post"}],"author":[{"embeddable":true,"href":"https:\/\/www.jsv-bernau.de\/jsv\/wp-json\/wp\/v2\/users\/6"}],"replies":[{"embeddable":true,"href":"https:\/\/www.jsv-bernau.de\/jsv\/wp-json\/wp\/v2\/comments?post=423"}],"version-history":[{"count":1,"href":"https:\/\/www.jsv-bernau.de\/jsv\/wp-json\/wp\/v2\/posts\/423\/revisions"}],"predecessor-version":[{"id":1708,"href":"https:\/\/www.jsv-bernau.de\/jsv\/wp-json\/wp\/v2\/posts\/423\/revisions\/1708"}],"wp:featuredmedia":[{"embeddable":true,"href":"https:\/\/www.jsv-bernau.de\/jsv\/wp-json\/wp\/v2\/media\/424"}],"wp:attachment":[{"href":"https:\/\/www.jsv-bernau.de\/jsv\/wp-json\/wp\/v2\/media?parent=423"}],"wp:term":[{"taxonomy":"category","embeddable":true,"href":"https:\/\/www.jsv-bernau.de\/jsv\/wp-json\/wp\/v2\/categories?post=423"},{"taxonomy":"post_tag","embeddable":true,"href":"https:\/\/www.jsv-bernau.de\/jsv\/wp-json\/wp\/v2\/tags?post=423"}],"curies":[{"name":"wp","href":"https:\/\/api.w.org\/{rel}","templated":true}]}}