{"id":4477,"date":"2015-11-16T22:28:53","date_gmt":"2015-11-16T21:28:53","guid":{"rendered":"https:\/\/www.jsv-bernau.de\/jsv\/?p=4477"},"modified":"2015-11-20T23:25:58","modified_gmt":"2015-11-20T22:25:58","slug":"u23-europameisterschaften-vom-12-15-11-2015-in-bratislava","status":"publish","type":"post","link":"https:\/\/www.jsv-bernau.de\/jsv\/u23-europameisterschaften-vom-12-15-11-2015-in-bratislava\/","title":{"rendered":"U23 Europameisterschaften &#8211; vom 12.-15.11.2015 in Bratislava"},"content":{"rendered":"<p><strong>Wir hatten leider kein (Los)gl\u00fcck gehabt&#8230;<\/strong><\/p>\n<p>Eigentlich fing alles ganz gut an.\u00a0Im ersten Kampf gegen den starken Ungaren Felician Ori (3.Platz 2015 bei den European-Open in Warschau) musste sich Martin anfangs aus einer brenzligen Armhebelsituation befreien ehe er in den Kampf fand. Im folgenden Kampfverlauf hatte Martin klar die Nase vorn. Nach einer kleinen Wertung f\u00fcr einen Schulterwurf folgte eine blitzschnelle Fu\u00dftechnik nach hinten, f\u00fcr die Martin einen Wazari (halben Punkt) bekam. Er setzte sofort nach und konnte den Kampf mit einer Festhalte vorzeitig f\u00fcr sich entscheiden.<\/p>\n<p>Es folgte der 2. und leider auch letzte Kampf von Martin. Gegen den Italiener Fabio Basile, den Martin bei einem der letzten European Cups auch schon besiegen konnte, fing alles sehr gut an und das hat mir Martin danach auch best\u00e4tigt. Auch ich hatte ein gutes Gef\u00fchl, denn Martin hatte den Kampf kontrolliert und mit einigen Techniken seinen Gegner kurz vor einer Wertung gehabt. In einer gef\u00e4hrlichen Situation, wo Basile nur knapp der Wurftechnik von Martin ausweichen konnte und leicht angeschlagen schien, kam dieser bl\u00f6de Fu\u00dffeger vom bis dahin passiv wirkenden Italiener. Da Martin das Aus vor dem Erreichen des Viertelfinales traf, kam das vorzeitige und ungl\u00fcckliche Aus im Achtelfinale. Der Italiener Basile ging seinen Weg und wurde letztendlich Europameister.<\/p>\n<p>Martin war nat\u00fcrlich bitter traurig, denn er wollte unter die Besten F\u00fcnf kommen und das Potential dazu hat er auch. Aber er wird wieder aufstehen und zeigen was in ihm steckt. Mit 21 Jahren hat Martin schon sehr viel erreicht und eigentlich das beste Judo-Alter noch vor sich. Schon die Teilnahme\/Nominierung f\u00fcr eine Europameisterschaft bzw. der harte Weg bis dorthin, bis zu den Besten ist eine bemerkenswerte und anerkennenswerte Leistung.<\/p>\n<div id='gallery-1' class='gallery galleryid-4477 gallery-columns-4 gallery-size-thumbnail'><dl class='gallery-item'>\n\t\t\t<dt class='gallery-icon landscape'>\n\t\t\t\t<a href='https:\/\/www.jsv-bernau.de\/jsv\/wp-content\/uploads\/post\/4477\/DSC_2390.jpg'><img loading=\"lazy\" decoding=\"async\" width=\"420\" height=\"280\" src=\"https:\/\/www.jsv-bernau.de\/jsv\/wp-content\/uploads\/post\/4477\/DSC_2390-420x280.jpg\" class=\"attachment-thumbnail size-thumbnail\" alt=\"\" srcset=\"https:\/\/www.jsv-bernau.de\/jsv\/wp-content\/uploads\/post\/4477\/DSC_2390-420x280.jpg 420w, https:\/\/www.jsv-bernau.de\/jsv\/wp-content\/uploads\/post\/4477\/DSC_2390-840x560.jpg 840w\" sizes=\"auto, (max-width: 420px) 100vw, 420px\" \/><\/a>\n\t\t\t<\/dt><\/dl><dl class='gallery-item'>\n\t\t\t<dt class='gallery-icon portrait'>\n\t\t\t\t<a href='https:\/\/www.jsv-bernau.de\/jsv\/wp-content\/uploads\/post\/4477\/DSC_2401.jpg'><img loading=\"lazy\" decoding=\"async\" width=\"382\" height=\"280\" src=\"https:\/\/www.jsv-bernau.de\/jsv\/wp-content\/uploads\/post\/4477\/DSC_2401-382x280.jpg\" class=\"attachment-thumbnail size-thumbnail\" alt=\"\" \/><\/a>\n\t\t\t<\/dt><\/dl><dl class='gallery-item'>\n\t\t\t<dt class='gallery-icon portrait'>\n\t\t\t\t<a href='https:\/\/www.jsv-bernau.de\/jsv\/wp-content\/uploads\/post\/4477\/DSC_2405.jpg'><img loading=\"lazy\" decoding=\"async\" width=\"382\" height=\"280\" src=\"https:\/\/www.jsv-bernau.de\/jsv\/wp-content\/uploads\/post\/4477\/DSC_2405-382x280.jpg\" class=\"attachment-thumbnail size-thumbnail\" alt=\"\" \/><\/a>\n\t\t\t<\/dt><\/dl><dl class='gallery-item'>\n\t\t\t<dt class='gallery-icon portrait'>\n\t\t\t\t<a href='https:\/\/www.jsv-bernau.de\/jsv\/wp-content\/uploads\/post\/4477\/DSC_2412.jpg'><img loading=\"lazy\" decoding=\"async\" width=\"382\" height=\"280\" src=\"https:\/\/www.jsv-bernau.de\/jsv\/wp-content\/uploads\/post\/4477\/DSC_2412-382x280.jpg\" class=\"attachment-thumbnail size-thumbnail\" alt=\"\" \/><\/a>\n\t\t\t<\/dt><\/dl><br style=\"clear: both\" \/><dl class='gallery-item'>\n\t\t\t<dt class='gallery-icon portrait'>\n\t\t\t\t<a href='https:\/\/www.jsv-bernau.de\/jsv\/wp-content\/uploads\/post\/4477\/DSC_2429.jpg'><img loading=\"lazy\" decoding=\"async\" width=\"382\" height=\"280\" src=\"https:\/\/www.jsv-bernau.de\/jsv\/wp-content\/uploads\/post\/4477\/DSC_2429-382x280.jpg\" class=\"attachment-thumbnail size-thumbnail\" alt=\"\" \/><\/a>\n\t\t\t<\/dt><\/dl><dl class='gallery-item'>\n\t\t\t<dt class='gallery-icon portrait'>\n\t\t\t\t<a href='https:\/\/www.jsv-bernau.de\/jsv\/wp-content\/uploads\/post\/4477\/DSC_2430.jpg'><img loading=\"lazy\" decoding=\"async\" width=\"382\" height=\"280\" src=\"https:\/\/www.jsv-bernau.de\/jsv\/wp-content\/uploads\/post\/4477\/DSC_2430-382x280.jpg\" class=\"attachment-thumbnail size-thumbnail\" alt=\"\" \/><\/a>\n\t\t\t<\/dt><\/dl><dl class='gallery-item'>\n\t\t\t<dt class='gallery-icon landscape'>\n\t\t\t\t<a href='https:\/\/www.jsv-bernau.de\/jsv\/wp-content\/uploads\/post\/4477\/DSC_2431.jpg'><img loading=\"lazy\" decoding=\"async\" width=\"420\" height=\"280\" src=\"https:\/\/www.jsv-bernau.de\/jsv\/wp-content\/uploads\/post\/4477\/DSC_2431-420x280.jpg\" class=\"attachment-thumbnail size-thumbnail\" alt=\"\" srcset=\"https:\/\/www.jsv-bernau.de\/jsv\/wp-content\/uploads\/post\/4477\/DSC_2431-420x280.jpg 420w, https:\/\/www.jsv-bernau.de\/jsv\/wp-content\/uploads\/post\/4477\/DSC_2431-840x560.jpg 840w\" sizes=\"auto, (max-width: 420px) 100vw, 420px\" \/><\/a>\n\t\t\t<\/dt><\/dl><dl class='gallery-item'>\n\t\t\t<dt class='gallery-icon landscape'>\n\t\t\t\t<a href='https:\/\/www.jsv-bernau.de\/jsv\/wp-content\/uploads\/post\/4477\/DSC_2443.jpg'><img loading=\"lazy\" decoding=\"async\" width=\"420\" height=\"280\" src=\"https:\/\/www.jsv-bernau.de\/jsv\/wp-content\/uploads\/post\/4477\/DSC_2443-420x280.jpg\" class=\"attachment-thumbnail size-thumbnail\" alt=\"\" srcset=\"https:\/\/www.jsv-bernau.de\/jsv\/wp-content\/uploads\/post\/4477\/DSC_2443-420x280.jpg 420w, https:\/\/www.jsv-bernau.de\/jsv\/wp-content\/uploads\/post\/4477\/DSC_2443-840x560.jpg 840w\" sizes=\"auto, (max-width: 420px) 100vw, 420px\" \/><\/a>\n\t\t\t<\/dt><\/dl><br style=\"clear: both\" \/><dl class='gallery-item'>\n\t\t\t<dt class='gallery-icon portrait'>\n\t\t\t\t<a href='https:\/\/www.jsv-bernau.de\/jsv\/wp-content\/uploads\/post\/4477\/DSC_2445.jpg'><img loading=\"lazy\" decoding=\"async\" width=\"382\" height=\"280\" src=\"https:\/\/www.jsv-bernau.de\/jsv\/wp-content\/uploads\/post\/4477\/DSC_2445-382x280.jpg\" class=\"attachment-thumbnail size-thumbnail\" alt=\"\" \/><\/a>\n\t\t\t<\/dt><\/dl>\n\t\t\t<br style='clear: both' \/>\n\t\t<\/div>\n\n","protected":false},"excerpt":{"rendered":"<p>Wir hatten leider kein (Los)gl\u00fcck gehabt&#8230; Eigentlich fing alles ganz gut an.\u00a0Im ersten Kampf gegen den starken Ungaren Felician Ori (3.Platz 2015 bei den European-Open in Warschau) musste sich Martin anfangs aus einer brenzligen Armhebelsituation befreien ehe er in den Kampf fand. Im folgenden Kampfverlauf hatte Martin klar die Nase vorn. Nach einer kleinen Wertung f\u00fcr einen Schulterwurf folgte eine blitzschnelle Fu\u00dftechnik nach hinten, f\u00fcr die Martin einen Wazari (halben Punkt) bekam. Er setzte sofort nach und konnte den Kampf mit einer Festhalte vorzeitig f\u00fcr sich entscheiden. Es folgte der 2. und leider auch letzte Kampf von Martin. Gegen den Italiener Fabio Basile, den Martin bei einem der letzten European Cups auch schon besiegen konnte, fing alles sehr gut an und das hat mir Martin danach auch best\u00e4tigt. Auch ich hatte ein gutes Gef\u00fchl, denn Martin hatte den Kampf kontrolliert und mit einigen Techniken seinen Gegner kurz vor einer Wertung gehabt. In einer gef\u00e4hrlichen Situation, wo Basile nur knapp der Wurftechnik von Martin ausweichen konnte und leicht angeschlagen schien, kam dieser bl\u00f6de Fu\u00dffeger vom bis &hellip;<\/p>\n","protected":false},"author":6,"featured_media":4478,"comment_status":"closed","ping_status":"open","sticky":false,"template":"","format":"standard","meta":{"ngg_post_thumbnail":0,"jetpack_post_was_ever_published":false,"_jetpack_newsletter_access":"","_jetpack_dont_email_post_to_subs":false,"_jetpack_newsletter_tier_id":0,"_jetpack_memberships_contains_paywalled_content":false,"_jetpack_memberships_contains_paid_content":false,"footnotes":""},"categories":[3],"tags":[419,421,418,420],"class_list":["post-4477","post","type-post","status-publish","format-standard","has-post-thumbnail","hentry","category-ergebnisse","tag-europameisterschaften","tag-hartmut-ott","tag-marti-setz","tag-u-23"],"jetpack_featured_media_url":"https:\/\/www.jsv-bernau.de\/jsv\/wp-content\/uploads\/post\/4477\/DSC_2407-Web.jpg","jetpack_shortlink":"https:\/\/wp.me\/p5TGCK-1ad","jetpack_sharing_enabled":true,"_links":{"self":[{"href":"https:\/\/www.jsv-bernau.de\/jsv\/wp-json\/wp\/v2\/posts\/4477","targetHints":{"allow":["GET"]}}],"collection":[{"href":"https:\/\/www.jsv-bernau.de\/jsv\/wp-json\/wp\/v2\/posts"}],"about":[{"href":"https:\/\/www.jsv-bernau.de\/jsv\/wp-json\/wp\/v2\/types\/post"}],"author":[{"embeddable":true,"href":"https:\/\/www.jsv-bernau.de\/jsv\/wp-json\/wp\/v2\/users\/6"}],"replies":[{"embeddable":true,"href":"https:\/\/www.jsv-bernau.de\/jsv\/wp-json\/wp\/v2\/comments?post=4477"}],"version-history":[{"count":3,"href":"https:\/\/www.jsv-bernau.de\/jsv\/wp-json\/wp\/v2\/posts\/4477\/revisions"}],"predecessor-version":[{"id":4586,"href":"https:\/\/www.jsv-bernau.de\/jsv\/wp-json\/wp\/v2\/posts\/4477\/revisions\/4586"}],"wp:featuredmedia":[{"embeddable":true,"href":"https:\/\/www.jsv-bernau.de\/jsv\/wp-json\/wp\/v2\/media\/4478"}],"wp:attachment":[{"href":"https:\/\/www.jsv-bernau.de\/jsv\/wp-json\/wp\/v2\/media?parent=4477"}],"wp:term":[{"taxonomy":"category","embeddable":true,"href":"https:\/\/www.jsv-bernau.de\/jsv\/wp-json\/wp\/v2\/categories?post=4477"},{"taxonomy":"post_tag","embeddable":true,"href":"https:\/\/www.jsv-bernau.de\/jsv\/wp-json\/wp\/v2\/tags?post=4477"}],"curies":[{"name":"wp","href":"https:\/\/api.w.org\/{rel}","templated":true}]}}