{"id":4588,"date":"2015-11-10T21:56:55","date_gmt":"2015-11-10T20:56:55","guid":{"rendered":"https:\/\/www.jsv-bernau.de\/jsv\/?p=4588"},"modified":"2015-11-24T22:10:47","modified_gmt":"2015-11-24T21:10:47","slug":"3-aktionstag-gegen-gewalt-an-maedchen-und-frauen","status":"publish","type":"post","link":"https:\/\/www.jsv-bernau.de\/jsv\/3-aktionstag-gegen-gewalt-an-maedchen-und-frauen\/","title":{"rendered":"3. Aktionstag gegen Gewalt an M\u00e4dchen und Frauen"},"content":{"rendered":"<p>Am 08. November 2015 fand in Bernau der Aktionstag gegen Gewalt an M\u00e4dchen und Frauen des Landessportbundes Brandenburg e.V. statt. Neben anderen Bernauer Kampfsport-Vereinen nahm auch der JSV Bernau e.V. an dieser Aktion teil. So gab es f\u00fcr die teilnehmenden M\u00e4dchen und Frauen Vorf\u00fchrungen in den Sportarten Judo, Ju-Jutsu und Taekwondo.<\/p>\n<p><img loading=\"lazy\" decoding=\"async\" class=\"alignleft wp-image-4589\" src=\"https:\/\/www.jsv-bernau.de\/jsv\/wp-content\/uploads\/post\/4588\/Plakat-396x560.png\" alt=\"Plakat\" width=\"250\" height=\"354\" srcset=\"https:\/\/www.jsv-bernau.de\/jsv\/wp-content\/uploads\/post\/4588\/Plakat-396x560.png 396w, https:\/\/www.jsv-bernau.de\/jsv\/wp-content\/uploads\/post\/4588\/Plakat-566x800.png 566w, https:\/\/www.jsv-bernau.de\/jsv\/wp-content\/uploads\/post\/4588\/Plakat.png 842w\" sizes=\"auto, (max-width: 250px) 100vw, 250px\" \/>Nach den Vorf\u00fchrungen boten die Sportvereine die M\u00f6glichkeit, weitere einfache Techniken in einer kurzen Trainingseinheit zu erlernen. F\u00fcr den JSV Bernau standen die Trainer Bj\u00f6rn Lehmann und Jens Katzorke auf der Matte, die Grundelemente des richtigen Fallens und einen einfachen Wurf an die Teilnehmerinnen vermittelten. Beim Training wurde aber auch immer wieder deutlich gemacht, dass es mit dem Erlernen von 1-2 Techniken nicht getan ist, sondern f\u00fcr eine gute SV-F\u00e4higkeit und Fitness ein regelm\u00e4\u00dfiges Training notwendig ist.<\/p>\n<p>Am Ende war es f\u00fcr alle Teilnehmerinnen, die Vereine und den Veranstalter ein gelungener Tag. F\u00fcr die Zukunft bleibt zu hoffen, dass sich dieses kostenfreie Angebot weiter herumspricht und beim n\u00e4chsten Aktionstag noch mehr Frauen und M\u00e4dchen die Kurse wahrnehmen.<\/p>\n<div id='gallery-1' class='gallery galleryid-4588 gallery-columns-4 gallery-size-thumbnail'><dl class='gallery-item'>\n\t\t\t<dt class='gallery-icon landscape'>\n\t\t\t\t<a href='https:\/\/www.jsv-bernau.de\/jsv\/wp-content\/uploads\/post\/4588\/Foto_4.jpg'><img loading=\"lazy\" decoding=\"async\" width=\"420\" height=\"280\" src=\"https:\/\/www.jsv-bernau.de\/jsv\/wp-content\/uploads\/post\/4588\/Foto_4-420x280.jpg\" class=\"attachment-thumbnail size-thumbnail\" alt=\"\" srcset=\"https:\/\/www.jsv-bernau.de\/jsv\/wp-content\/uploads\/post\/4588\/Foto_4-420x280.jpg 420w, https:\/\/www.jsv-bernau.de\/jsv\/wp-content\/uploads\/post\/4588\/Foto_4-840x560.jpg 840w\" sizes=\"auto, (max-width: 420px) 100vw, 420px\" \/><\/a>\n\t\t\t<\/dt><\/dl><dl class='gallery-item'>\n\t\t\t<dt class='gallery-icon landscape'>\n\t\t\t\t<a href='https:\/\/www.jsv-bernau.de\/jsv\/wp-content\/uploads\/post\/4588\/DSCN9346.jpg'><img loading=\"lazy\" decoding=\"async\" width=\"420\" height=\"280\" src=\"https:\/\/www.jsv-bernau.de\/jsv\/wp-content\/uploads\/post\/4588\/DSCN9346-420x280.jpg\" class=\"attachment-thumbnail size-thumbnail\" alt=\"\" \/><\/a>\n\t\t\t<\/dt><\/dl><dl class='gallery-item'>\n\t\t\t<dt class='gallery-icon landscape'>\n\t\t\t\t<a href='https:\/\/www.jsv-bernau.de\/jsv\/wp-content\/uploads\/post\/4588\/DSCN9351.jpg'><img loading=\"lazy\" decoding=\"async\" width=\"420\" height=\"280\" src=\"https:\/\/www.jsv-bernau.de\/jsv\/wp-content\/uploads\/post\/4588\/DSCN9351-420x280.jpg\" class=\"attachment-thumbnail size-thumbnail\" alt=\"\" \/><\/a>\n\t\t\t<\/dt><\/dl><dl class='gallery-item'>\n\t\t\t<dt class='gallery-icon landscape'>\n\t\t\t\t<a href='https:\/\/www.jsv-bernau.de\/jsv\/wp-content\/uploads\/post\/4588\/DSCN9370.jpg'><img loading=\"lazy\" decoding=\"async\" width=\"420\" height=\"280\" src=\"https:\/\/www.jsv-bernau.de\/jsv\/wp-content\/uploads\/post\/4588\/DSCN9370-420x280.jpg\" class=\"attachment-thumbnail size-thumbnail\" alt=\"\" \/><\/a>\n\t\t\t<\/dt><\/dl><br style=\"clear: both\" \/><dl class='gallery-item'>\n\t\t\t<dt class='gallery-icon landscape'>\n\t\t\t\t<a href='https:\/\/www.jsv-bernau.de\/jsv\/wp-content\/uploads\/post\/4588\/DSCN9376.jpg'><img loading=\"lazy\" decoding=\"async\" width=\"420\" height=\"280\" src=\"https:\/\/www.jsv-bernau.de\/jsv\/wp-content\/uploads\/post\/4588\/DSCN9376-420x280.jpg\" class=\"attachment-thumbnail size-thumbnail\" alt=\"\" \/><\/a>\n\t\t\t<\/dt><\/dl><dl class='gallery-item'>\n\t\t\t<dt class='gallery-icon portrait'>\n\t\t\t\t<a href='https:\/\/www.jsv-bernau.de\/jsv\/wp-content\/uploads\/post\/4588\/DSCN9390.jpg'><img loading=\"lazy\" decoding=\"async\" width=\"375\" height=\"280\" src=\"https:\/\/www.jsv-bernau.de\/jsv\/wp-content\/uploads\/post\/4588\/DSCN9390-375x280.jpg\" class=\"attachment-thumbnail size-thumbnail\" alt=\"\" \/><\/a>\n\t\t\t<\/dt><\/dl><dl class='gallery-item'>\n\t\t\t<dt class='gallery-icon portrait'>\n\t\t\t\t<a href='https:\/\/www.jsv-bernau.de\/jsv\/wp-content\/uploads\/post\/4588\/DSCN9392.jpg'><img loading=\"lazy\" decoding=\"async\" width=\"375\" height=\"280\" src=\"https:\/\/www.jsv-bernau.de\/jsv\/wp-content\/uploads\/post\/4588\/DSCN9392-375x280.jpg\" class=\"attachment-thumbnail size-thumbnail\" alt=\"\" \/><\/a>\n\t\t\t<\/dt><\/dl><dl class='gallery-item'>\n\t\t\t<dt class='gallery-icon landscape'>\n\t\t\t\t<a href='https:\/\/www.jsv-bernau.de\/jsv\/wp-content\/uploads\/post\/4588\/DSCN9393.jpg'><img loading=\"lazy\" decoding=\"async\" width=\"420\" height=\"280\" src=\"https:\/\/www.jsv-bernau.de\/jsv\/wp-content\/uploads\/post\/4588\/DSCN9393-420x280.jpg\" class=\"attachment-thumbnail size-thumbnail\" alt=\"\" \/><\/a>\n\t\t\t<\/dt><\/dl><br style=\"clear: both\" \/>\n\t\t<\/div>\n\n","protected":false},"excerpt":{"rendered":"<p>Am 08. November 2015 fand in Bernau der Aktionstag gegen Gewalt an M\u00e4dchen und Frauen des Landessportbundes Brandenburg e.V. statt. Neben anderen Bernauer Kampfsport-Vereinen nahm auch der JSV Bernau e.V. an dieser Aktion teil. So gab es f\u00fcr die teilnehmenden M\u00e4dchen und Frauen Vorf\u00fchrungen in den Sportarten Judo, Ju-Jutsu und Taekwondo. Nach den Vorf\u00fchrungen boten die Sportvereine die M\u00f6glichkeit, weitere einfache Techniken in einer kurzen Trainingseinheit zu erlernen. F\u00fcr den JSV Bernau standen die Trainer Bj\u00f6rn Lehmann und Jens Katzorke auf der Matte, die Grundelemente des richtigen Fallens und einen einfachen Wurf an die Teilnehmerinnen vermittelten. Beim Training wurde aber auch immer wieder deutlich gemacht, dass es mit dem Erlernen von 1-2 Techniken nicht getan ist, sondern f\u00fcr eine gute SV-F\u00e4higkeit und Fitness ein regelm\u00e4\u00dfiges Training notwendig ist. Am Ende war es f\u00fcr alle Teilnehmerinnen, die Vereine und den Veranstalter ein gelungener Tag. F\u00fcr die Zukunft bleibt zu hoffen, dass sich dieses kostenfreie Angebot weiter herumspricht und beim n\u00e4chsten Aktionstag noch mehr Frauen und M\u00e4dchen die Kurse wahrnehmen.<\/p>\n","protected":false},"author":1,"featured_media":4590,"comment_status":"closed","ping_status":"open","sticky":false,"template":"","format":"standard","meta":{"ngg_post_thumbnail":0,"jetpack_post_was_ever_published":false,"_jetpack_newsletter_access":"","_jetpack_dont_email_post_to_subs":false,"_jetpack_newsletter_tier_id":0,"_jetpack_memberships_contains_paywalled_content":false,"_jetpack_memberships_contains_paid_content":false,"footnotes":""},"categories":[1,5],"tags":[425,426],"class_list":["post-4588","post","type-post","status-publish","format-standard","has-post-thumbnail","hentry","category-allgemein","category-news","tag-aktionstag","tag-lsb"],"jetpack_featured_media_url":"https:\/\/www.jsv-bernau.de\/jsv\/wp-content\/uploads\/post\/4588\/Foto_4.jpg","jetpack_shortlink":"https:\/\/wp.me\/p5TGCK-1c0","jetpack_sharing_enabled":true,"_links":{"self":[{"href":"https:\/\/www.jsv-bernau.de\/jsv\/wp-json\/wp\/v2\/posts\/4588","targetHints":{"allow":["GET"]}}],"collection":[{"href":"https:\/\/www.jsv-bernau.de\/jsv\/wp-json\/wp\/v2\/posts"}],"about":[{"href":"https:\/\/www.jsv-bernau.de\/jsv\/wp-json\/wp\/v2\/types\/post"}],"author":[{"embeddable":true,"href":"https:\/\/www.jsv-bernau.de\/jsv\/wp-json\/wp\/v2\/users\/1"}],"replies":[{"embeddable":true,"href":"https:\/\/www.jsv-bernau.de\/jsv\/wp-json\/wp\/v2\/comments?post=4588"}],"version-history":[{"count":2,"href":"https:\/\/www.jsv-bernau.de\/jsv\/wp-json\/wp\/v2\/posts\/4588\/revisions"}],"predecessor-version":[{"id":4599,"href":"https:\/\/www.jsv-bernau.de\/jsv\/wp-json\/wp\/v2\/posts\/4588\/revisions\/4599"}],"wp:featuredmedia":[{"embeddable":true,"href":"https:\/\/www.jsv-bernau.de\/jsv\/wp-json\/wp\/v2\/media\/4590"}],"wp:attachment":[{"href":"https:\/\/www.jsv-bernau.de\/jsv\/wp-json\/wp\/v2\/media?parent=4588"}],"wp:term":[{"taxonomy":"category","embeddable":true,"href":"https:\/\/www.jsv-bernau.de\/jsv\/wp-json\/wp\/v2\/categories?post=4588"},{"taxonomy":"post_tag","embeddable":true,"href":"https:\/\/www.jsv-bernau.de\/jsv\/wp-json\/wp\/v2\/tags?post=4588"}],"curies":[{"name":"wp","href":"https:\/\/api.w.org\/{rel}","templated":true}]}}