{"id":460,"date":"2010-01-23T10:31:02","date_gmt":"2010-01-23T10:31:02","guid":{"rendered":"https:\/\/www.jsv-bernau.de\/jsv\/?p=460"},"modified":"2015-04-29T21:10:09","modified_gmt":"2015-04-29T19:10:09","slug":"5-platz-fuer-franzi-pinske-bei-den-deutschen-meisterschaften","status":"publish","type":"post","link":"https:\/\/www.jsv-bernau.de\/jsv\/5-platz-fuer-franzi-pinske-bei-den-deutschen-meisterschaften\/","title":{"rendered":"5. Platz f\u00fcr Franzi Pinske bei den Deutschen Meisterschaften"},"content":{"rendered":"<p>Am 23.\/24.Januar 2010 kam es im Bayrischen Bayreuth zum Aufeinandertreffen der besten Judoka Deutschlands. \u00dcber das ganze Jahr 2009 hinweg mussten sie sich \u00fcber Ranglistenturnieren und der Deutschen Meisterschaft der Landesverb\u00e4nde die Qualifikation zum gr\u00f6\u00dften innerdeutschen Event erk\u00e4mpfen. Hinzu kamen die Kader des Deutschen Judobundes, die sich im Vorfeld der Meisterschaft im Mutterland des Judo Japan, vorbereiteten.<!--more--><\/p>\n<p>Wenn auch einige Topjudoka, wie der Olympiasieger Ole Bischof oder die WM dritte Romy Tarangul fehlten, war letzten Endes doch noch ein hochkar\u00e4tiges Teilnehmerfeld am Start.<\/p>\n<p>Mit dabei auch Franzi Pinske aus Bernau. Die hatte sich mit drei Platzierungen bei den Ranglistenturnieren den Startplatz in der Gewichtsklasse bis 48kg erk\u00e4mpft. Ihre Vorbereitung war nicht so spektakul\u00e4r wie derer vom Landeskader in Japan, aber bestimmt nicht weniger anstrengend. So trainierte sie 4-5 mal in der Woche im Dojo in der Heinersdorfer Str. beim PSV Bernau. In der unmittelbaren Vorbereitung kamen dann noch Zusatzeinheiten am Wochenende hinzu.<\/p>\n<p>Und es hat sich gelohnt. Franzi hatte es im ersten Kampf mit Mira Ullrich vom 1.JC M\u00f6nchengladbach zu tun. Anfangs k\u00e4mpfte sie mehr mir ihrer Aufregung als mit ihrer Gegnerin. Wenn auch etwas holprig, hat sie diesen Fight sicher f\u00fcr sich entschieden.<\/p>\n<p>Im Viertelfinale wartete die sp\u00e4tere Deutsche Meisterin Kay Kraus vom TSV M\u00fcnchen Gro\u00dfhadern auf Franzi. Die Vorstellung der K\u00e4mpferin unmittelbar vor dem Kampf war nicht unbedingt notwendig um zu wissen, welcher Brocken jetzt folgt. Denn Kay Kraus hat im Jahr 2009 die Internationale Deutsche Meisterschaft und andere internationale Turniere gewonnen. In diesem Kampf, welcher vorzeitig verloren ging, musste Franzi und ihr Trainer Hartmut Ott neidlos anerkennen das Kay Kraus sp\u00e4ter zu recht Deutsche Meisterin wurde.<\/p>\n<p>In der Hoffnungsrunde besiegte sie dann aber nach hartem Kampf Lisanne Sturm vom JC Wiesbaden. Die hatte im Kampf zuvor immerhin die Vizeweltmeisterin Katharina Menz aus W\u00fcrttemberg besiegt! Das kleine Finale um Platz drei, gegen Sabine Goller vom JV Ippon Rodewisch, hielt Franzi lange offen. Beide schenkten sich nichts und h\u00e4tten den dritten Platz verdient. Aber es war die, unter Judoka ber\u00fchmte Bananenschale (ein Fu\u00dffeger), der Franzi zum Opfer fiel.<\/p>\n<p>Tief betr\u00fcbt und mit einem Veilchen am Auge gezeichnet beendete Franzi mit einem sehr guten 5.Platz die Deutsche Meisterschaft 2010.<\/p>\n","protected":false},"excerpt":{"rendered":"<p>Am 23.\/24.Januar 2010 kam es im Bayrischen Bayreuth zum Aufeinandertreffen der besten Judoka Deutschlands. \u00dcber das ganze Jahr 2009 hinweg mussten sie sich \u00fcber Ranglistenturnieren und der Deutschen Meisterschaft der Landesverb\u00e4nde die Qualifikation zum gr\u00f6\u00dften innerdeutschen Event erk\u00e4mpfen. Hinzu kamen die Kader des Deutschen Judobundes, die sich im Vorfeld der Meisterschaft im Mutterland des Judo Japan, vorbereiteten.<\/p>\n","protected":false},"author":6,"featured_media":461,"comment_status":"closed","ping_status":"open","sticky":false,"template":"","format":"standard","meta":{"ngg_post_thumbnail":0,"jetpack_post_was_ever_published":false,"_jetpack_newsletter_access":"","_jetpack_dont_email_post_to_subs":false,"_jetpack_newsletter_tier_id":0,"_jetpack_memberships_contains_paywalled_content":false,"_jetpack_memberships_contains_paid_content":false,"footnotes":""},"categories":[3],"tags":[78,75,77,76],"class_list":["post-460","post","type-post","status-publish","format-standard","has-post-thumbnail","hentry","category-ergebnisse","tag-78","tag-bayreuth","tag-deutsche","tag-franzi"],"jetpack_featured_media_url":"https:\/\/www.jsv-bernau.de\/jsv\/wp-content\/uploads\/post\/460\/franzi.jpg","jetpack_shortlink":"https:\/\/wp.me\/p5TGCK-7q","jetpack_sharing_enabled":true,"_links":{"self":[{"href":"https:\/\/www.jsv-bernau.de\/jsv\/wp-json\/wp\/v2\/posts\/460","targetHints":{"allow":["GET"]}}],"collection":[{"href":"https:\/\/www.jsv-bernau.de\/jsv\/wp-json\/wp\/v2\/posts"}],"about":[{"href":"https:\/\/www.jsv-bernau.de\/jsv\/wp-json\/wp\/v2\/types\/post"}],"author":[{"embeddable":true,"href":"https:\/\/www.jsv-bernau.de\/jsv\/wp-json\/wp\/v2\/users\/6"}],"replies":[{"embeddable":true,"href":"https:\/\/www.jsv-bernau.de\/jsv\/wp-json\/wp\/v2\/comments?post=460"}],"version-history":[{"count":1,"href":"https:\/\/www.jsv-bernau.de\/jsv\/wp-json\/wp\/v2\/posts\/460\/revisions"}],"predecessor-version":[{"id":1538,"href":"https:\/\/www.jsv-bernau.de\/jsv\/wp-json\/wp\/v2\/posts\/460\/revisions\/1538"}],"wp:featuredmedia":[{"embeddable":true,"href":"https:\/\/www.jsv-bernau.de\/jsv\/wp-json\/wp\/v2\/media\/461"}],"wp:attachment":[{"href":"https:\/\/www.jsv-bernau.de\/jsv\/wp-json\/wp\/v2\/media?parent=460"}],"wp:term":[{"taxonomy":"category","embeddable":true,"href":"https:\/\/www.jsv-bernau.de\/jsv\/wp-json\/wp\/v2\/categories?post=460"},{"taxonomy":"post_tag","embeddable":true,"href":"https:\/\/www.jsv-bernau.de\/jsv\/wp-json\/wp\/v2\/tags?post=460"}],"curies":[{"name":"wp","href":"https:\/\/api.w.org\/{rel}","templated":true}]}}