{"id":4605,"date":"2015-12-18T16:29:16","date_gmt":"2015-12-18T15:29:16","guid":{"rendered":"https:\/\/www.jsv-bernau.de\/jsv\/?p=4605"},"modified":"2015-12-31T16:48:45","modified_gmt":"2015-12-31T15:48:45","slug":"1-bernauer-judoka-beim-judo-grand-slam-in-tokio-dabei","status":"publish","type":"post","link":"https:\/\/www.jsv-bernau.de\/jsv\/1-bernauer-judoka-beim-judo-grand-slam-in-tokio-dabei\/","title":{"rendered":"1. Bernauer Judoka beim Judo Grand Slam in Tokio dabei"},"content":{"rendered":"<p>Diese Ehre und Anerkennung kommt nicht vielen Judoka zuteil, die Teilnahme an einem Grand Slam und dann auch noch im Mutterland des Judo, in Tokio (Japan). Nachdem der geb\u00fcrtige Bernauer Martin Setz in den letzten Jahren schon zweimal an einem Trainingslager in Japan teilgenommen hat, kam die Einladung zu einem weiteren Trainingslager mit der Weltelite nicht \u00fcberraschend. Aber umso bemerkenswerter war die Nachricht, dass Martin auch beim Grand Slam mit anschlie\u00dfendem Trainingslager vom 01.12.-16.12.2015 an den Start gehen wird.<\/p>\n<p><img loading=\"lazy\" decoding=\"async\" class=\"alignleft wp-image-4607 \" src=\"https:\/\/www.jsv-bernau.de\/jsv\/wp-content\/uploads\/post\/4605\/IMG-20151215-WA0000-420x560.jpg\" alt=\"IMG-20151215-WA0000\" width=\"288\" height=\"384\" srcset=\"https:\/\/www.jsv-bernau.de\/jsv\/wp-content\/uploads\/post\/4605\/IMG-20151215-WA0000-420x560.jpg 420w, https:\/\/www.jsv-bernau.de\/jsv\/wp-content\/uploads\/post\/4605\/IMG-20151215-WA0000-600x800.jpg 600w, https:\/\/www.jsv-bernau.de\/jsv\/wp-content\/uploads\/post\/4605\/IMG-20151215-WA0000.jpg 1200w\" sizes=\"auto, (max-width: 288px) 100vw, 288px\" \/>Nat\u00fcrlich war die Freude riesengro\u00df bei Martin und seiner gro\u00dfen Bernauer Fangemeinde, bis hin zu seinem ehemaligen Trainer Hartmut Ott, mit dem er auch in Japan, Dank der heutigen Kommunikationstechnik im st\u00e4ndigen Kontakt ist\/war. Wissend des starken und prominenten Teilnehmerfeldes, w\u00fcnschte Trainer Ott seinem ehemaligen Sch\u00fctzling ,,Einen guten Start ins Turnier und genie\u00dfe den ersten Grand Slam\u2018\u2018. Am 05.12.2015 war es dann soweit, der erste Bernauer Judoka betritt in Tokio die Tatami mit den besten Judoka bei einem Grand Slam. Der erste Auftritt gegen den Australier Janiv Oren (3.Platz bei den Ocean Open in Apia) war wie ma\u00dfgeschneidert, Martin hatte einen fulminanten Einstand, denn nach 1:28 min. Kampfzeit packte der Bernauer seinen Seoi-Nage (Schulterwurf) aus und beendete den Kampf vorzeitig mit Ippon (voller Punkt). Im 2. Kampf wartete dann ein richtig dicker Brocken und zwar der amtierende Vizeolympiasieger von 2012 in London, Miklas Ungvari aus Ungarn. Im Judo ist vieles m\u00f6glich und im richtigen Moment mit der richtigen Aktion ist auch ein so routinierter K\u00e4mpfer wie Ungvari schlagbar. Aber diesmal hat es noch nicht gereicht. Martin hat lange gut mit,-und gegengehalten, aber gegen den harten und unbequemen Griffkampf kein Mittel gefunden, sodass eine Standaktion im Boden mit anschlie\u00dfender Festhalte endete. Somit war der Wettkampf f\u00fcr Martin leider schon beendet, denn das Judowettkampfsystem ist wie in einigen anderen Zweikampfsportarten leider so, dass bei Nichterreichen des Viertelfinals das Aus folgt. Trotzdem ereiltem dem jungen 21.j\u00e4hrigen Bernauer Gl\u00fcckw\u00fcnsche aus der Heimatstadt: ,,Gl\u00fcckwunsch zum 1.Sieg beim 1.Grand Slam\u2018\u2018. Auf die Frage: Wie war es gegen den Vizeolympiasieger ,,War aber auf jeden Fall ein Klasseerlebnis\u2018\u2018<\/p>\n<p>Das dieses gnadenlose Aus auch Topleuten ereilen kann, zeigte das unerwartete Ausscheiden des Weltmeisters von 2014 und Vizeweltmeister von 2015 Riki Nakay aus Japan.<\/p>\n<p>Viele Judonationen nutzen das anschlie\u00dfende Trainingslager mit den vielen Topathleten in Japan zum gemeinsamen Training (2 x t\u00e4glich), mit sehr vielen Randoris (20 K\u00e4mpfe pro Trainingseinheit) und Technikeinheiten. Stattgefunden haben diese Einheiten im legend\u00e4ren <b>\u201e<\/b>Kodokan<b>\u201c<\/b> in Tokio. <strong>K\u014dd\u014dkan<\/strong> jap. \u8b1b\u9053\u9928; <strong>\u201eHalle zur Lehre des Weges\u201c<\/strong> ist die \u00e4lteste und bedeutendste Judo-Schule der Welt. Sie\u00a0 wurde 1882 vom Begr\u00fcnder des Judo, Jigoro Kano, gegr\u00fcndet.<\/p>\n<p>Am freien Tag diente ein Wellness\/Spaaufenthalt der Regeneration. Aber auch die kulinarischen Delikatessen Japans kamen nicht zu kurz, so wurden u. a. Zwerchfell, Darm und Zunge am Tisch gegrillt. Am letzten Trainingstag, dem 15.12.15 gab es dann die letzten 3 Boden und 8 Standrandoris, bevor es dann am 16.12.2015 wieder zur\u00fcck nach Deutschland geht.<\/p>\n<div id='gallery-1' class='gallery galleryid-4605 gallery-columns-4 gallery-size-thumbnail'><dl class='gallery-item'>\n\t\t\t<dt class='gallery-icon landscape'>\n\t\t\t\t<a href='https:\/\/www.jsv-bernau.de\/jsv\/wp-content\/uploads\/post\/4605\/IMG-20151203-WA00001.jpg'><img loading=\"lazy\" decoding=\"async\" width=\"420\" height=\"280\" src=\"https:\/\/www.jsv-bernau.de\/jsv\/wp-content\/uploads\/post\/4605\/IMG-20151203-WA00001-420x280.jpg\" class=\"attachment-thumbnail size-thumbnail\" alt=\"\" srcset=\"https:\/\/www.jsv-bernau.de\/jsv\/wp-content\/uploads\/post\/4605\/IMG-20151203-WA00001-420x280.jpg 420w, https:\/\/www.jsv-bernau.de\/jsv\/wp-content\/uploads\/post\/4605\/IMG-20151203-WA00001-840x560.jpg 840w\" sizes=\"auto, (max-width: 420px) 100vw, 420px\" \/><\/a>\n\t\t\t<\/dt><\/dl><dl class='gallery-item'>\n\t\t\t<dt class='gallery-icon landscape'>\n\t\t\t\t<a href='https:\/\/www.jsv-bernau.de\/jsv\/wp-content\/uploads\/post\/4605\/IMG-20151204-WA0000.jpg'><img loading=\"lazy\" decoding=\"async\" width=\"420\" height=\"280\" src=\"https:\/\/www.jsv-bernau.de\/jsv\/wp-content\/uploads\/post\/4605\/IMG-20151204-WA0000-420x280.jpg\" class=\"attachment-thumbnail size-thumbnail\" alt=\"\" srcset=\"https:\/\/www.jsv-bernau.de\/jsv\/wp-content\/uploads\/post\/4605\/IMG-20151204-WA0000-420x280.jpg 420w, https:\/\/www.jsv-bernau.de\/jsv\/wp-content\/uploads\/post\/4605\/IMG-20151204-WA0000-840x560.jpg 840w\" sizes=\"auto, (max-width: 420px) 100vw, 420px\" \/><\/a>\n\t\t\t<\/dt><\/dl><dl class='gallery-item'>\n\t\t\t<dt class='gallery-icon landscape'>\n\t\t\t\t<a href='https:\/\/www.jsv-bernau.de\/jsv\/wp-content\/uploads\/post\/4605\/IMG-20151204-WA0001.jpg'><img loading=\"lazy\" decoding=\"async\" width=\"420\" height=\"280\" src=\"https:\/\/www.jsv-bernau.de\/jsv\/wp-content\/uploads\/post\/4605\/IMG-20151204-WA0001-420x280.jpg\" class=\"attachment-thumbnail size-thumbnail\" alt=\"\" srcset=\"https:\/\/www.jsv-bernau.de\/jsv\/wp-content\/uploads\/post\/4605\/IMG-20151204-WA0001-420x280.jpg 420w, https:\/\/www.jsv-bernau.de\/jsv\/wp-content\/uploads\/post\/4605\/IMG-20151204-WA0001-840x560.jpg 840w\" sizes=\"auto, (max-width: 420px) 100vw, 420px\" \/><\/a>\n\t\t\t<\/dt><\/dl><dl class='gallery-item'>\n\t\t\t<dt class='gallery-icon landscape'>\n\t\t\t\t<a href='https:\/\/www.jsv-bernau.de\/jsv\/wp-content\/uploads\/post\/4605\/IMG-20151210-WA0000.jpg'><img loading=\"lazy\" decoding=\"async\" width=\"420\" height=\"280\" src=\"https:\/\/www.jsv-bernau.de\/jsv\/wp-content\/uploads\/post\/4605\/IMG-20151210-WA0000-420x280.jpg\" class=\"attachment-thumbnail size-thumbnail\" alt=\"\" srcset=\"https:\/\/www.jsv-bernau.de\/jsv\/wp-content\/uploads\/post\/4605\/IMG-20151210-WA0000-420x280.jpg 420w, https:\/\/www.jsv-bernau.de\/jsv\/wp-content\/uploads\/post\/4605\/IMG-20151210-WA0000-840x560.jpg 840w\" sizes=\"auto, (max-width: 420px) 100vw, 420px\" \/><\/a>\n\t\t\t<\/dt><\/dl><br style=\"clear: both\" \/><dl class='gallery-item'>\n\t\t\t<dt class='gallery-icon portrait'>\n\t\t\t\t<a href='https:\/\/www.jsv-bernau.de\/jsv\/wp-content\/uploads\/post\/4605\/IMG-20151214-WA00001.jpg'><img loading=\"lazy\" decoding=\"async\" width=\"338\" height=\"280\" src=\"https:\/\/www.jsv-bernau.de\/jsv\/wp-content\/uploads\/post\/4605\/IMG-20151214-WA00001-338x280.jpg\" class=\"attachment-thumbnail size-thumbnail\" alt=\"\" \/><\/a>\n\t\t\t<\/dt><\/dl><dl class='gallery-item'>\n\t\t\t<dt class='gallery-icon portrait'>\n\t\t\t\t<a href='https:\/\/www.jsv-bernau.de\/jsv\/wp-content\/uploads\/post\/4605\/IMG-20151215-WA00001.jpg'><img loading=\"lazy\" decoding=\"async\" width=\"420\" height=\"280\" src=\"https:\/\/www.jsv-bernau.de\/jsv\/wp-content\/uploads\/post\/4605\/IMG-20151215-WA00001-420x280.jpg\" class=\"attachment-thumbnail size-thumbnail\" alt=\"\" \/><\/a>\n\t\t\t<\/dt><\/dl><dl class='gallery-item'>\n\t\t\t<dt class='gallery-icon landscape'>\n\t\t\t\t<a href='https:\/\/www.jsv-bernau.de\/jsv\/wp-content\/uploads\/post\/4605\/IMG-20151215-WA0001.jpg'><img loading=\"lazy\" decoding=\"async\" width=\"420\" height=\"280\" src=\"https:\/\/www.jsv-bernau.de\/jsv\/wp-content\/uploads\/post\/4605\/IMG-20151215-WA0001-420x280.jpg\" class=\"attachment-thumbnail size-thumbnail\" alt=\"\" srcset=\"https:\/\/www.jsv-bernau.de\/jsv\/wp-content\/uploads\/post\/4605\/IMG-20151215-WA0001-420x280.jpg 420w, https:\/\/www.jsv-bernau.de\/jsv\/wp-content\/uploads\/post\/4605\/IMG-20151215-WA0001-840x560.jpg 840w\" sizes=\"auto, (max-width: 420px) 100vw, 420px\" \/><\/a>\n\t\t\t<\/dt><\/dl>\n\t\t\t<br style='clear: both' \/>\n\t\t<\/div>\n\n<hr \/>\n<p>&nbsp;<\/p>\n<p><img loading=\"lazy\" decoding=\"async\" class=\"alignright  wp-image-4608\" src=\"https:\/\/www.jsv-bernau.de\/jsv\/wp-content\/uploads\/post\/4605\/IMG-20151214-WA0000-315x560.jpg\" alt=\"IMG-20151214-WA0000\" width=\"175\" height=\"311\" srcset=\"https:\/\/www.jsv-bernau.de\/jsv\/wp-content\/uploads\/post\/4605\/IMG-20151214-WA0000-315x560.jpg 315w, https:\/\/www.jsv-bernau.de\/jsv\/wp-content\/uploads\/post\/4605\/IMG-20151214-WA0000-450x800.jpg 450w, https:\/\/www.jsv-bernau.de\/jsv\/wp-content\/uploads\/post\/4605\/IMG-20151214-WA0000.jpg 900w\" sizes=\"auto, (max-width: 175px) 100vw, 175px\" \/>@: 10 Tage vor Heiligabend kam f\u00fcr mich schon der Weihnachtsmann. Martin offenbarte mir:<br \/>\nUnd den hier bring ich dir mit! Original aus dem Kodokan! Gemeint ist ein Obi mit Aufschrift Kodokan und Sakura (japanische Kirschbl\u00fcte).<\/p>\n","protected":false},"excerpt":{"rendered":"<p>Diese Ehre und Anerkennung kommt nicht vielen Judoka zuteil, die Teilnahme an einem Grand Slam und dann auch noch im Mutterland des Judo, in Tokio (Japan). Nachdem der geb\u00fcrtige Bernauer Martin Setz in den letzten Jahren schon zweimal an einem Trainingslager in Japan teilgenommen hat, kam die Einladung zu einem weiteren Trainingslager mit der Weltelite nicht \u00fcberraschend. Aber umso bemerkenswerter war die Nachricht, dass Martin auch beim Grand Slam mit anschlie\u00dfendem Trainingslager vom 01.12.-16.12.2015 an den Start gehen wird. Nat\u00fcrlich war die Freude riesengro\u00df bei Martin und seiner gro\u00dfen Bernauer Fangemeinde, bis hin zu seinem ehemaligen Trainer Hartmut Ott, mit dem er auch in Japan, Dank der heutigen Kommunikationstechnik im st\u00e4ndigen Kontakt ist\/war. Wissend des starken und prominenten Teilnehmerfeldes, w\u00fcnschte Trainer Ott seinem ehemaligen Sch\u00fctzling ,,Einen guten Start ins Turnier und genie\u00dfe den ersten Grand Slam\u2018\u2018. Am 05.12.2015 war es dann soweit, der erste Bernauer Judoka betritt in Tokio die Tatami mit den besten Judoka bei einem Grand Slam. Der erste Auftritt gegen den Australier Janiv Oren (3.Platz bei den Ocean Open in Apia) war &hellip;<\/p>\n","protected":false},"author":6,"featured_media":4606,"comment_status":"closed","ping_status":"open","sticky":false,"template":"","format":"standard","meta":{"ngg_post_thumbnail":0,"jetpack_post_was_ever_published":false,"_jetpack_newsletter_access":"","_jetpack_dont_email_post_to_subs":false,"_jetpack_newsletter_tier_id":0,"_jetpack_memberships_contains_paywalled_content":false,"_jetpack_memberships_contains_paid_content":false,"footnotes":""},"categories":[5],"tags":[428,421,148,388,427],"class_list":["post-4605","post","type-post","status-publish","format-standard","has-post-thumbnail","hentry","category-news","tag-grand-slam","tag-hartmut-ott","tag-martin-setz","tag-otti","tag-tokio"],"jetpack_featured_media_url":"https:\/\/www.jsv-bernau.de\/jsv\/wp-content\/uploads\/post\/4605\/IMG-20151203-WA0000.jpg","jetpack_shortlink":"https:\/\/wp.me\/p5TGCK-1ch","jetpack_sharing_enabled":true,"_links":{"self":[{"href":"https:\/\/www.jsv-bernau.de\/jsv\/wp-json\/wp\/v2\/posts\/4605","targetHints":{"allow":["GET"]}}],"collection":[{"href":"https:\/\/www.jsv-bernau.de\/jsv\/wp-json\/wp\/v2\/posts"}],"about":[{"href":"https:\/\/www.jsv-bernau.de\/jsv\/wp-json\/wp\/v2\/types\/post"}],"author":[{"embeddable":true,"href":"https:\/\/www.jsv-bernau.de\/jsv\/wp-json\/wp\/v2\/users\/6"}],"replies":[{"embeddable":true,"href":"https:\/\/www.jsv-bernau.de\/jsv\/wp-json\/wp\/v2\/comments?post=4605"}],"version-history":[{"count":1,"href":"https:\/\/www.jsv-bernau.de\/jsv\/wp-json\/wp\/v2\/posts\/4605\/revisions"}],"predecessor-version":[{"id":4623,"href":"https:\/\/www.jsv-bernau.de\/jsv\/wp-json\/wp\/v2\/posts\/4605\/revisions\/4623"}],"wp:featuredmedia":[{"embeddable":true,"href":"https:\/\/www.jsv-bernau.de\/jsv\/wp-json\/wp\/v2\/media\/4606"}],"wp:attachment":[{"href":"https:\/\/www.jsv-bernau.de\/jsv\/wp-json\/wp\/v2\/media?parent=4605"}],"wp:term":[{"taxonomy":"category","embeddable":true,"href":"https:\/\/www.jsv-bernau.de\/jsv\/wp-json\/wp\/v2\/categories?post=4605"},{"taxonomy":"post_tag","embeddable":true,"href":"https:\/\/www.jsv-bernau.de\/jsv\/wp-json\/wp\/v2\/tags?post=4605"}],"curies":[{"name":"wp","href":"https:\/\/api.w.org\/{rel}","templated":true}]}}