{"id":4822,"date":"2016-03-17T17:16:34","date_gmt":"2016-03-17T16:16:34","guid":{"rendered":"https:\/\/www.jsv-bernau.de\/jsv\/?p=4822"},"modified":"2026-04-25T00:22:17","modified_gmt":"2026-04-24T22:22:17","slug":"mitgliederversammlung-am-15-03-2016","status":"publish","type":"post","link":"https:\/\/www.jsv-bernau.de\/jsv\/mitgliederversammlung-am-15-03-2016\/","title":{"rendered":"Mitgliederversammlung am 15.03.2016"},"content":{"rendered":"<p><span style=\"font-size: medium;\">Am 15.03.2016 hielten die Bernauer Judoka ihre j\u00e4hrliche Mitgliederversammlung in der Rotunde der\u00a0 Grundschule am\u00a0Blumenhag in \u00a0Bernau ab. In entspannter Runde wurden nach er\u00f6ffnenden Worten durch den 1. Vorsitzenden Heiko Posselt ohne Verz\u00f6gerungen die Tagesordnungspunkte nacheinander abgearbeitet. Heiko wurde auch gleich als Leiter der Versammlung und Mike Geschke als Wahlleiter festgelegt. Katja Fitzner \u00fcbernahm die Funktion der Schriftf\u00fchrerin. Nachdem die Beschlussf\u00e4higkeit der Versammlung festgestellt und \u00fcber die Tagesordnung abgestimmt wurde, folgte zun\u00e4chst durch Heiko die Vorstellung des T\u00e4tigkeitsberichtes des Vorstandes. Hier wurden\u00a0anschaulich die Arbeiten des Vorstandes im vergangen Jahr, Erfolge des Vereins und der Sportler, Projekte und viele Aktivit\u00e4ten vorgestellt. Darauf folgend, pr\u00e4sentierte Schatzmeister Jens Kazorke seine Arbeit und damit die Finanzlage des Vereins. Der Bericht der Kassenpr\u00fcfer, vorgestellt durch Josefine Fank, zeigte, dass Jens im vergangen Jahr gute Arbeit geleistet hat \u2013 es gab keine Beanstandungen &#8211; der Vorstand wurde in s\u00e4mtlichen Belangen entlastet. <\/span><\/p>\n<p>Weiterer Punkte waren Aussprachen zu den Berichten und das Thema der Bildung von R\u00fccklagen f\u00fcr k\u00fcnftige Investitionen des Vereins.<\/p>\n<p>Ein besonders erfreulicher Punkt waren die Ehrungen der Trainer und Vereinsfunktion\u00e4re Tina\u00a0 und Bj\u00f6rn Lehmann. Beide engagieren sich seit Jahren auf und neben der Tatami und bringen den Verein mit ihrer aufopferungsvollen Arbeit voran. Daf\u00fcr danken wir ihnen als Vereinsmitglieder vom ganzen Herzen.<\/p>\n<div id='gallery-1' class='gallery galleryid-4822 gallery-columns-4 gallery-size-thumbnail'><dl class='gallery-item'>\n\t\t\t<dt class='gallery-icon landscape'>\n\t\t\t\t<a href='https:\/\/www.jsv-bernau.de\/jsv\/wp-content\/uploads\/post\/4822\/DSC07878a.jpg'><img loading=\"lazy\" decoding=\"async\" width=\"420\" height=\"280\" src=\"https:\/\/www.jsv-bernau.de\/jsv\/wp-content\/uploads\/post\/4822\/DSC07878a-420x280.jpg\" class=\"attachment-thumbnail size-thumbnail\" alt=\"\" aria-describedby=\"gallery-1-4828\" srcset=\"https:\/\/www.jsv-bernau.de\/jsv\/wp-content\/uploads\/post\/4822\/DSC07878a-420x280.jpg 420w, https:\/\/www.jsv-bernau.de\/jsv\/wp-content\/uploads\/post\/4822\/DSC07878a.jpg 600w\" sizes=\"auto, (max-width: 420px) 100vw, 420px\" \/><\/a>\n\t\t\t<\/dt>\n\t\t\t\t<dd class='wp-caption-text gallery-caption' id='gallery-1-4828'>\n\t\t\t\tEhrung \n\t\t\t\t<\/dd><\/dl><dl class='gallery-item'>\n\t\t\t<dt class='gallery-icon landscape'>\n\t\t\t\t<a href='https:\/\/www.jsv-bernau.de\/jsv\/wp-content\/uploads\/post\/4822\/DSC07880a.jpg'><img loading=\"lazy\" decoding=\"async\" width=\"420\" height=\"280\" src=\"https:\/\/www.jsv-bernau.de\/jsv\/wp-content\/uploads\/post\/4822\/DSC07880a-420x280.jpg\" class=\"attachment-thumbnail size-thumbnail\" alt=\"\" aria-describedby=\"gallery-1-4829\" srcset=\"https:\/\/www.jsv-bernau.de\/jsv\/wp-content\/uploads\/post\/4822\/DSC07880a-420x280.jpg 420w, https:\/\/www.jsv-bernau.de\/jsv\/wp-content\/uploads\/post\/4822\/DSC07880a.jpg 600w\" sizes=\"auto, (max-width: 420px) 100vw, 420px\" \/><\/a>\n\t\t\t<\/dt>\n\t\t\t\t<dd class='wp-caption-text gallery-caption' id='gallery-1-4829'>\n\t\t\t\tBj\u00f6rn Lehmann\n\t\t\t\t<\/dd><\/dl><dl class='gallery-item'>\n\t\t\t<dt class='gallery-icon landscape'>\n\t\t\t\t<a href='https:\/\/www.jsv-bernau.de\/jsv\/wp-content\/uploads\/post\/4822\/DSC07881a.jpg'><img loading=\"lazy\" decoding=\"async\" width=\"420\" height=\"280\" src=\"https:\/\/www.jsv-bernau.de\/jsv\/wp-content\/uploads\/post\/4822\/DSC07881a-420x280.jpg\" class=\"attachment-thumbnail size-thumbnail\" alt=\"\" aria-describedby=\"gallery-1-4830\" srcset=\"https:\/\/www.jsv-bernau.de\/jsv\/wp-content\/uploads\/post\/4822\/DSC07881a-420x280.jpg 420w, https:\/\/www.jsv-bernau.de\/jsv\/wp-content\/uploads\/post\/4822\/DSC07881a.jpg 600w\" sizes=\"auto, (max-width: 420px) 100vw, 420px\" \/><\/a>\n\t\t\t<\/dt>\n\t\t\t\t<dd class='wp-caption-text gallery-caption' id='gallery-1-4830'>\n\t\t\t\tKristina Krappig\n\t\t\t\t<\/dd><\/dl><dl class='gallery-item'>\n\t\t\t<dt class='gallery-icon landscape'>\n\t\t\t\t<a href='https:\/\/www.jsv-bernau.de\/jsv\/wp-content\/uploads\/post\/4822\/DSC07882a.jpg'><img loading=\"lazy\" decoding=\"async\" width=\"420\" height=\"280\" src=\"https:\/\/www.jsv-bernau.de\/jsv\/wp-content\/uploads\/post\/4822\/DSC07882a-420x280.jpg\" class=\"attachment-thumbnail size-thumbnail\" alt=\"\" aria-describedby=\"gallery-1-4831\" srcset=\"https:\/\/www.jsv-bernau.de\/jsv\/wp-content\/uploads\/post\/4822\/DSC07882a-420x280.jpg 420w, https:\/\/www.jsv-bernau.de\/jsv\/wp-content\/uploads\/post\/4822\/DSC07882a.jpg 600w\" sizes=\"auto, (max-width: 420px) 100vw, 420px\" \/><\/a>\n\t\t\t<\/dt>\n\t\t\t\t<dd class='wp-caption-text gallery-caption' id='gallery-1-4831'>\n\t\t\t\tEhrung \n\t\t\t\t<\/dd><\/dl><br style=\"clear: both\" \/><dl class='gallery-item'>\n\t\t\t<dt class='gallery-icon landscape'>\n\t\t\t\t<a href='https:\/\/www.jsv-bernau.de\/jsv\/wp-content\/uploads\/post\/4822\/DSC07883a.jpg'><img loading=\"lazy\" decoding=\"async\" width=\"420\" height=\"280\" src=\"https:\/\/www.jsv-bernau.de\/jsv\/wp-content\/uploads\/post\/4822\/DSC07883a-420x280.jpg\" class=\"attachment-thumbnail size-thumbnail\" alt=\"\" srcset=\"https:\/\/www.jsv-bernau.de\/jsv\/wp-content\/uploads\/post\/4822\/DSC07883a-420x280.jpg 420w, https:\/\/www.jsv-bernau.de\/jsv\/wp-content\/uploads\/post\/4822\/DSC07883a.jpg 600w\" sizes=\"auto, (max-width: 420px) 100vw, 420px\" \/><\/a>\n\t\t\t<\/dt><\/dl><dl class='gallery-item'>\n\t\t\t<dt class='gallery-icon landscape'>\n\t\t\t\t<a href='https:\/\/www.jsv-bernau.de\/jsv\/wp-content\/uploads\/post\/4822\/DSC07885a.jpg'><img loading=\"lazy\" decoding=\"async\" width=\"420\" height=\"280\" src=\"https:\/\/www.jsv-bernau.de\/jsv\/wp-content\/uploads\/post\/4822\/DSC07885a-420x280.jpg\" class=\"attachment-thumbnail size-thumbnail\" alt=\"\" aria-describedby=\"gallery-1-4833\" srcset=\"https:\/\/www.jsv-bernau.de\/jsv\/wp-content\/uploads\/post\/4822\/DSC07885a-420x280.jpg 420w, https:\/\/www.jsv-bernau.de\/jsv\/wp-content\/uploads\/post\/4822\/DSC07885a.jpg 600w\" sizes=\"auto, (max-width: 420px) 100vw, 420px\" \/><\/a>\n\t\t\t<\/dt>\n\t\t\t\t<dd class='wp-caption-text gallery-caption' id='gallery-1-4833'>\n\t\t\t\tGratulation durch den 1. Vorsitzenden\n\t\t\t\t<\/dd><\/dl><dl class='gallery-item'>\n\t\t\t<dt class='gallery-icon landscape'>\n\t\t\t\t<a href='https:\/\/www.jsv-bernau.de\/jsv\/wp-content\/uploads\/post\/4822\/DSC07875a.jpg'><img loading=\"lazy\" decoding=\"async\" width=\"420\" height=\"280\" src=\"https:\/\/www.jsv-bernau.de\/jsv\/wp-content\/uploads\/post\/4822\/DSC07875a-420x280.jpg\" class=\"attachment-thumbnail size-thumbnail\" alt=\"\" aria-describedby=\"gallery-1-4826\" srcset=\"https:\/\/www.jsv-bernau.de\/jsv\/wp-content\/uploads\/post\/4822\/DSC07875a-420x280.jpg 420w, https:\/\/www.jsv-bernau.de\/jsv\/wp-content\/uploads\/post\/4822\/DSC07875a.jpg 600w\" sizes=\"auto, (max-width: 420px) 100vw, 420px\" \/><\/a>\n\t\t\t<\/dt>\n\t\t\t\t<dd class='wp-caption-text gallery-caption' id='gallery-1-4826'>\n\t\t\t\tBericht des Schatzmeisters Jens Kazorke\n\t\t\t\t<\/dd><\/dl><dl class='gallery-item'>\n\t\t\t<dt class='gallery-icon landscape'>\n\t\t\t\t<a href='https:\/\/www.jsv-bernau.de\/jsv\/wp-content\/uploads\/post\/4822\/DSC07876a.jpg'><img loading=\"lazy\" decoding=\"async\" width=\"420\" height=\"280\" src=\"https:\/\/www.jsv-bernau.de\/jsv\/wp-content\/uploads\/post\/4822\/DSC07876a-420x280.jpg\" class=\"attachment-thumbnail size-thumbnail\" alt=\"\" aria-describedby=\"gallery-1-4827\" srcset=\"https:\/\/www.jsv-bernau.de\/jsv\/wp-content\/uploads\/post\/4822\/DSC07876a-420x280.jpg 420w, https:\/\/www.jsv-bernau.de\/jsv\/wp-content\/uploads\/post\/4822\/DSC07876a.jpg 600w\" sizes=\"auto, (max-width: 420px) 100vw, 420px\" \/><\/a>\n\t\t\t<\/dt>\n\t\t\t\t<dd class='wp-caption-text gallery-caption' id='gallery-1-4827'>\n\t\t\t\tBericht der Kassenpr\u00fcferin Josefine Fank\n\t\t\t\t<\/dd><\/dl><br style=\"clear: both\" \/><dl class='gallery-item'>\n\t\t\t<dt class='gallery-icon landscape'>\n\t\t\t\t<a href='https:\/\/www.jsv-bernau.de\/jsv\/wp-content\/uploads\/post\/4822\/DSC07873a.jpg'><img loading=\"lazy\" decoding=\"async\" width=\"420\" height=\"280\" src=\"https:\/\/www.jsv-bernau.de\/jsv\/wp-content\/uploads\/post\/4822\/DSC07873a-420x280.jpg\" class=\"attachment-thumbnail size-thumbnail\" alt=\"\" aria-describedby=\"gallery-1-4825\" srcset=\"https:\/\/www.jsv-bernau.de\/jsv\/wp-content\/uploads\/post\/4822\/DSC07873a-420x280.jpg 420w, https:\/\/www.jsv-bernau.de\/jsv\/wp-content\/uploads\/post\/4822\/DSC07873a.jpg 600w\" sizes=\"auto, (max-width: 420px) 100vw, 420px\" \/><\/a>\n\t\t\t<\/dt>\n\t\t\t\t<dd class='wp-caption-text gallery-caption' id='gallery-1-4825'>\n\t\t\t\tv.l.n.r.: Mike Geschke, Thomas Troche (2. Vors.), Heiko Posselt (1. Vors.), Katja Fitzner\n\t\t\t\t<\/dd><\/dl><dl class='gallery-item'>\n\t\t\t<dt class='gallery-icon landscape'>\n\t\t\t\t<a href='https:\/\/www.jsv-bernau.de\/jsv\/wp-content\/uploads\/post\/4822\/DSC07870a.jpg'><img loading=\"lazy\" decoding=\"async\" width=\"420\" height=\"280\" src=\"https:\/\/www.jsv-bernau.de\/jsv\/wp-content\/uploads\/post\/4822\/DSC07870a-420x280.jpg\" class=\"attachment-thumbnail size-thumbnail\" alt=\"\" aria-describedby=\"gallery-1-4824\" srcset=\"https:\/\/www.jsv-bernau.de\/jsv\/wp-content\/uploads\/post\/4822\/DSC07870a-420x280.jpg 420w, https:\/\/www.jsv-bernau.de\/jsv\/wp-content\/uploads\/post\/4822\/DSC07870a.jpg 600w\" sizes=\"auto, (max-width: 420px) 100vw, 420px\" \/><\/a>\n\t\t\t<\/dt>\n\t\t\t\t<dd class='wp-caption-text gallery-caption' id='gallery-1-4824'>\n\t\t\t\tgespannte Zuh\u00f6rer\n\t\t\t\t<\/dd><\/dl>\n\t\t\t<br style='clear: both' \/>\n\t\t<\/div>\n\n","protected":false},"excerpt":{"rendered":"<p>Am 15.03.2016 hielten die Bernauer Judoka ihre j\u00e4hrliche Mitgliederversammlung in der Rotunde der\u00a0 Grundschule am\u00a0Blumenhag in \u00a0Bernau ab. In entspannter Runde wurden nach er\u00f6ffnenden Worten durch den 1. Vorsitzenden Heiko Posselt ohne Verz\u00f6gerungen die Tagesordnungspunkte nacheinander abgearbeitet. Heiko wurde auch gleich als Leiter der Versammlung und Mike Geschke als Wahlleiter festgelegt. Katja Fitzner \u00fcbernahm die Funktion der Schriftf\u00fchrerin. Nachdem die Beschlussf\u00e4higkeit der Versammlung festgestellt und \u00fcber die Tagesordnung abgestimmt wurde, folgte zun\u00e4chst durch Heiko die Vorstellung des T\u00e4tigkeitsberichtes des Vorstandes. Hier wurden\u00a0anschaulich die Arbeiten des Vorstandes im vergangen Jahr, Erfolge des Vereins und der Sportler, Projekte und viele Aktivit\u00e4ten vorgestellt. Darauf folgend, pr\u00e4sentierte Schatzmeister Jens Kazorke seine Arbeit und damit die Finanzlage des Vereins. Der Bericht der Kassenpr\u00fcfer, vorgestellt durch Josefine Fank, zeigte, dass Jens im vergangen Jahr gute Arbeit geleistet hat \u2013 es gab keine Beanstandungen &#8211; der Vorstand wurde in s\u00e4mtlichen Belangen entlastet. Weiterer Punkte waren Aussprachen zu den Berichten und das Thema der Bildung von R\u00fccklagen f\u00fcr k\u00fcnftige Investitionen des Vereins. Ein besonders erfreulicher Punkt waren die Ehrungen der Trainer und Vereinsfunktion\u00e4re &hellip;<\/p>\n","protected":false},"author":4,"featured_media":4823,"comment_status":"closed","ping_status":"open","sticky":false,"template":"","format":"standard","meta":{"ngg_post_thumbnail":0,"jetpack_post_was_ever_published":false,"_jetpack_newsletter_access":"","_jetpack_dont_email_post_to_subs":false,"_jetpack_newsletter_tier_id":0,"_jetpack_memberships_contains_paywalled_content":false,"_jetpack_memberships_contains_paid_content":false,"footnotes":""},"categories":[1,5],"tags":[450,325],"class_list":["post-4822","post","type-post","status-publish","format-standard","has-post-thumbnail","hentry","category-allgemein","category-news","tag-15-03-2016","tag-mitgliederversammlung"],"jetpack_featured_media_url":"https:\/\/www.jsv-bernau.de\/jsv\/wp-content\/uploads\/post\/4822\/DSC07869a.jpg","jetpack_shortlink":"https:\/\/wp.me\/p5TGCK-1fM","jetpack_sharing_enabled":true,"_links":{"self":[{"href":"https:\/\/www.jsv-bernau.de\/jsv\/wp-json\/wp\/v2\/posts\/4822","targetHints":{"allow":["GET"]}}],"collection":[{"href":"https:\/\/www.jsv-bernau.de\/jsv\/wp-json\/wp\/v2\/posts"}],"about":[{"href":"https:\/\/www.jsv-bernau.de\/jsv\/wp-json\/wp\/v2\/types\/post"}],"author":[{"embeddable":true,"href":"https:\/\/www.jsv-bernau.de\/jsv\/wp-json\/wp\/v2\/users\/4"}],"replies":[{"embeddable":true,"href":"https:\/\/www.jsv-bernau.de\/jsv\/wp-json\/wp\/v2\/comments?post=4822"}],"version-history":[{"count":4,"href":"https:\/\/www.jsv-bernau.de\/jsv\/wp-json\/wp\/v2\/posts\/4822\/revisions"}],"predecessor-version":[{"id":10042,"href":"https:\/\/www.jsv-bernau.de\/jsv\/wp-json\/wp\/v2\/posts\/4822\/revisions\/10042"}],"wp:featuredmedia":[{"embeddable":true,"href":"https:\/\/www.jsv-bernau.de\/jsv\/wp-json\/wp\/v2\/media\/4823"}],"wp:attachment":[{"href":"https:\/\/www.jsv-bernau.de\/jsv\/wp-json\/wp\/v2\/media?parent=4822"}],"wp:term":[{"taxonomy":"category","embeddable":true,"href":"https:\/\/www.jsv-bernau.de\/jsv\/wp-json\/wp\/v2\/categories?post=4822"},{"taxonomy":"post_tag","embeddable":true,"href":"https:\/\/www.jsv-bernau.de\/jsv\/wp-json\/wp\/v2\/tags?post=4822"}],"curies":[{"name":"wp","href":"https:\/\/api.w.org\/{rel}","templated":true}]}}