{"id":4881,"date":"2016-04-24T13:08:47","date_gmt":"2016-04-24T11:08:47","guid":{"rendered":"https:\/\/www.jsv-bernau.de\/jsv\/?p=4881"},"modified":"2016-04-24T13:08:47","modified_gmt":"2016-04-24T11:08:47","slug":"starker-auftritt-der-herren-ue-30-bei-den-deutschen-meisterschaften","status":"publish","type":"post","link":"https:\/\/www.jsv-bernau.de\/jsv\/starker-auftritt-der-herren-ue-30-bei-den-deutschen-meisterschaften\/","title":{"rendered":"Starker Auftritt der Herren \u00dc 30 bei den Deutschen Meisterschaften"},"content":{"rendered":"<p><span style=\"font-size: medium;\">In Berlin fanden am 16.04.2016\u00a0die 12. Deutschen Meisterschaften der Frauen und M\u00e4nner \u00fcber 30 Jahre statt. Dieser Wettkampf der Senioren wird seit 2005 durch den Deutschen Judobund ausgerichtet und fand dieses Jahr unter Leitung des Berliner Judovereins KiK Berlin im Sportforum statt.\u00a0 An den Start gingen 437 Judoka aus 18 Landesverb\u00e4ndenden um den Titel \u201e Deutscher Meister&#8220; zu erk\u00e4mpfen.<\/span><\/p>\n<p>Neuer deutscher Meister bei den \u00fcber 30 j\u00e4hrigen ist Michael Sachs, aus Bernau.<\/p>\n<p><img loading=\"lazy\" decoding=\"async\" class=\"alignnone size-full wp-image-4884\" src=\"https:\/\/www.jsv-bernau.de\/jsv\/wp-content\/uploads\/post\/4881\/IMG-20160419-WA0006.fertig.jpg\" alt=\"IMG-20160419-WA0006.fertig\" width=\"400\" height=\"225\" \/><\/p>\n<p>Michael Sachs erk\u00e4mpfte sich den Titel \u201eDeutscher Meister 2016&#8243; in der Altersklasse der \u00fcber 50 j\u00e4hrigen.<\/p>\n<p>Michael, der seine ersten Schritte im Judo vor \u00fcber 45 Jahren in Bernau erlernte, hatte verletzungsbedingt\u00a0eine lange Pause beim Judosport. Im Alter von \u00fcber 50 fand Michael den Weg zu seinem alten Verein, den jetzigen \u201eJSV Bernau&#8220;. Nachdem er sich in den letzten Jahren mit der Ablegung des 1.Dan (Meistergrad) befasste folgte nun die Konzentration auf die aktuellen Wettk\u00e4mpfe. Nach 40 Jahren Wettkampfpause startete Michael das erste Mal bei den Seniorenmeisterschaften in Berlin. Michael musste sich in 4 K\u00e4mpfen gegen 11 Gegner behaupten. Nachdem er in seinem ersten Kampf die eigene Aufregung besiegte gewann er mit leichten Vorteil gegen Wiggelinghoff aus Jena. In den folgenden K\u00e4mpfen steigerte sich Michael immer weiter, nutzte all seine technischen F\u00e4higkeiten und gewann die drei folgenden K\u00e4mpfe alle Vorzeitig mit Ippon (voller Punkt). Lange Zeit hielt er dabei die Bestzeit f\u00fcr den k\u00fcrzesten Kampf. Michael gen\u00fcgten 8 Sekunden um seinen Gegner zu besiegen.<\/p>\n<p>In der gleichen Gewichtsklasse startete auch Uwe Sommer f\u00fcr den JSV Bernau. Uwe musste dreimal auf die Matte. Nachdem er im ersten Kampf gegen Swierkot von der Sportschule Kustusch unterlag, musste er sich \u00fcber die Hoffnungsrunde k\u00e4mpfen. Im folgenden Kampf lag Uwe mit einer Wertung vorne, hatte aber das Pech auf seiner Seite. Der Hauptkampfrichter erkannte seine Wertung nicht an und sie wurde ihm gestrichen. Uwe belegte am Ende den 5. Platz.<\/p>\n<p>Die Sportfreunde Hesse und Kube k\u00e4mpften in ihren Gewichtsklassen jeder gegen jeden und hatten dadurch drei K\u00e4mpfe zu bestreiten. Beide Judoka verloren jeweils einen Kampf und belegten den 2. Platz. Somit sind beide Deutsche Vizemeister.<\/p>\n<p>Abgerundet wurde das Bernauer Erfolgserlebnis durch Rainer Pr\u00fcfig welcher einen dritten Platz f\u00fcr den Bernauer Verein errang.<\/p>\n<p>Ein gro\u00dfes Dankesch\u00f6n der Trainer Rene Keil, Frank Opitz und Hendrik Krause an alle mitgereisten Fans und Trainer des JSV Bernau.<\/p>\n<p><img loading=\"lazy\" decoding=\"async\" class=\"alignnone size-medium wp-image-4883\" src=\"https:\/\/www.jsv-bernau.de\/jsv\/wp-content\/uploads\/post\/4881\/IMG-20160419-WA0005.fertig-315x560.jpg\" alt=\"IMG-20160419-WA0005.fertig\" width=\"315\" height=\"560\" srcset=\"https:\/\/www.jsv-bernau.de\/jsv\/wp-content\/uploads\/post\/4881\/IMG-20160419-WA0005.fertig-315x560.jpg 315w, https:\/\/www.jsv-bernau.de\/jsv\/wp-content\/uploads\/post\/4881\/IMG-20160419-WA0005.fertig.jpg 338w\" sizes=\"auto, (max-width: 315px) 100vw, 315px\" \/><\/p>\n<p>&nbsp;<\/p>\n","protected":false},"excerpt":{"rendered":"<p>In Berlin fanden am 16.04.2016\u00a0die 12. Deutschen Meisterschaften der Frauen und M\u00e4nner \u00fcber 30 Jahre statt. Dieser Wettkampf der Senioren wird seit 2005 durch den Deutschen Judobund ausgerichtet und fand dieses Jahr unter Leitung des Berliner Judovereins KiK Berlin im Sportforum statt.\u00a0 An den Start gingen 437 Judoka aus 18 Landesverb\u00e4ndenden um den Titel \u201e Deutscher Meister&#8220; zu erk\u00e4mpfen. Neuer deutscher Meister bei den \u00fcber 30 j\u00e4hrigen ist Michael Sachs, aus Bernau. Michael Sachs erk\u00e4mpfte sich den Titel \u201eDeutscher Meister 2016&#8243; in der Altersklasse der \u00fcber 50 j\u00e4hrigen. Michael, der seine ersten Schritte im Judo vor \u00fcber 45 Jahren in Bernau erlernte, hatte verletzungsbedingt\u00a0eine lange Pause beim Judosport. Im Alter von \u00fcber 50 fand Michael den Weg zu seinem alten Verein, den jetzigen \u201eJSV Bernau&#8220;. Nachdem er sich in den letzten Jahren mit der Ablegung des 1.Dan (Meistergrad) befasste folgte nun die Konzentration auf die aktuellen Wettk\u00e4mpfe. Nach 40 Jahren Wettkampfpause startete Michael das erste Mal bei den Seniorenmeisterschaften in Berlin. Michael musste sich in 4 K\u00e4mpfen gegen 11 Gegner behaupten. Nachdem er in seinem &hellip;<\/p>\n","protected":false},"author":5,"featured_media":4882,"comment_status":"closed","ping_status":"open","sticky":false,"template":"","format":"standard","meta":{"ngg_post_thumbnail":0,"jetpack_post_was_ever_published":false,"_jetpack_newsletter_access":"","_jetpack_dont_email_post_to_subs":false,"_jetpack_newsletter_tier_id":0,"_jetpack_memberships_contains_paywalled_content":false,"_jetpack_memberships_contains_paid_content":false,"footnotes":""},"categories":[1,5],"tags":[239,146,386,147,454,296,378],"class_list":["post-4881","post","type-post","status-publish","format-standard","has-post-thumbnail","hentry","category-allgemein","category-news","tag-deutsche-meisterschaft","tag-frank-kube","tag-michael-sachs","tag-rainer-pruefig","tag-sven-hesse","tag-ue-30","tag-uwe-sommer"],"jetpack_featured_media_url":"https:\/\/www.jsv-bernau.de\/jsv\/wp-content\/uploads\/post\/4881\/13000283_1058191714239322_7542850348759549216_n.jpg","jetpack_shortlink":"https:\/\/wp.me\/p5TGCK-1gJ","jetpack_sharing_enabled":true,"_links":{"self":[{"href":"https:\/\/www.jsv-bernau.de\/jsv\/wp-json\/wp\/v2\/posts\/4881","targetHints":{"allow":["GET"]}}],"collection":[{"href":"https:\/\/www.jsv-bernau.de\/jsv\/wp-json\/wp\/v2\/posts"}],"about":[{"href":"https:\/\/www.jsv-bernau.de\/jsv\/wp-json\/wp\/v2\/types\/post"}],"author":[{"embeddable":true,"href":"https:\/\/www.jsv-bernau.de\/jsv\/wp-json\/wp\/v2\/users\/5"}],"replies":[{"embeddable":true,"href":"https:\/\/www.jsv-bernau.de\/jsv\/wp-json\/wp\/v2\/comments?post=4881"}],"version-history":[{"count":2,"href":"https:\/\/www.jsv-bernau.de\/jsv\/wp-json\/wp\/v2\/posts\/4881\/revisions"}],"predecessor-version":[{"id":4886,"href":"https:\/\/www.jsv-bernau.de\/jsv\/wp-json\/wp\/v2\/posts\/4881\/revisions\/4886"}],"wp:featuredmedia":[{"embeddable":true,"href":"https:\/\/www.jsv-bernau.de\/jsv\/wp-json\/wp\/v2\/media\/4882"}],"wp:attachment":[{"href":"https:\/\/www.jsv-bernau.de\/jsv\/wp-json\/wp\/v2\/media?parent=4881"}],"wp:term":[{"taxonomy":"category","embeddable":true,"href":"https:\/\/www.jsv-bernau.de\/jsv\/wp-json\/wp\/v2\/categories?post=4881"},{"taxonomy":"post_tag","embeddable":true,"href":"https:\/\/www.jsv-bernau.de\/jsv\/wp-json\/wp\/v2\/tags?post=4881"}],"curies":[{"name":"wp","href":"https:\/\/api.w.org\/{rel}","templated":true}]}}