{"id":505,"date":"2010-05-30T11:16:05","date_gmt":"2010-05-30T11:16:05","guid":{"rendered":"https:\/\/www.jsv-bernau.de\/jsv\/?p=505"},"modified":"2015-05-05T18:19:47","modified_gmt":"2015-05-05T16:19:47","slug":"zwei-platzierungen-unter-den-top-10-bei-den-2-judo-grand-masters-kata-world-championships-vom-26-05-bis-30-05-2010-in-budapest","status":"publish","type":"post","link":"https:\/\/www.jsv-bernau.de\/jsv\/zwei-platzierungen-unter-den-top-10-bei-den-2-judo-grand-masters-kata-world-championships-vom-26-05-bis-30-05-2010-in-budapest\/","title":{"rendered":"Zwei Platzierungen unter den Top 10 bei den 2. Judo Grand Masters &#038; Kata World Championships vom 26.05. bis 30.05.2010 in Budapest"},"content":{"rendered":"<p>Zur zweiten offiziellen Weltmeisterschaft der Judoka \u00fcber 30 Jahre waren ca. 960 Teilnehmer aus 48 Nationen u.a. aus Japan, Brasilien, Mongolei, Russland und Frankreich in Budapest am Start. Auch drei Judoka der Trainingsgruppe \u00dc30 des PSV Bernau vertraten Deutschland bei diesen Wettk\u00e4mpfen und konnten Punkte f\u00fcr den vierten Platz Deutschlands in der Nationenwertung beisteuern.<\/p>\n<p>Nach Starts bei den diesj\u00e4hrigen Internationalen S\u00e4chsischen und Deutschen Meisterschaften und zus\u00e4tzlichen Trainingseinheiten bei den Trainern Ralf Bannier und Frank Opitz, starteten die Judoka Frank Kube (M4, -90kg), Rainer Pr\u00fcfig (M4, -90kg) und Sigmar Klamann (M6, -81kg) bei diesem Jahresh\u00f6hepunkt in Budapest, betreut von Jeanette Kube.<\/p>\n<p>In der stark besetzten Altersklasse M4 bis 90 kg konnte Rainer Pr\u00fcfig seinen Auftaktkampf gegen einen t\u00fcrkischen Judoka nach der H\u00e4lfte der Kampfzeit erfolgreich mit Ippon abschlie\u00dfen, auch den n\u00e4chsten Kampf gegen einen Judoka aus Ungarn wurde souver\u00e4n mit Ippon f\u00fcr Kesa-gatame abgeschlossen. Danach stand Rainer Pr\u00fcfig im Kampf um den Pool-Sieg dem amtierenden und sp\u00e4teren Weltmeister aus Russland gegen\u00fcber und begann couragiert. Erst als Rainer Pr\u00fcfig einen Shido wegen vermeintlicher Griffverhinderung erhielt, verlor er etwas die taktische Linie, so dass der russische Judoka seinen Griff durchsetzen konnte und mit Ippon gewann. Den anschlie\u00dfenden Kampf in der Hoffnungsrunde gegen den physisch starken, ukrainischen Judoka konnte Rainer Pr\u00fcfig lange offenhalten, verlor dann aber mit Kesa-gatame. Damit hat Rainer Pr\u00fcfig den 9. Platz bei der Weltmeisterschaft belegt.<!--more--><\/p>\n<p>Frank Kube, der in der gleichen Alters- und Gewichtsklasse, aber in einem anderen Pool startete, hatte zun\u00e4chst ein Freilos und war damit eine Runde weiter. Allerdings wartete in der n\u00e4chsten Runde ein starker polnischer Judoka, der sp\u00e4ter das kleine Finale gewann und Dritter wurde. Den Kampf gegen den unbequemen Linksk\u00e4mpfer, der st\u00e4ndig in Bewegung war und so aktiver, wenn auch nicht zwingender k\u00e4mpfte, hielt Frank Kube lange Zeit offen, bevor der Kampf mit Kesa-Gatame verloren wurde. Die Chance in der Hoffnungsrunde noch k\u00e4mpfen zu k\u00f6nnen, hatte Frank Kube nicht, weil der polnische Judoka den Kampf um den Poolsieg verlor.<\/p>\n<p>In der Altersklasse M6 bis 81 kg musste Sigmar Klamann nach einem Freilos gegen den amtierenden Europa- und sp\u00e4teren Weltmeister aus Russland antreten. Der Wettkampf gestaltete sich zun\u00e4chst ausgeglichen. Nachdem beide Judoka mit einem Shido wegen Verhinderung der Fassart bestraft wurden, gelang es Sigmar Klamann sogar mit einem Uchi-mata-Angriff den sp\u00e4teren Weltmeister &#8222;anzur\u00fctteln&#8220;.<\/p>\n<p>Letztendlich setzte sich der Weltmeister mit Ko-uchi-gari durch. Der anschlie\u00dfende Kampf in der Hoffungsrunde gegen den lettischen Judoka wurde durch verletzungsbedingte Aufgabe des Letten mit Ippon gewonnen. Im n\u00e4chsten Kampf der Hoffnungsrunde gegen einen italienischen Judoka begann Sigmar Klamann offensiv und f\u00fchrte lange Zeit mit Yuko f\u00fcr Tai-otoschi. Erst 30 sek. vor Kampfende wird Sigmar Klamann nach einem halbherzigen O-soto-gari Angriff noch mit Wazari ausgekontert und verliert etwas ungl\u00fccklich den Kampf. Damit hat Sigmar Klamann den 7. Platz bei der Weltmeisterschaft belegt.<\/p>\n<p>Die insgesamt starke Leistung der drei Judoka der Trainingsgruppe \u00dc30 des PSV Bernau, die von Jeanette Kube bei der Weltmeisterschaft hervorragend betreut wurden, ist Ausdruck der kontinuierlichen und qualitativ ansprechenden Vereinsarbeit. Diese Leistungen w\u00e4ren ohne die Trainer Ralf Bannier und Frank Opitz sowie aller Trainingspartner in der Trainingsgruppe \u00dc30 nicht denkbar.<\/p>\n","protected":false},"excerpt":{"rendered":"<p>Zur zweiten offiziellen Weltmeisterschaft der Judoka \u00fcber 30 Jahre waren ca. 960 Teilnehmer aus 48 Nationen u.a. aus Japan, Brasilien, Mongolei, Russland und Frankreich in Budapest am Start. Auch drei Judoka der Trainingsgruppe \u00dc30 des PSV Bernau vertraten Deutschland bei diesen Wettk\u00e4mpfen und konnten Punkte f\u00fcr den vierten Platz Deutschlands in der Nationenwertung beisteuern. Nach Starts bei den diesj\u00e4hrigen Internationalen S\u00e4chsischen und Deutschen Meisterschaften und zus\u00e4tzlichen Trainingseinheiten bei den Trainern Ralf Bannier und Frank Opitz, starteten die Judoka Frank Kube (M4, -90kg), Rainer Pr\u00fcfig (M4, -90kg) und Sigmar Klamann (M6, -81kg) bei diesem Jahresh\u00f6hepunkt in Budapest, betreut von Jeanette Kube. In der stark besetzten Altersklasse M4 bis 90 kg konnte Rainer Pr\u00fcfig seinen Auftaktkampf gegen einen t\u00fcrkischen Judoka nach der H\u00e4lfte der Kampfzeit erfolgreich mit Ippon abschlie\u00dfen, auch den n\u00e4chsten Kampf gegen einen Judoka aus Ungarn wurde souver\u00e4n mit Ippon f\u00fcr Kesa-gatame abgeschlossen. Danach stand Rainer Pr\u00fcfig im Kampf um den Pool-Sieg dem amtierenden und sp\u00e4teren Weltmeister aus Russland gegen\u00fcber und begann couragiert. Erst als Rainer Pr\u00fcfig einen Shido wegen vermeintlicher Griffverhinderung erhielt, verlor er &hellip;<\/p>\n","protected":false},"author":12,"featured_media":506,"comment_status":"closed","ping_status":"open","sticky":false,"template":"","format":"standard","meta":{"ngg_post_thumbnail":0,"jetpack_post_was_ever_published":false,"_jetpack_newsletter_access":"","_jetpack_dont_email_post_to_subs":false,"_jetpack_newsletter_tier_id":0,"_jetpack_memberships_contains_paywalled_content":false,"_jetpack_memberships_contains_paid_content":false,"footnotes":""},"categories":[3],"tags":[146,147,145,34,18],"class_list":["post-505","post","type-post","status-publish","format-standard","has-post-thumbnail","hentry","category-ergebnisse","tag-frank-kube","tag-rainer-pruefig","tag-sigmar-klamann","tag-ue30","tag-weltmeisterschaft"],"jetpack_featured_media_url":"https:\/\/www.jsv-bernau.de\/jsv\/wp-content\/uploads\/post\/505\/ue30.jpg","jetpack_shortlink":"https:\/\/wp.me\/p5TGCK-89","jetpack_sharing_enabled":true,"_links":{"self":[{"href":"https:\/\/www.jsv-bernau.de\/jsv\/wp-json\/wp\/v2\/posts\/505","targetHints":{"allow":["GET"]}}],"collection":[{"href":"https:\/\/www.jsv-bernau.de\/jsv\/wp-json\/wp\/v2\/posts"}],"about":[{"href":"https:\/\/www.jsv-bernau.de\/jsv\/wp-json\/wp\/v2\/types\/post"}],"author":[{"embeddable":true,"href":"https:\/\/www.jsv-bernau.de\/jsv\/wp-json\/wp\/v2\/users\/12"}],"replies":[{"embeddable":true,"href":"https:\/\/www.jsv-bernau.de\/jsv\/wp-json\/wp\/v2\/comments?post=505"}],"version-history":[{"count":2,"href":"https:\/\/www.jsv-bernau.de\/jsv\/wp-json\/wp\/v2\/posts\/505\/revisions"}],"predecessor-version":[{"id":1694,"href":"https:\/\/www.jsv-bernau.de\/jsv\/wp-json\/wp\/v2\/posts\/505\/revisions\/1694"}],"wp:featuredmedia":[{"embeddable":true,"href":"https:\/\/www.jsv-bernau.de\/jsv\/wp-json\/wp\/v2\/media\/506"}],"wp:attachment":[{"href":"https:\/\/www.jsv-bernau.de\/jsv\/wp-json\/wp\/v2\/media?parent=505"}],"wp:term":[{"taxonomy":"category","embeddable":true,"href":"https:\/\/www.jsv-bernau.de\/jsv\/wp-json\/wp\/v2\/categories?post=505"},{"taxonomy":"post_tag","embeddable":true,"href":"https:\/\/www.jsv-bernau.de\/jsv\/wp-json\/wp\/v2\/tags?post=505"}],"curies":[{"name":"wp","href":"https:\/\/api.w.org\/{rel}","templated":true}]}}