{"id":5167,"date":"2016-07-13T13:25:12","date_gmt":"2016-07-13T11:25:12","guid":{"rendered":"https:\/\/www.jsv-bernau.de\/jsv\/?p=5167"},"modified":"2016-07-13T17:04:46","modified_gmt":"2016-07-13T15:04:46","slug":"erfolg-heisst-einmal-mehr-aufstehen-als-hinfallen","status":"publish","type":"post","link":"https:\/\/www.jsv-bernau.de\/jsv\/erfolg-heisst-einmal-mehr-aufstehen-als-hinfallen\/","title":{"rendered":"Erfolg hei\u00dft, einmal mehr aufstehen als hinfallen"},"content":{"rendered":"<p><em>\u201eNur wer immer wieder aufsteht, solange dranbleibt, bis er seine Ziele erreicht hat, wird letztendlich den Erfolg ernten, den er sich vorgenommen hat.\u201c<\/em> &#8211; Selten trifft ein Zitat so in Schwarze wie bei den beiden Bernauer Judoka Ralf Luba (Jg. 1958) und Heiko Posselt (Jg. 1968). Nach zwei Jahren &#8211; vielleicht war die Vorbereitungszeit auch noch etwas l\u00e4nger &#8211; war es endlich soweit: die Pr\u00fcfung zum 1.Dan.<!--more--><\/p>\n<p>Beide Sportler aus der \u00dc30-Trainingsgruppe, die sich sonst einmal in der Woche fit halten und Spa\u00df am Judo haben, nutzten f\u00fcr die Dan-Vorbereitung viele Trainingseinheiten und auch Trainingslager im Kreise der U18 \u2013Senioren von und mit Trainer Otti. Die Zeit war gepr\u00e4gt von vielen R\u00fcckschl\u00e4gen und Stillst\u00e4nden. Nicht nur das man sich aus beruflicher Sicht mit dem ,,Dauer-UKE\u201c Marco Patzwall abstimmen musste, hinzu kamen bei beiden viele langwierige Verletzungen. Aber nie haben sie ihr Ziel, den Schwarzen G\u00fcrtel aus den Augen verloren und gleich nach der OP, wurde die auferlegte freie Zeit f\u00fcr das Erarbeiten des Pr\u00fcfungs-Skripts genutzt. Nachdem beide die Fitness und den Leistungsstand f\u00fcr eine Pr\u00fcfung wieder erreicht hatten und Otti sein OK gegeben hat, holten sich beide in den darauffolgenden Konsultationen beim Pr\u00fcfungsvorsitzenden Reinhard Arndt (6.Dan) den Feinschliff f\u00fcr die Danpr\u00fcfung am 08.07.2016 in Bernau.<\/p>\n<p>Geschafft, un\u00fcbersehbar erleichtert und gl\u00fccklich verfolgten sie die abschlie\u00dfenden Worte von Reinhard Arndt: \u201eW\u00e4hrend der dreist\u00fcndigen Pr\u00fcfungsdauer bestand nie ein Zweifel dass die Pr\u00fcfung nicht bestanden wird.\u201c Die Pr\u00fcfer Reinhard Arndt (6.Dan), Mirco Wockatz (5.Dan) und Hartmut Ott (4.Dan) bescheinigten beiden eine gute und solide Pr\u00fcfung zum 1.Dan. Einen besonderen Dank gilt an dieser Stelle dem unerm\u00fcdlichen ,,Dauer-UKE\u201c Patze und dem \u00dc30 Trainer Frank Opitz f\u00fcr die sehr guten und leckeren Rahmenbedingungen vor, w\u00e4hrend und nach der Pr\u00fcfung.<\/p>\n<div id='gallery-1' class='gallery galleryid-5167 gallery-columns-3 gallery-size-thumbnail'><dl class='gallery-item'>\n\t\t\t<dt class='gallery-icon landscape'>\n\t\t\t\t<a href='https:\/\/www.jsv-bernau.de\/jsv\/wp-content\/uploads\/post\/5167\/IMG_3123.jpg'><img loading=\"lazy\" decoding=\"async\" width=\"420\" height=\"280\" src=\"https:\/\/www.jsv-bernau.de\/jsv\/wp-content\/uploads\/post\/5167\/IMG_3123-420x280.jpg\" class=\"attachment-thumbnail size-thumbnail\" alt=\"\" srcset=\"https:\/\/www.jsv-bernau.de\/jsv\/wp-content\/uploads\/post\/5167\/IMG_3123-420x280.jpg 420w, https:\/\/www.jsv-bernau.de\/jsv\/wp-content\/uploads\/post\/5167\/IMG_3123-840x560.jpg 840w, https:\/\/www.jsv-bernau.de\/jsv\/wp-content\/uploads\/post\/5167\/IMG_3123-768x512.jpg 768w, https:\/\/www.jsv-bernau.de\/jsv\/wp-content\/uploads\/post\/5167\/IMG_3123.jpg 1200w\" sizes=\"auto, (max-width: 420px) 100vw, 420px\" \/><\/a>\n\t\t\t<\/dt><\/dl><dl class='gallery-item'>\n\t\t\t<dt class='gallery-icon landscape'>\n\t\t\t\t<a href='https:\/\/www.jsv-bernau.de\/jsv\/wp-content\/uploads\/post\/5167\/20160708_115020.jpg'><img loading=\"lazy\" decoding=\"async\" width=\"420\" height=\"280\" src=\"https:\/\/www.jsv-bernau.de\/jsv\/wp-content\/uploads\/post\/5167\/20160708_115020-420x280.jpg\" class=\"attachment-thumbnail size-thumbnail\" alt=\"\" \/><\/a>\n\t\t\t<\/dt><\/dl><dl class='gallery-item'>\n\t\t\t<dt class='gallery-icon landscape'>\n\t\t\t\t<a href='https:\/\/www.jsv-bernau.de\/jsv\/wp-content\/uploads\/post\/5167\/IMG_3101.jpg'><img loading=\"lazy\" decoding=\"async\" width=\"420\" height=\"280\" src=\"https:\/\/www.jsv-bernau.de\/jsv\/wp-content\/uploads\/post\/5167\/IMG_3101-420x280.jpg\" class=\"attachment-thumbnail size-thumbnail\" alt=\"\" \/><\/a>\n\t\t\t<\/dt><\/dl><br style=\"clear: both\" \/><dl class='gallery-item'>\n\t\t\t<dt class='gallery-icon landscape'>\n\t\t\t\t<a href='https:\/\/www.jsv-bernau.de\/jsv\/wp-content\/uploads\/post\/5167\/IMG_3111.jpg'><img loading=\"lazy\" decoding=\"async\" width=\"420\" height=\"280\" src=\"https:\/\/www.jsv-bernau.de\/jsv\/wp-content\/uploads\/post\/5167\/IMG_3111-420x280.jpg\" class=\"attachment-thumbnail size-thumbnail\" alt=\"\" srcset=\"https:\/\/www.jsv-bernau.de\/jsv\/wp-content\/uploads\/post\/5167\/IMG_3111-420x280.jpg 420w, https:\/\/www.jsv-bernau.de\/jsv\/wp-content\/uploads\/post\/5167\/IMG_3111.jpg 750w\" sizes=\"auto, (max-width: 420px) 100vw, 420px\" \/><\/a>\n\t\t\t<\/dt><\/dl>\n\t\t\t<br style='clear: both' \/>\n\t\t<\/div>\n\n","protected":false},"excerpt":{"rendered":"<p>\u201eNur wer immer wieder aufsteht, solange dranbleibt, bis er seine Ziele erreicht hat, wird letztendlich den Erfolg ernten, den er sich vorgenommen hat.\u201c &#8211; Selten trifft ein Zitat so in Schwarze wie bei den beiden Bernauer Judoka Ralf Luba (Jg. 1958) und Heiko Posselt (Jg. 1968). Nach zwei Jahren &#8211; vielleicht war die Vorbereitungszeit auch noch etwas l\u00e4nger &#8211; war es endlich soweit: die Pr\u00fcfung zum 1.Dan.<\/p>\n","protected":false},"author":6,"featured_media":5168,"comment_status":"closed","ping_status":"open","sticky":false,"template":"","format":"standard","meta":{"ngg_post_thumbnail":0,"jetpack_post_was_ever_published":false,"_jetpack_newsletter_access":"","_jetpack_dont_email_post_to_subs":false,"_jetpack_newsletter_tier_id":0,"_jetpack_memberships_contains_paywalled_content":false,"_jetpack_memberships_contains_paid_content":false,"footnotes":""},"categories":[1,5],"tags":[466,468,469,467],"class_list":["post-5167","post","type-post","status-publish","format-standard","has-post-thumbnail","hentry","category-allgemein","category-news","tag-danpruefung","tag-heiko-posselt","tag-marco-patzwall","tag-ralf-luba"],"jetpack_featured_media_url":"https:\/\/www.jsv-bernau.de\/jsv\/wp-content\/uploads\/post\/5167\/IMG_3123.jpg","jetpack_shortlink":"https:\/\/wp.me\/p5TGCK-1ll","jetpack_sharing_enabled":true,"_links":{"self":[{"href":"https:\/\/www.jsv-bernau.de\/jsv\/wp-json\/wp\/v2\/posts\/5167","targetHints":{"allow":["GET"]}}],"collection":[{"href":"https:\/\/www.jsv-bernau.de\/jsv\/wp-json\/wp\/v2\/posts"}],"about":[{"href":"https:\/\/www.jsv-bernau.de\/jsv\/wp-json\/wp\/v2\/types\/post"}],"author":[{"embeddable":true,"href":"https:\/\/www.jsv-bernau.de\/jsv\/wp-json\/wp\/v2\/users\/6"}],"replies":[{"embeddable":true,"href":"https:\/\/www.jsv-bernau.de\/jsv\/wp-json\/wp\/v2\/comments?post=5167"}],"version-history":[{"count":3,"href":"https:\/\/www.jsv-bernau.de\/jsv\/wp-json\/wp\/v2\/posts\/5167\/revisions"}],"predecessor-version":[{"id":5175,"href":"https:\/\/www.jsv-bernau.de\/jsv\/wp-json\/wp\/v2\/posts\/5167\/revisions\/5175"}],"wp:featuredmedia":[{"embeddable":true,"href":"https:\/\/www.jsv-bernau.de\/jsv\/wp-json\/wp\/v2\/media\/5168"}],"wp:attachment":[{"href":"https:\/\/www.jsv-bernau.de\/jsv\/wp-json\/wp\/v2\/media?parent=5167"}],"wp:term":[{"taxonomy":"category","embeddable":true,"href":"https:\/\/www.jsv-bernau.de\/jsv\/wp-json\/wp\/v2\/categories?post=5167"},{"taxonomy":"post_tag","embeddable":true,"href":"https:\/\/www.jsv-bernau.de\/jsv\/wp-json\/wp\/v2\/tags?post=5167"}],"curies":[{"name":"wp","href":"https:\/\/api.w.org\/{rel}","templated":true}]}}