{"id":5179,"date":"2016-07-20T17:18:36","date_gmt":"2016-07-20T15:18:36","guid":{"rendered":"https:\/\/www.jsv-bernau.de\/jsv\/?p=5179"},"modified":"2026-04-25T00:28:26","modified_gmt":"2026-04-24T22:28:26","slug":"kyu-pruefung-der-purzelbaumgruppe","status":"publish","type":"post","link":"https:\/\/www.jsv-bernau.de\/jsv\/kyu-pruefung-der-purzelbaumgruppe\/","title":{"rendered":"Kyu-Pr\u00fcfung der Purzelbaumgruppe"},"content":{"rendered":"<p>Ganz aufgeregt waren die sieben unserer j\u00fcngsten Sportler am 13.07.2016. Die erste Kyu-Pr\u00fcfung ihrer Judo-Laufbahn stand auf dem Plan.<!--more-->Unter den gestrengen Blicken von Pr\u00fcferin Tina zeigten sie aber, dass sie im Training (meistens) gut aufgepasst und sich ordentlich auf diese Pr\u00fcfung vorbereitet hatten. Neben der Fallschule wurden Grundwurftechniken im Stand und Haltegriff gezeigt.<\/p>\n<p>Alle Pr\u00fcflinge konnten die ihnen gestellten Aufgaben souver\u00e4n l\u00f6sen und die Pr\u00fcferin Kristina Krappig und der Trainer Ralf Bannier waren mit den erbrachten Leistungen sehr zufrieden und konnten allen zur bestanden Pr\u00fcfung gratulieren.<\/p>\n<p>So war es denn f\u00fcr alle Beteiligten ein aufregender und erfolgreicher Nachmittag.<\/p>\n<p><a href=\"https:\/\/www.jsv-bernau.de\/jsv\/wp-content\/uploads\/post\/5179\/Pr\u00fcfung-1.jpg\"><img loading=\"lazy\" decoding=\"async\" class=\"colorbox-001 alignleft wp-image-5181 size-medium\" src=\"https:\/\/www.jsv-bernau.de\/jsv\/wp-content\/uploads\/post\/5179\/Pr\u00fcfung-1-747x560.jpg\" alt=\"Pr\u00fcfung 1\" width=\"747\" height=\"560\" srcset=\"https:\/\/www.jsv-bernau.de\/jsv\/wp-content\/uploads\/post\/5179\/Pr\u00fcfung-1-747x560.jpg 747w, https:\/\/www.jsv-bernau.de\/jsv\/wp-content\/uploads\/post\/5179\/Pr\u00fcfung-1-768x576.jpg 768w, https:\/\/www.jsv-bernau.de\/jsv\/wp-content\/uploads\/post\/5179\/Pr\u00fcfung-1.jpg 800w\" sizes=\"auto, (max-width: 747px) 100vw, 747px\" \/><\/a><\/p>\n","protected":false},"excerpt":{"rendered":"<p>Ganz aufgeregt waren die sieben unserer j\u00fcngsten Sportler am 13.07.2016. Die erste Kyu-Pr\u00fcfung ihrer Judo-Laufbahn stand auf dem Plan.<\/p>\n","protected":false},"author":15,"featured_media":5180,"comment_status":"closed","ping_status":"open","sticky":false,"template":"","format":"standard","meta":{"ngg_post_thumbnail":0,"jetpack_post_was_ever_published":false,"_jetpack_newsletter_access":"","_jetpack_dont_email_post_to_subs":false,"_jetpack_newsletter_tier_id":0,"_jetpack_memberships_contains_paywalled_content":false,"_jetpack_memberships_contains_paid_content":false,"footnotes":""},"categories":[1,5],"tags":[471,470,472],"class_list":["post-5179","post","type-post","status-publish","format-standard","has-post-thumbnail","hentry","category-allgemein","category-news","tag-anfaengergruppe","tag-kyu","tag-ralf-bannier"],"jetpack_featured_media_url":"https:\/\/www.jsv-bernau.de\/jsv\/wp-content\/uploads\/post\/5179\/Pr\u00fcfung.jpg","jetpack_shortlink":"https:\/\/wp.me\/p5TGCK-1lx","jetpack_sharing_enabled":true,"_links":{"self":[{"href":"https:\/\/www.jsv-bernau.de\/jsv\/wp-json\/wp\/v2\/posts\/5179","targetHints":{"allow":["GET"]}}],"collection":[{"href":"https:\/\/www.jsv-bernau.de\/jsv\/wp-json\/wp\/v2\/posts"}],"about":[{"href":"https:\/\/www.jsv-bernau.de\/jsv\/wp-json\/wp\/v2\/types\/post"}],"author":[{"embeddable":true,"href":"https:\/\/www.jsv-bernau.de\/jsv\/wp-json\/wp\/v2\/users\/15"}],"replies":[{"embeddable":true,"href":"https:\/\/www.jsv-bernau.de\/jsv\/wp-json\/wp\/v2\/comments?post=5179"}],"version-history":[{"count":3,"href":"https:\/\/www.jsv-bernau.de\/jsv\/wp-json\/wp\/v2\/posts\/5179\/revisions"}],"predecessor-version":[{"id":10046,"href":"https:\/\/www.jsv-bernau.de\/jsv\/wp-json\/wp\/v2\/posts\/5179\/revisions\/10046"}],"wp:featuredmedia":[{"embeddable":true,"href":"https:\/\/www.jsv-bernau.de\/jsv\/wp-json\/wp\/v2\/media\/5180"}],"wp:attachment":[{"href":"https:\/\/www.jsv-bernau.de\/jsv\/wp-json\/wp\/v2\/media?parent=5179"}],"wp:term":[{"taxonomy":"category","embeddable":true,"href":"https:\/\/www.jsv-bernau.de\/jsv\/wp-json\/wp\/v2\/categories?post=5179"},{"taxonomy":"post_tag","embeddable":true,"href":"https:\/\/www.jsv-bernau.de\/jsv\/wp-json\/wp\/v2\/tags?post=5179"}],"curies":[{"name":"wp","href":"https:\/\/api.w.org\/{rel}","templated":true}]}}