{"id":5235,"date":"2016-11-01T16:12:48","date_gmt":"2016-11-01T15:12:48","guid":{"rendered":"https:\/\/www.jsv-bernau.de\/jsv\/?p=5235"},"modified":"2016-11-02T16:18:34","modified_gmt":"2016-11-02T15:18:34","slug":"3-platz-beim-andreas-boenisch-gedenkturnier","status":"publish","type":"post","link":"https:\/\/www.jsv-bernau.de\/jsv\/3-platz-beim-andreas-boenisch-gedenkturnier\/","title":{"rendered":"3. Platz beim Andreas-B\u00f6nisch-Gedenkturnier"},"content":{"rendered":"<p>Wie auch 2015 fand das 14. Andreas-B\u00f6nisch-Gedenkturnier am 22.10.2016 mit Beteiligung des JSV Bernau statt. In der Trainingshalle des SV Gr\u00fcn-Wei\u00df Wittenberg-Piesteritz e.V. wurde auf 2 Matten gek\u00e4mpft. Es waren ca. 80 Starter gemeldet, die sich auf die Altersgruppen M\/F, \u00dc30 und \u00dc45 aufteilten.<\/p>\n<p>F\u00fcr den JSV war Rainer Pr\u00fcfig am Start, der sich in der Klasse \u00dc45 \u2013 90 kg den 3. Platz erk\u00e4mpfte. Hier im Bild gegen den Ex-Weltmeister Jukka Laitinen aus Finnland.<\/p>\n<p>Im n\u00e4chsten Jahr wird das Turnier ganz im Zeichen des 500. Jahrestag der Reformation stehen und das sonst schon gut organisierte Turnier wird ein Highlight im Wettkampfkalender 2017 sein. Hier darf dann auch eine gr\u00f6\u00dfere Abordnung an Wettk\u00e4mpfern dem Ruf folgen, so, dass wir auch in der Mannschaftswertung die Chance auf einen der begehrten Teampokale haben.<\/p>\n","protected":false},"excerpt":{"rendered":"<p>Wie auch 2015 fand das 14. Andreas-B\u00f6nisch-Gedenkturnier am 22.10.2016 mit Beteiligung des JSV Bernau statt. In der Trainingshalle des SV Gr\u00fcn-Wei\u00df Wittenberg-Piesteritz e.V. wurde auf 2 Matten gek\u00e4mpft. Es waren ca. 80 Starter gemeldet, die sich auf die Altersgruppen M\/F, \u00dc30 und \u00dc45 aufteilten. F\u00fcr den JSV war Rainer Pr\u00fcfig am Start, der sich in der Klasse \u00dc45 \u2013 90 kg den 3. Platz erk\u00e4mpfte. Hier im Bild gegen den Ex-Weltmeister Jukka Laitinen aus Finnland. Im n\u00e4chsten Jahr wird das Turnier ganz im Zeichen des 500. Jahrestag der Reformation stehen und das sonst schon gut organisierte Turnier wird ein Highlight im Wettkampfkalender 2017 sein. Hier darf dann auch eine gr\u00f6\u00dfere Abordnung an Wettk\u00e4mpfern dem Ruf folgen, so, dass wir auch in der Mannschaftswertung die Chance auf einen der begehrten Teampokale haben.<\/p>\n","protected":false},"author":16,"featured_media":5236,"comment_status":"closed","ping_status":"open","sticky":false,"template":"","format":"standard","meta":{"ngg_post_thumbnail":0,"jetpack_post_was_ever_published":false,"_jetpack_newsletter_access":"","_jetpack_dont_email_post_to_subs":false,"_jetpack_newsletter_tier_id":0,"_jetpack_memberships_contains_paywalled_content":false,"_jetpack_memberships_contains_paid_content":false,"footnotes":""},"categories":[1,3],"tags":[482,147,34],"class_list":["post-5235","post","type-post","status-publish","format-standard","has-post-thumbnail","hentry","category-allgemein","category-ergebnisse","tag-andreas-boenisch-gedenkturnier","tag-rainer-pruefig","tag-ue30"],"jetpack_featured_media_url":"https:\/\/www.jsv-bernau.de\/jsv\/wp-content\/uploads\/post\/5235\/Rainer_Lahitinen.jpg","jetpack_shortlink":"https:\/\/wp.me\/p5TGCK-1mr","jetpack_sharing_enabled":true,"_links":{"self":[{"href":"https:\/\/www.jsv-bernau.de\/jsv\/wp-json\/wp\/v2\/posts\/5235","targetHints":{"allow":["GET"]}}],"collection":[{"href":"https:\/\/www.jsv-bernau.de\/jsv\/wp-json\/wp\/v2\/posts"}],"about":[{"href":"https:\/\/www.jsv-bernau.de\/jsv\/wp-json\/wp\/v2\/types\/post"}],"author":[{"embeddable":true,"href":"https:\/\/www.jsv-bernau.de\/jsv\/wp-json\/wp\/v2\/users\/16"}],"replies":[{"embeddable":true,"href":"https:\/\/www.jsv-bernau.de\/jsv\/wp-json\/wp\/v2\/comments?post=5235"}],"version-history":[{"count":1,"href":"https:\/\/www.jsv-bernau.de\/jsv\/wp-json\/wp\/v2\/posts\/5235\/revisions"}],"predecessor-version":[{"id":5237,"href":"https:\/\/www.jsv-bernau.de\/jsv\/wp-json\/wp\/v2\/posts\/5235\/revisions\/5237"}],"wp:featuredmedia":[{"embeddable":true,"href":"https:\/\/www.jsv-bernau.de\/jsv\/wp-json\/wp\/v2\/media\/5236"}],"wp:attachment":[{"href":"https:\/\/www.jsv-bernau.de\/jsv\/wp-json\/wp\/v2\/media?parent=5235"}],"wp:term":[{"taxonomy":"category","embeddable":true,"href":"https:\/\/www.jsv-bernau.de\/jsv\/wp-json\/wp\/v2\/categories?post=5235"},{"taxonomy":"post_tag","embeddable":true,"href":"https:\/\/www.jsv-bernau.de\/jsv\/wp-json\/wp\/v2\/tags?post=5235"}],"curies":[{"name":"wp","href":"https:\/\/api.w.org\/{rel}","templated":true}]}}