{"id":5481,"date":"2017-03-07T20:45:00","date_gmt":"2017-03-07T19:45:00","guid":{"rendered":"https:\/\/www.jsv-bernau.de\/jsv\/?p=5481"},"modified":"2017-03-07T21:29:02","modified_gmt":"2017-03-07T20:29:02","slug":"mauritius-cup-am-04-03-2017-in-jueterbog","status":"publish","type":"post","link":"https:\/\/www.jsv-bernau.de\/jsv\/mauritius-cup-am-04-03-2017-in-jueterbog\/","title":{"rendered":"Mauritius Cup am 04.03.2017 in J\u00fcterbog"},"content":{"rendered":"<p>Am 4. M\u00e4rz fanden in J\u00fcterbog die Wettk\u00e4mpfe um den 11. Mauritius Cup statt. In<br \/>\nder Altersklasse U 13 befanden sich unter den etwa 100 Teilnehmern auch 5 Sportler<br \/>\nvom JSV Bernau. Leider mussten 4 Judokas aus dem Bernauer Team ihre<br \/>\nTeilnahme verletzungsbedingt absagen. Dennoch wollten unsere Youngsters ein<br \/>\nW\u00f6rtchen bei der Medaillenvergabe und auch in der Mannschaftswertung mitreden.<br \/>\nHoch motiviert galt es sich gegen K\u00e4mpfer aus Brandenburg und Polen zu<br \/>\nbehaupten.<br \/>\nDen Auftaktsieg an diesem Wettkampftag sicherte sich Ilja Massarski in der<br \/>\nGewichtsklasse bis 37 kg. Es gelang ihm, den ersten Angriff seines Gegners mit<br \/>\neinem sch\u00f6nen Ko-Soto-Gari (kleine Innensichel) zu kontern. Seine Aktion wurde mit<br \/>\neinem Waza Ari belohnt. Entschlossen setzte Ilja seinen Kampf fort und konnte die<br \/>\nF\u00fchrung \u00fcber die gesamte Kampfzeit behaupten. In seinem zweiten Kampf konnte<br \/>\nIlja seinen starken Gegner mit einem Seoi Otoshi (Schultersturz) zu Boden bringen.<br \/>\nEr k\u00e4mpfte konzentriert weiter und lie\u00df seinem Kontrahenten keine Gelegenheit auf<br \/>\neine eigene Wertung. Letztendlich konnte der Bernauer K\u00e4mpfer auch diese<br \/>\nkr\u00e4ftezehrende Begegnung f\u00fcr sich entscheiden. Auch in seinem dritten Kampf<br \/>\nkonnte Ilja mit sch\u00f6nen Wurftechniken seinen Kontrahenten besiegen. Er sicherte<br \/>\nsich damit die Goldmedaille in der Gewichtsklasse bis 37 kg.<br \/>\nFares Ayyoub stellte in der Gewichtsklasse bis 50 kg eindrucksvoll sein K\u00f6nnen unter<br \/>\nBeweis. Er musste es in seinen Begegnungen mit Kontrahenten aufnehmen, die<br \/>\njeweils gut einen Kopf gr\u00f6\u00dfer als er selbst waren. Fares ging trotzdem siegessicher<br \/>\nauf die Tatami und lie\u00df sich von der optischen \u00dcberlegenheit nicht beeindrucken. In<br \/>\nseinem ersten Kampf brachte Fares seinen Kontrahenten fast zur Verzweiflung. Mit<br \/>\ngro\u00dfem Kampfgeist und taktischem Geschick, gelang es ihm, den Gegner im<br \/>\nBodenkampf mit einer Festhalte (Kesa-Gatame) auf dem R\u00fccken zu fixieren und den<br \/>\nKampf vorzeitig zu gewinnen. Auch in der zweiten Begegnung zeigte sich Fares<br \/>\nentschlossen und wollte unbedingt den Sieg. Er bewies den Trainern Bj\u00f6rn Lehmann<br \/>\nund Thomas Troche, dass er auch im Stand gewinnen kann und brachte seinen<br \/>\nGegner mit einem tollen Wurf (Ko-Soto-Gake) zu Boden. Hierf\u00fcr erhielt der Bernauer<br \/>\nK\u00e4mpfer einen Ippon (voller Punkt). Dies sicherte ihm nicht nur den vorzeitigen Sieg,<br \/>\nsondern auch den ersten Platz in der Gewichtsklasse bis 50 kg.<br \/>\nDas schwerste Los an diesem Wettkampftag zog Mathis Lange. Ihm standen in<br \/>\nseiner Gewichtsklasse 5 Kontrahenten gegen\u00fcber. Obwohl Mathis erst bei wenigen<br \/>\nWettk\u00e4mpfen eigene Erfahrungen sammeln konnte, war er dennoch fest<br \/>\nentschlossen, seinen Beitrag zur Mannschaftswertung zu leisten. Fehlte es in seinem<br \/>\nersten Kampf noch an Entschlossenheit und Konzentration, so konnte er doch in den<br \/>\nfolgenden Begegnungen sein K\u00f6nnen immer besser abrufen und die im Training<br \/>\nerlernten Techniken auf die Wettkampfmatte zaubern. In den folgenden vier (!)<br \/>\nK\u00e4mpfen gelangen Mathis zwei verdiente Siege. Und auch in den beiden verlorenen<br \/>\nBegegnungen wurde deutlich, dass Mathis auf einem guten Weg ist. Jeweils \u00fcber die<br \/>\ngesamte Kampfzeit wehrte er sich tapfer gegen die Angriffe seiner Gegner und verlor<br \/>\nnur denkbar knapp. Im Ergebnis konnten Mathis und seine Trainer mit dem hart<br \/>\nerk\u00e4mpften f\u00fcnften Platz zufrieden sein. Zudem sicherte er so noch wichtige Punkte<br \/>\nf\u00fcr die Mannschaftswertung.<br \/>\nIn der Gewichtsklasse \u00fcber 50 kg ging Raphael Kirschke f\u00fcr den JSV Bernau auf die<br \/>\nTatami. Souver\u00e4n gewann er den ersten Kampf mit einem O-Soto-Gari (Gro\u00dfe<br \/>\nAu\u00dfensichel). Nach dem vorzeitigen Sieg im ersten Kampf, verlor er in der zweiten<br \/>\nBegegnung etwas ungl\u00fccklich gegen den sp\u00e4teren Erstplatzierten der<br \/>\nGewichtsklasse. Raphael konnte in den ersten zwei Minuten gut mitk\u00e4mpfen, drehte<br \/>\nsich dann etwas ungl\u00fccklich zu einem Wurf ein und wurde ausgekontert. Schnell<br \/>\nwurde der Kampf abgehakt und Raphael lie\u00df sich von den Trainern f\u00fcr den<br \/>\nfolgenden wichtigen Kampf um Platz drei motivieren. Selbstbewusst lie\u00df der<br \/>\nBernauer K\u00e4mpfer nichts anbrennen und domminierte die Begegnung. Den Sieg trug<br \/>\ner letztendlich durch eine Haltetechnik am Boden davon. Belohnt wurde Raphael mit<br \/>\neinem tollen dritten Platz.<br \/>\nEinzige Starterin im Bernauer Team war an diesem Wettkampftag Jenny Janowski.<br \/>\nLeider stand ihr in ihrer Gewichtsklasse nur eine Gegnerin gegen\u00fcber. So ging es<br \/>\ndann auch im ersten Kampf gleich um die Goldmedaille. Etwas aufgeregt startete<br \/>\nJenny in diese Begegnung, fand jedoch immer besser in das Kampfgeschehen. Nach<br \/>\netwa einer Minute ausgeglichenem Kampf im Stand, versuchten beide K\u00e4mpferinnen<br \/>\nim Bodenkampf den Sieg zu erringen. Hier gelang es Jenny einen Armhebel (Juji<br \/>\nGatame) herauszuarbeiten und ihre Kontrahentin zur Aufgabe zu zwingen. Dies<br \/>\nfreute auch das Trainerteam, da Jenny hier die letzten Trainingsinhalte konsequent<br \/>\numsetzte. Und auch Jenny war mit Platz 1 in Ihrer Gewichtsklasse hochzufrieden.<br \/>\nDurch die sehr guten Platzierungen mit dreimal Platz 1, einmal Platz 3 und einmal<br \/>\nPlatz 5 konnten die Sportler des Judo Sportvereins Bernau e.V. in der<br \/>\nGesamtwertung einen tollen 2. Platz belegen. Sichtlich \u00fcberrascht, liefen gleich 3<br \/>\nSportler aufs Siegertreppchen, um den Mannschaftspokal in Empfang zu nehmen<\/p>\n<p><img loading=\"lazy\" decoding=\"async\" class=\"alignnone size-medium wp-image-5484\" src=\"https:\/\/www.jsv-bernau.de\/jsv\/wp-content\/uploads\/post\/5481\/20170304_1655241.jpg\" alt=\"20170304_1655241\" height=\"338\" width=\"600\"> <img loading=\"lazy\" decoding=\"async\" class=\"alignnone size-medium wp-image-5485\" src=\"https:\/\/www.jsv-bernau.de\/jsv\/wp-content\/uploads\/post\/5481\/IMG-20170304-WA00021.jpg\" alt=\"IMG-20170304-WA00021\" height=\"450\" width=\"600\"><\/p>\n","protected":false},"excerpt":{"rendered":"<p>Am 4. M\u00e4rz fanden in J\u00fcterbog die Wettk\u00e4mpfe um den 11. Mauritius Cup statt. In der Altersklasse U 13 befanden sich unter den etwa 100 Teilnehmern auch 5 Sportler vom JSV Bernau. Leider mussten 4 Judokas aus dem Bernauer Team ihre Teilnahme verletzungsbedingt absagen. Dennoch wollten unsere Youngsters ein W\u00f6rtchen bei der Medaillenvergabe und auch in der Mannschaftswertung mitreden. Hoch motiviert galt es sich gegen K\u00e4mpfer aus Brandenburg und Polen zu behaupten. Den Auftaktsieg an diesem Wettkampftag sicherte sich Ilja Massarski in der Gewichtsklasse bis 37 kg. Es gelang ihm, den ersten Angriff seines Gegners mit einem sch\u00f6nen Ko-Soto-Gari (kleine Innensichel) zu kontern. Seine Aktion wurde mit einem Waza Ari belohnt. Entschlossen setzte Ilja seinen Kampf fort und konnte die F\u00fchrung \u00fcber die gesamte Kampfzeit behaupten. In seinem zweiten Kampf konnte Ilja seinen starken Gegner mit einem Seoi Otoshi (Schultersturz) zu Boden bringen. Er k\u00e4mpfte konzentriert weiter und lie\u00df seinem Kontrahenten keine Gelegenheit auf eine eigene Wertung. Letztendlich konnte der Bernauer K\u00e4mpfer auch diese kr\u00e4ftezehrende Begegnung f\u00fcr sich entscheiden. Auch in seinem dritten Kampf konnte &hellip;<\/p>\n","protected":false},"author":24,"featured_media":5487,"comment_status":"closed","ping_status":"open","sticky":false,"template":"","format":"standard","meta":{"ngg_post_thumbnail":0,"jetpack_post_was_ever_published":false,"_jetpack_newsletter_access":"","_jetpack_dont_email_post_to_subs":true,"_jetpack_newsletter_tier_id":0,"_jetpack_memberships_contains_paywalled_content":false,"_jetpack_memberships_contains_paid_content":false,"footnotes":""},"categories":[1,5],"tags":[365,367,368,486,493,485],"class_list":["post-5481","post","type-post","status-publish","format-standard","has-post-thumbnail","hentry","category-allgemein","category-news","tag-farres-ayyoub","tag-ilja-massarski","tag-jenny-janowski","tag-mathis-lange","tag-mauritius-cup","tag-raphael-kirschke"],"jetpack_featured_media_url":"https:\/\/www.jsv-bernau.de\/jsv\/wp-content\/uploads\/post\/5481\/IMG-20170307-WA0003.jpg","jetpack_shortlink":"https:\/\/wp.me\/p5TGCK-1qp","jetpack_sharing_enabled":true,"_links":{"self":[{"href":"https:\/\/www.jsv-bernau.de\/jsv\/wp-json\/wp\/v2\/posts\/5481","targetHints":{"allow":["GET"]}}],"collection":[{"href":"https:\/\/www.jsv-bernau.de\/jsv\/wp-json\/wp\/v2\/posts"}],"about":[{"href":"https:\/\/www.jsv-bernau.de\/jsv\/wp-json\/wp\/v2\/types\/post"}],"author":[{"embeddable":true,"href":"https:\/\/www.jsv-bernau.de\/jsv\/wp-json\/wp\/v2\/users\/24"}],"replies":[{"embeddable":true,"href":"https:\/\/www.jsv-bernau.de\/jsv\/wp-json\/wp\/v2\/comments?post=5481"}],"version-history":[{"count":2,"href":"https:\/\/www.jsv-bernau.de\/jsv\/wp-json\/wp\/v2\/posts\/5481\/revisions"}],"predecessor-version":[{"id":5486,"href":"https:\/\/www.jsv-bernau.de\/jsv\/wp-json\/wp\/v2\/posts\/5481\/revisions\/5486"}],"wp:featuredmedia":[{"embeddable":true,"href":"https:\/\/www.jsv-bernau.de\/jsv\/wp-json\/wp\/v2\/media\/5487"}],"wp:attachment":[{"href":"https:\/\/www.jsv-bernau.de\/jsv\/wp-json\/wp\/v2\/media?parent=5481"}],"wp:term":[{"taxonomy":"category","embeddable":true,"href":"https:\/\/www.jsv-bernau.de\/jsv\/wp-json\/wp\/v2\/categories?post=5481"},{"taxonomy":"post_tag","embeddable":true,"href":"https:\/\/www.jsv-bernau.de\/jsv\/wp-json\/wp\/v2\/tags?post=5481"}],"curies":[{"name":"wp","href":"https:\/\/api.w.org\/{rel}","templated":true}]}}