{"id":5503,"date":"2017-03-26T16:58:08","date_gmt":"2017-03-26T14:58:08","guid":{"rendered":"https:\/\/www.jsv-bernau.de\/jsv\/?p=5503"},"modified":"2017-04-26T17:09:24","modified_gmt":"2017-04-26T15:09:24","slug":"kyu-pruefung-fuer-schoenower-judo-kids","status":"publish","type":"post","link":"https:\/\/www.jsv-bernau.de\/jsv\/kyu-pruefung-fuer-schoenower-judo-kids\/","title":{"rendered":"Kyu-Pr\u00fcfung f\u00fcr Sch\u00f6nower Judo-Kids"},"content":{"rendered":"<p>Seit Ende des letzten Jahres hat der JSV Bernau einen neuen Trainingsst\u00fctzpunkt. Etwas mehr als zehn Kinder im Alter von 6 bis 12 Jahren \u00fcben zweimal w\u00f6chentlich in der neu gebauten Sporthalle der Sch\u00f6nower Heidestra\u00dfe das Einmaleins der Kampfsportart Judo.<!--more--><\/p>\n<p>Am 25.03.2017 versammelte sich der Gro\u00dfteil dieser Trainingsgruppe in Begleitung ihrer Eltern und Geschwister aber in der Kampfsporthalle in Bernau. Grund daf\u00fcr war die Pr\u00fcfung der Kinder um den n\u00e4chst h\u00f6heren Kyu-Grad (G\u00fcrtel) zu erlangen. Darauf hatten sie sich in den Wochen zuvor intensiv beim Training vorbereitet und waren aus Sicht ihres Trainers Frank Opitz auf einem guten Leistungsstand. Trotzdem war allen die Nervosit\u00e4t vor der Pr\u00fcfung anzumerken und die Spannung im Dojo, also der Judohalle f\u00f6rmlich greifbar. Ihr Trainer Herr Opitz wurde nun zum Pr\u00fcfer und beurteilte gemeinsam mit dem weiteren Pr\u00fcfer Ren\u00e9 Keil auf zwei Matten Fallschule, W\u00fcrfe und Festhalten der Pr\u00fcflinge. Gab es dabei mal ein kleines Problem und einer der jungen Judoka wusste, der Aufregung geschuldet, mal nicht weiter, so konnte der Co-Trainer der Trainingsgruppe Marco Patzwall vom Rand der Tatami (Judomatte) helfend eingreifen.<\/p>\n<p>Als weiteres Pr\u00fcfungsfach sollten die jungen Judoka im Randori, einer Form des \u00dcbungskampfes, zeigen, dass sie die erlernten Techniken auch unter dosierter Gegenwehr anwenden k\u00f6nnen. Dabei staunten die zahlreich anwesenden Eltern nicht schlecht, was ihre Spr\u00f6sslinge schon so alles draufhaben. Zum Abschluss der Pr\u00fcfung wurde in einer Fragerunde noch gezeigt, dass auch erste Theoriekenntnisse \u00fcber den sehr traditionellen Kampfsport Judo erlernt wurden. Auch diese Aufgabe wurde mit Bravour gel\u00f6st, so dass alle Pr\u00fcflinge ihren neuen, n\u00e4mlich den wei\u00df-gelben bzw. den gelben G\u00fcrtel mit Stolz umbinden konnten.<\/p>\n<p>Ihren Ausklang fand die Pr\u00fcfung in einer gem\u00fctlichen Feierstunde bei Caf\u00e9 und Kuchen gemeinsam mit den Kindern, ihren Eltern und Geschwistern sowie den Trainern und Pr\u00fcfern.<\/p>\n<p>Tr\u00e4ger des 8. Kyu (wei\u00df-gelber G\u00fcrtel) sind nun David und Raphael Schendel, Mattes Schr\u00f6der sowie Janne Reitzl. Die Pr\u00fcfung zum 7. Kyu, dem gelben G\u00fcrtel bestanden Joshua Kaber, Lilian Rapp, Rike Naroska und Sontje Reitzl.<\/p>\n<p><em><strong>Auf der Judomatte der Sch\u00f6nower Trainingsgruppe des JSV Bernau ist noch etwas Platz. Die Trainer Frank Opitz und Marco Patzwall freuen sich \u00fcber jedes Kind ab 6 Jahren, das die Sportart Judo einmal kennenlernen und ausprobieren m\u00f6chte. Trainiert wird jeden Mittwoch und Freitag von 16:00 bis 18:00 Uhr in der neuen Sporthalle Heidestra\u00dfe.<\/strong><\/em><\/p>\n<div id='gallery-1' class='gallery galleryid-5503 gallery-columns-3 gallery-size-thumbnail'><dl class='gallery-item'>\n\t\t\t<dt class='gallery-icon landscape'>\n\t\t\t\t<a href='https:\/\/www.jsv-bernau.de\/jsv\/wp-content\/uploads\/post\/5503\/DSC_0062.jpg'><img loading=\"lazy\" decoding=\"async\" width=\"420\" height=\"280\" src=\"https:\/\/www.jsv-bernau.de\/jsv\/wp-content\/uploads\/post\/5503\/DSC_0062-420x280.jpg\" class=\"attachment-thumbnail size-thumbnail\" alt=\"\" srcset=\"https:\/\/www.jsv-bernau.de\/jsv\/wp-content\/uploads\/post\/5503\/DSC_0062-420x280.jpg 420w, https:\/\/www.jsv-bernau.de\/jsv\/wp-content\/uploads\/post\/5503\/DSC_0062-840x560.jpg 840w\" sizes=\"auto, (max-width: 420px) 100vw, 420px\" \/><\/a>\n\t\t\t<\/dt><\/dl><dl class='gallery-item'>\n\t\t\t<dt class='gallery-icon landscape'>\n\t\t\t\t<a href='https:\/\/www.jsv-bernau.de\/jsv\/wp-content\/uploads\/post\/5503\/DSC_0071.jpg'><img loading=\"lazy\" decoding=\"async\" width=\"420\" height=\"280\" src=\"https:\/\/www.jsv-bernau.de\/jsv\/wp-content\/uploads\/post\/5503\/DSC_0071-420x280.jpg\" class=\"attachment-thumbnail size-thumbnail\" alt=\"\" srcset=\"https:\/\/www.jsv-bernau.de\/jsv\/wp-content\/uploads\/post\/5503\/DSC_0071-420x280.jpg 420w, https:\/\/www.jsv-bernau.de\/jsv\/wp-content\/uploads\/post\/5503\/DSC_0071-840x560.jpg 840w\" sizes=\"auto, (max-width: 420px) 100vw, 420px\" \/><\/a>\n\t\t\t<\/dt><\/dl><dl class='gallery-item'>\n\t\t\t<dt class='gallery-icon landscape'>\n\t\t\t\t<a href='https:\/\/www.jsv-bernau.de\/jsv\/wp-content\/uploads\/post\/5503\/DSC_0068.jpg'><img loading=\"lazy\" decoding=\"async\" width=\"420\" height=\"280\" src=\"https:\/\/www.jsv-bernau.de\/jsv\/wp-content\/uploads\/post\/5503\/DSC_0068-420x280.jpg\" class=\"attachment-thumbnail size-thumbnail\" alt=\"\" srcset=\"https:\/\/www.jsv-bernau.de\/jsv\/wp-content\/uploads\/post\/5503\/DSC_0068-420x280.jpg 420w, https:\/\/www.jsv-bernau.de\/jsv\/wp-content\/uploads\/post\/5503\/DSC_0068-840x560.jpg 840w\" sizes=\"auto, (max-width: 420px) 100vw, 420px\" \/><\/a>\n\t\t\t<\/dt><\/dl><br style=\"clear: both\" \/>\n\t\t<\/div>\n\n","protected":false},"excerpt":{"rendered":"<p>Seit Ende des letzten Jahres hat der JSV Bernau einen neuen Trainingsst\u00fctzpunkt. Etwas mehr als zehn Kinder im Alter von 6 bis 12 Jahren \u00fcben zweimal w\u00f6chentlich in der neu gebauten Sporthalle der Sch\u00f6nower Heidestra\u00dfe das Einmaleins der Kampfsportart Judo.<\/p>\n","protected":false},"author":9,"featured_media":5505,"comment_status":"closed","ping_status":"open","sticky":false,"template":"","format":"standard","meta":{"ngg_post_thumbnail":0,"jetpack_post_was_ever_published":false,"_jetpack_newsletter_access":"","_jetpack_dont_email_post_to_subs":false,"_jetpack_newsletter_tier_id":0,"_jetpack_memberships_contains_paywalled_content":false,"_jetpack_memberships_contains_paid_content":false,"footnotes":""},"categories":[1,5],"tags":[390,489],"class_list":["post-5503","post","type-post","status-publish","format-standard","has-post-thumbnail","hentry","category-allgemein","category-news","tag-kyu-pruefung","tag-schoenow"],"jetpack_featured_media_url":"https:\/\/www.jsv-bernau.de\/jsv\/wp-content\/uploads\/post\/5503\/DSC_0068.jpg","jetpack_shortlink":"https:\/\/wp.me\/p5TGCK-1qL","jetpack_sharing_enabled":true,"_links":{"self":[{"href":"https:\/\/www.jsv-bernau.de\/jsv\/wp-json\/wp\/v2\/posts\/5503","targetHints":{"allow":["GET"]}}],"collection":[{"href":"https:\/\/www.jsv-bernau.de\/jsv\/wp-json\/wp\/v2\/posts"}],"about":[{"href":"https:\/\/www.jsv-bernau.de\/jsv\/wp-json\/wp\/v2\/types\/post"}],"author":[{"embeddable":true,"href":"https:\/\/www.jsv-bernau.de\/jsv\/wp-json\/wp\/v2\/users\/9"}],"replies":[{"embeddable":true,"href":"https:\/\/www.jsv-bernau.de\/jsv\/wp-json\/wp\/v2\/comments?post=5503"}],"version-history":[{"count":1,"href":"https:\/\/www.jsv-bernau.de\/jsv\/wp-json\/wp\/v2\/posts\/5503\/revisions"}],"predecessor-version":[{"id":5508,"href":"https:\/\/www.jsv-bernau.de\/jsv\/wp-json\/wp\/v2\/posts\/5503\/revisions\/5508"}],"wp:featuredmedia":[{"embeddable":true,"href":"https:\/\/www.jsv-bernau.de\/jsv\/wp-json\/wp\/v2\/media\/5505"}],"wp:attachment":[{"href":"https:\/\/www.jsv-bernau.de\/jsv\/wp-json\/wp\/v2\/media?parent=5503"}],"wp:term":[{"taxonomy":"category","embeddable":true,"href":"https:\/\/www.jsv-bernau.de\/jsv\/wp-json\/wp\/v2\/categories?post=5503"},{"taxonomy":"post_tag","embeddable":true,"href":"https:\/\/www.jsv-bernau.de\/jsv\/wp-json\/wp\/v2\/tags?post=5503"}],"curies":[{"name":"wp","href":"https:\/\/api.w.org\/{rel}","templated":true}]}}