{"id":5509,"date":"2017-04-26T18:02:59","date_gmt":"2017-04-26T16:02:59","guid":{"rendered":"https:\/\/www.jsv-bernau.de\/jsv\/?p=5509"},"modified":"2017-04-28T11:54:56","modified_gmt":"2017-04-28T09:54:56","slug":"rainer-pruefig-ist-deutscher-meister","status":"publish","type":"post","link":"https:\/\/www.jsv-bernau.de\/jsv\/rainer-pruefig-ist-deutscher-meister\/","title":{"rendered":"Rainer Pr\u00fcfig ist Deutscher Meister!"},"content":{"rendered":"<p>Am Samstag, dem 22.4.1017 haben die Deutschen Meisterschaften der \u00dc30 im Judo in Wiesbaden stattgefunden. Die Bernauer Judoka konnten mit dem Meistertitel von Rainer Pr\u00fcfig einen herausragenden Erfolg einfahren.<\/p>\n<p>Um den Titel \u201eDeutscher Meister\u201c k\u00e4mpften 450 Judoka aus allen Bundesl\u00e4ndern. F\u00fcr den JSV Bernau gingen drei Sportler auf die Tatami (Wettkampffl\u00e4che). Torsten Lukas in der Altersklasse M 5, sowie Rainer Pr\u00fcfig und Frank Kube in der Altersklasse M 6.<\/p>\n<p>Nach anf\u00e4nglichen organisatorischen Schwierigkeiten am Akkreditierungstag begann die Meisterschaft am Samstag p\u00fcnktlich um 10 Uhr. Zuerst k\u00e4mpften Frank Kube und Rainer Pr\u00fcfig in der Gewichtsklasse bis 90 kg. Da die Gewichtsklasse mit 10 Startern sehr gro\u00df war, wurde hier im Doppel-KO-System mit Hoffnungsrunde gek\u00e4mpft. Unsere Sportler traten in jeweils einem der Pools an. Frank Kube hatte in seinem Pool das schwerere Los und musste gleich in seinem ersten Kampf gegen Klaus-Peter Loch aus Schmalkalden antreten. Klaus-Peter nutzte seine riesige Erfahrung als ehemaliger Vize-Weltmeister, um einen von Frank angesetzten Wurf mit einem Konter zu nutzen und brachte ihn damit zu Fall. Loch gewann damit den Kampf. Im weiteren Verlauf gewann Loch gegen Brenner aus M\u00fcnchen, so das Frank in der Hoffnungsrunde weiterk\u00e4mpfen konnte. F\u00fcr Frank ging es nun durch die Hoffnungsrunde, mit dem Ziel, um Platz drei zu k\u00e4mpfen. Nachdem er den Kampf gegen Brenner durch Kampfrichterentscheid gewinnen konnte l\u00f6ste sich Frank aus der starren Wettkampfhaltung und bewegte sich und seine Gegner sehr viel.&nbsp; Durch die gute konditionelle Vorbereitung hielt Frank das Bewegungstempo hoch und gewann die n\u00e4chsten zwei K\u00e4mpfe gegen Franke aus Berlin und Kynast aus Niedersachsen. Seine lockere und aggressive Kampfart f\u00fchrte letztendlich zum Erfolg und zum hervorragenden dritten Platz.<\/p>\n<p>Rainer k\u00e4mpfte ebenfalls in der Gewichtsklasse bis 90 kg und hatte hier wohl auch das etwas g\u00fcnstigere Los in seinem Pool. Seinen ersten Kampf bestritt er gegen Berger aus Reutlingen. Rainer nutzte einen angesetzten Tai-Otoshi von Berger aus, um in der Weiterf\u00fchrung im Bodenkampf erfolgreich eine W\u00fcrge ansetzen zu k\u00f6nnen. Im zweiten Kampf trat er gegen Kempf aus Hessen an. Im Kampfgeschehen nutze Rainer geschickt eine Kampfsituation um den Gegner in eine Festhalte zu zwingen, und hielt diese bis zur Wettkampfentscheidung. Im Halbfinale traf Rainer dann auf Dieter Kynast vom TUS Sulingen. Bei diesem entscheidenden Kampf zum Einzug ins Finale konnte Rainer mit einem schnellen Uchi-Mata auf links, sich auf die Siegerstra\u00dfe bringen und durch eine Festhalte den Kampf erfolgreich beenden. Im Finale ging es dann gegen Andreas Bartsch vom Frankfurter Turnverein 1860. Dieser zeigte sich als erwartet starker Gegner, so dass Rainer all sein K\u00f6nnen und seine Erfahrung brauchte, um seinen Gegner massiv unter Druck zu setzen. In der Folge kam zu mehreren Bestrafungen beim Gegner und brachte so die Entscheidung. Das bedeutete den Sieg und nach vielen Platzierungen bei Deutschen Meisterschaften endlich den Meistertitel f\u00fcr Rainer!<\/p>\n<p>Unser dritter Starter Torsten Lukas k\u00e4mpfte in der AK 5 bis 73 kg. Torsten hatte in seinem Pool 9 Gegner. Er konnte sich in seinen zwei K\u00e4mpfen leider nicht gegen seine Gegner Olsson aus Niedersachsen und Heilmann aus Th\u00fcringen durchsetzen. Beide Gegner nutzen Torstens Schw\u00e4che im Bodenkampf aus und besiegten ihn mit einer W\u00fcrge und einer Hebeltechnik. Torsten belegte somit bei seinem Deb\u00fct bei den Deutschen Meisterschaften einen 7. Platz.<\/p>\n<p>Die durch die Trainer Rene Keil und Frank Opitz gut vorbereitete JSV-K\u00e4mpfer brachten einen ersten, einen dritten und einen siebenten Platz bei den Deutschen Meisterschaften 2017 mit nach Bernau. Herzlichen Gl\u00fcckwunsch!<\/p>\n<p>&nbsp;<\/p>\n<div id='gallery-1' class='gallery galleryid-5509 gallery-columns-3 gallery-size-thumbnail'><dl class='gallery-item'>\n\t\t\t<dt class='gallery-icon landscape'>\n\t\t\t\t<a href='https:\/\/www.jsv-bernau.de\/jsv\/wp-content\/uploads\/post\/5509\/IMG_0327.jpg'><img loading=\"lazy\" decoding=\"async\" width=\"420\" height=\"280\" src=\"https:\/\/www.jsv-bernau.de\/jsv\/wp-content\/uploads\/post\/5509\/IMG_0327-420x280.jpg\" class=\"attachment-thumbnail size-thumbnail\" alt=\"\" srcset=\"https:\/\/www.jsv-bernau.de\/jsv\/wp-content\/uploads\/post\/5509\/IMG_0327-420x280.jpg 420w, https:\/\/www.jsv-bernau.de\/jsv\/wp-content\/uploads\/post\/5509\/IMG_0327-840x560.jpg 840w, https:\/\/www.jsv-bernau.de\/jsv\/wp-content\/uploads\/post\/5509\/IMG_0327-1200x800.jpg 1200w\" sizes=\"auto, (max-width: 420px) 100vw, 420px\" \/><\/a>\n\t\t\t<\/dt><\/dl><dl class='gallery-item'>\n\t\t\t<dt class='gallery-icon landscape'>\n\t\t\t\t<a href='https:\/\/www.jsv-bernau.de\/jsv\/wp-content\/uploads\/post\/5509\/IMG_0321.jpg'><img loading=\"lazy\" decoding=\"async\" width=\"420\" height=\"280\" src=\"https:\/\/www.jsv-bernau.de\/jsv\/wp-content\/uploads\/post\/5509\/IMG_0321-420x280.jpg\" class=\"attachment-thumbnail size-thumbnail\" alt=\"\" srcset=\"https:\/\/www.jsv-bernau.de\/jsv\/wp-content\/uploads\/post\/5509\/IMG_0321-420x280.jpg 420w, https:\/\/www.jsv-bernau.de\/jsv\/wp-content\/uploads\/post\/5509\/IMG_0321-840x560.jpg 840w, https:\/\/www.jsv-bernau.de\/jsv\/wp-content\/uploads\/post\/5509\/IMG_0321-1200x800.jpg 1200w\" sizes=\"auto, (max-width: 420px) 100vw, 420px\" \/><\/a>\n\t\t\t<\/dt><\/dl><dl class='gallery-item'>\n\t\t\t<dt class='gallery-icon landscape'>\n\t\t\t\t<a href='https:\/\/www.jsv-bernau.de\/jsv\/wp-content\/uploads\/post\/5509\/IMG_0317.jpg'><img loading=\"lazy\" decoding=\"async\" width=\"420\" height=\"280\" src=\"https:\/\/www.jsv-bernau.de\/jsv\/wp-content\/uploads\/post\/5509\/IMG_0317-420x280.jpg\" class=\"attachment-thumbnail size-thumbnail\" alt=\"\" srcset=\"https:\/\/www.jsv-bernau.de\/jsv\/wp-content\/uploads\/post\/5509\/IMG_0317-420x280.jpg 420w, https:\/\/www.jsv-bernau.de\/jsv\/wp-content\/uploads\/post\/5509\/IMG_0317-840x560.jpg 840w, https:\/\/www.jsv-bernau.de\/jsv\/wp-content\/uploads\/post\/5509\/IMG_0317-1200x800.jpg 1200w\" sizes=\"auto, (max-width: 420px) 100vw, 420px\" \/><\/a>\n\t\t\t<\/dt><\/dl><br style=\"clear: both\" \/><dl class='gallery-item'>\n\t\t\t<dt class='gallery-icon landscape'>\n\t\t\t\t<a href='https:\/\/www.jsv-bernau.de\/jsv\/wp-content\/uploads\/post\/5509\/IMG_0309.jpg'><img loading=\"lazy\" decoding=\"async\" width=\"420\" height=\"280\" src=\"https:\/\/www.jsv-bernau.de\/jsv\/wp-content\/uploads\/post\/5509\/IMG_0309-420x280.jpg\" class=\"attachment-thumbnail size-thumbnail\" alt=\"\" srcset=\"https:\/\/www.jsv-bernau.de\/jsv\/wp-content\/uploads\/post\/5509\/IMG_0309-420x280.jpg 420w, https:\/\/www.jsv-bernau.de\/jsv\/wp-content\/uploads\/post\/5509\/IMG_0309-840x560.jpg 840w, https:\/\/www.jsv-bernau.de\/jsv\/wp-content\/uploads\/post\/5509\/IMG_0309-1200x800.jpg 1200w\" sizes=\"auto, (max-width: 420px) 100vw, 420px\" \/><\/a>\n\t\t\t<\/dt><\/dl><dl class='gallery-item'>\n\t\t\t<dt class='gallery-icon landscape'>\n\t\t\t\t<a href='https:\/\/www.jsv-bernau.de\/jsv\/wp-content\/uploads\/post\/5509\/IMG_0308.jpg'><img loading=\"lazy\" decoding=\"async\" width=\"420\" height=\"280\" src=\"https:\/\/www.jsv-bernau.de\/jsv\/wp-content\/uploads\/post\/5509\/IMG_0308-420x280.jpg\" class=\"attachment-thumbnail size-thumbnail\" alt=\"\" srcset=\"https:\/\/www.jsv-bernau.de\/jsv\/wp-content\/uploads\/post\/5509\/IMG_0308-420x280.jpg 420w, https:\/\/www.jsv-bernau.de\/jsv\/wp-content\/uploads\/post\/5509\/IMG_0308-840x560.jpg 840w, https:\/\/www.jsv-bernau.de\/jsv\/wp-content\/uploads\/post\/5509\/IMG_0308-1200x800.jpg 1200w\" sizes=\"auto, (max-width: 420px) 100vw, 420px\" \/><\/a>\n\t\t\t<\/dt><\/dl><dl class='gallery-item'>\n\t\t\t<dt class='gallery-icon landscape'>\n\t\t\t\t<a href='https:\/\/www.jsv-bernau.de\/jsv\/wp-content\/uploads\/post\/5509\/20170422_172309.jpg'><img loading=\"lazy\" decoding=\"async\" width=\"420\" height=\"280\" src=\"https:\/\/www.jsv-bernau.de\/jsv\/wp-content\/uploads\/post\/5509\/20170422_172309-420x280.jpg\" class=\"attachment-thumbnail size-thumbnail\" alt=\"\" srcset=\"https:\/\/www.jsv-bernau.de\/jsv\/wp-content\/uploads\/post\/5509\/20170422_172309-420x280.jpg 420w, https:\/\/www.jsv-bernau.de\/jsv\/wp-content\/uploads\/post\/5509\/20170422_172309-840x560.jpg 840w, https:\/\/www.jsv-bernau.de\/jsv\/wp-content\/uploads\/post\/5509\/20170422_172309-768x510.jpg 768w, https:\/\/www.jsv-bernau.de\/jsv\/wp-content\/uploads\/post\/5509\/20170422_172309.jpg 1200w\" sizes=\"auto, (max-width: 420px) 100vw, 420px\" \/><\/a>\n\t\t\t<\/dt><\/dl><br style=\"clear: both\" \/>\n\t\t<\/div>\n\n","protected":false},"excerpt":{"rendered":"<p>Am Samstag, dem 22.4.1017 haben die Deutschen Meisterschaften der \u00dc30 im Judo in Wiesbaden stattgefunden. Die Bernauer Judoka konnten mit dem Meistertitel von Rainer Pr\u00fcfig einen herausragenden Erfolg einfahren. Um den Titel \u201eDeutscher Meister\u201c k\u00e4mpften 450 Judoka aus allen Bundesl\u00e4ndern. F\u00fcr den JSV Bernau gingen drei Sportler auf die Tatami (Wettkampffl\u00e4che). Torsten Lukas in der Altersklasse M 5, sowie Rainer Pr\u00fcfig und Frank Kube in der Altersklasse M 6. Nach anf\u00e4nglichen organisatorischen Schwierigkeiten am Akkreditierungstag begann die Meisterschaft am Samstag p\u00fcnktlich um 10 Uhr. Zuerst k\u00e4mpften Frank Kube und Rainer Pr\u00fcfig in der Gewichtsklasse bis 90 kg. Da die Gewichtsklasse mit 10 Startern sehr gro\u00df war, wurde hier im Doppel-KO-System mit Hoffnungsrunde gek\u00e4mpft. Unsere Sportler traten in jeweils einem der Pools an. Frank Kube hatte in seinem Pool das schwerere Los und musste gleich in seinem ersten Kampf gegen Klaus-Peter Loch aus Schmalkalden antreten. Klaus-Peter nutzte seine riesige Erfahrung als ehemaliger Vize-Weltmeister, um einen von Frank angesetzten Wurf mit einem Konter zu nutzen und brachte ihn damit zu Fall. Loch gewann damit den Kampf. Im &hellip;<\/p>\n","protected":false},"author":5,"featured_media":5510,"comment_status":"closed","ping_status":"open","sticky":false,"template":"","format":"standard","meta":{"ngg_post_thumbnail":0,"jetpack_post_was_ever_published":false,"_jetpack_newsletter_access":"","_jetpack_dont_email_post_to_subs":true,"_jetpack_newsletter_tier_id":0,"_jetpack_memberships_contains_paywalled_content":false,"_jetpack_memberships_contains_paid_content":false,"footnotes":""},"categories":[1,3],"tags":[495,146,147,496,34],"class_list":["post-5509","post","type-post","status-publish","format-standard","has-post-thumbnail","hentry","category-allgemein","category-ergebnisse","tag-deutscher-meister","tag-frank-kube","tag-rainer-pruefig","tag-torsten-lukas","tag-ue30"],"jetpack_featured_media_url":"https:\/\/www.jsv-bernau.de\/jsv\/wp-content\/uploads\/post\/5509\/20170422_172309.jpg","jetpack_shortlink":"https:\/\/wp.me\/p5TGCK-1qR","jetpack_sharing_enabled":true,"_links":{"self":[{"href":"https:\/\/www.jsv-bernau.de\/jsv\/wp-json\/wp\/v2\/posts\/5509","targetHints":{"allow":["GET"]}}],"collection":[{"href":"https:\/\/www.jsv-bernau.de\/jsv\/wp-json\/wp\/v2\/posts"}],"about":[{"href":"https:\/\/www.jsv-bernau.de\/jsv\/wp-json\/wp\/v2\/types\/post"}],"author":[{"embeddable":true,"href":"https:\/\/www.jsv-bernau.de\/jsv\/wp-json\/wp\/v2\/users\/5"}],"replies":[{"embeddable":true,"href":"https:\/\/www.jsv-bernau.de\/jsv\/wp-json\/wp\/v2\/comments?post=5509"}],"version-history":[{"count":3,"href":"https:\/\/www.jsv-bernau.de\/jsv\/wp-json\/wp\/v2\/posts\/5509\/revisions"}],"predecessor-version":[{"id":5520,"href":"https:\/\/www.jsv-bernau.de\/jsv\/wp-json\/wp\/v2\/posts\/5509\/revisions\/5520"}],"wp:featuredmedia":[{"embeddable":true,"href":"https:\/\/www.jsv-bernau.de\/jsv\/wp-json\/wp\/v2\/media\/5510"}],"wp:attachment":[{"href":"https:\/\/www.jsv-bernau.de\/jsv\/wp-json\/wp\/v2\/media?parent=5509"}],"wp:term":[{"taxonomy":"category","embeddable":true,"href":"https:\/\/www.jsv-bernau.de\/jsv\/wp-json\/wp\/v2\/categories?post=5509"},{"taxonomy":"post_tag","embeddable":true,"href":"https:\/\/www.jsv-bernau.de\/jsv\/wp-json\/wp\/v2\/tags?post=5509"}],"curies":[{"name":"wp","href":"https:\/\/api.w.org\/{rel}","templated":true}]}}