{"id":5534,"date":"2017-05-21T19:19:28","date_gmt":"2017-05-21T17:19:28","guid":{"rendered":"https:\/\/www.jsv-bernau.de\/jsv\/?p=5534"},"modified":"2017-11-30T11:42:28","modified_gmt":"2017-11-30T10:42:28","slug":"trainingslager-in-ruhlsdorf-der-u1113","status":"publish","type":"post","link":"https:\/\/www.jsv-bernau.de\/jsv\/trainingslager-in-ruhlsdorf-der-u1113\/","title":{"rendered":"Trainingslager in Ruhlsdorf der U11\/13"},"content":{"rendered":"<p>Vom 19.05. bis zum 21.05.17 trafen sich drei M\u00e4dchen und neun Jungen der U11\/13 aus den St\u00fctzpunkten Zepernick, Bernau, Sch\u00f6now und mit den Trainern Frank Opitz und Jens Katzorke im Feriendorf Dorado in Ruhlsdorf, um einige Stunden mit Trainings- und Spielspa\u00df gemeinsam zu verbringen.<br \/>\nDa die Kinder vorbildlich mehr als p\u00fcnktlich waren und die Judomatten schon lagen, konnten wir, vor der hei\u00dfen Sonne gesch\u00fctzt, in angenehmen Temperaturen nach dem Abendessen das Trainingslager mit Spielen, Fitness und Zweikampfspielen beginnen. Nach ca. zwei Stunden gab es f\u00fcr alle einen Geburtstagskuchen, da Rike Naroska ihren heutigen zw\u00f6lften Geburtstag in Ruhlsdorf feiern wollte. Anschlie\u00dfend ging es dann doch in Richtung Bett, wo es dann nach weiteren zwei Stunden fast ruhig war, da vier unserer Jungen am n\u00e4chsten Tag nach Ludwigsfelde zur Landeseinzelmeisterschaft U13 fahren wollten.<br \/>\nDies war auch der Grund, weshalb der Tag f\u00fcr einen Trainer um 05:30 Uhr begann, um den Sportlern beim Aufstehen zu helfen und f\u00fcr Wegzehrung zu sorgen.<br \/>\nAnschlie\u00dfend ging es gegen 06:55 Uhr mit dem Fr\u00fchsport f\u00fcr die dagebliebenen Sportler fr\u00f6hlich in den neuen Tag. Erstmal h\u00fcgelauf im Sand laufen, dann einen Spielplatzparcours im Sand absolvieren und danach noch zwei Mannschaftspiele im Sand- und siehe da, eine dreiviertel Stunde war schon wieder um und wir konnten was essen gehen. Herr Opitz fuhr dann nach Bernau, um dort G\u00fcrtelpr\u00fcfungen abzunehmen und f\u00fcr ihn kam Paul Menzel von der SG Friedrichshain Gr\u00fcn- Wei\u00df 90 aus Berlin, um zu helfen den Kindern weiterhin die M\u00f6glichkeit zum Aufbau neuer Energie zu geben.<br \/>\nNach dem Essen gab es eine zweist\u00fcndige Judoeinheit mit Techniktraining, dann schon wieder Essen und eigentlich ausruhen. Aber Judoka des JSV Bernau sind hart und toben lieber herum und k\u00f6nnen die n\u00e4chste Einheit gar nicht erwarten. Herr Opitz fuhr dann nach Bernau, um dort G\u00fcrtelpr\u00fcfungen abzunehmen und f\u00fcr ihn kam Paul Menzel von der SG Friedrichshain Gr\u00fcn- Wei\u00df 90 aus Berlin, um den Kindern weiterhin die M\u00f6glichkeit zu geben sich mit Freude zu bewegen.<br \/>\nMit der ging es dann 14.00 Uhr weiter. In der Trainingseinheit hat sich dann Jino Klingenbiel erfolgreich der G\u00fcrtelpr\u00fcfung zum 6. Kyu gestellt, worauf es wieder Kuchen und Melone gab .<br \/>\nDort stie\u00dfen unsere Wettk\u00e4mpfer dazu, welche sich wacker geschlagen hatten und mit Jonathan Becker einen Drittplatzierten der Landesmeisterschaft mitbrachten.<br \/>\nDann ging es mit Judo und Athletik weiter. Es wurden viele verschiedene Arten der Fortbewegung auf der Matte ge\u00fcbt, gek\u00e4mpft und getobt- es war vielleicht manchmal etwas anstrengend.<br \/>\nAber noch nicht genug. Am Abend wurde gegrillt und am Lagerfeuer Stockbrot gebacken und Fangen oder Fu\u00dfball bis zum Sonnenuntergang gespielt.<br \/>\nFr\u00fch, aber sp\u00e4ter als am Morgen davor,&nbsp; 07:15 Uhr, ging es zum Fr\u00fchsport im Sand f\u00fcr nur noch 30 Minuten und dann zum Fr\u00fchst\u00fcck mit einer anschlie\u00dfenden letzten 90 min\u00fctigen Trainingseinheit mit Fallschule, W\u00fcrfen, Mannschaftsk\u00e4mpfen und Spielen und als letzte \u00dcbung das Mattenabbauen und Transportieren \u00fcber den Hof.<br \/>\nDanach ging es zur allerletzten Einheit &#8211; dem Zimmeraufr\u00e4umen mit abschlie\u00dfendem Mittag und wer wollte, konnte dann gl\u00fccklich in die erholten Arme der Eltern fallen und sich auf einen ruhigen Nachmittag freuen.<br \/>\nEs war ein manchmal anstrengendes, aber hoffentlich auch ausf\u00fcllendes Wochenende, wenn auch manchmal die Motivation bei dem einen oder anderen Judoka geringer wurde. Was ich gar nicht verstehen kann bei ca. acht Stunden Sport in geballter Form in 44 Stunden&nbsp; \ud83d\ude09<\/p>\n<p>Ich w\u00fcnsche allen weiterhin Spa\u00df beim Training und den Wettk\u00e4mpfen<\/p>\n<div id='gallery-1' class='gallery galleryid-5534 gallery-columns-3 gallery-size-thumbnail'><dl class='gallery-item'>\n\t\t\t<dt class='gallery-icon landscape'>\n\t\t\t\t<a href='https:\/\/www.jsv-bernau.de\/jsv\/trainingslager-in-ruhlsdorf-der-u1113\/dsc00305\/'><img loading=\"lazy\" decoding=\"async\" width=\"420\" height=\"280\" src=\"https:\/\/www.jsv-bernau.de\/jsv\/wp-content\/uploads\/post\/5534\/DSC00305-420x280.jpg\" class=\"attachment-thumbnail size-thumbnail\" alt=\"\" \/><\/a>\n\t\t\t<\/dt><\/dl><dl class='gallery-item'>\n\t\t\t<dt class='gallery-icon landscape'>\n\t\t\t\t<a href='https:\/\/www.jsv-bernau.de\/jsv\/trainingslager-in-ruhlsdorf-der-u1113\/dsc00306\/'><img loading=\"lazy\" decoding=\"async\" width=\"420\" height=\"280\" src=\"https:\/\/www.jsv-bernau.de\/jsv\/wp-content\/uploads\/post\/5534\/DSC00306-420x280.jpg\" class=\"attachment-thumbnail size-thumbnail\" alt=\"\" \/><\/a>\n\t\t\t<\/dt><\/dl><dl class='gallery-item'>\n\t\t\t<dt class='gallery-icon landscape'>\n\t\t\t\t<a href='https:\/\/www.jsv-bernau.de\/jsv\/trainingslager-in-ruhlsdorf-der-u1113\/dsc00304\/'><img loading=\"lazy\" decoding=\"async\" width=\"420\" height=\"280\" src=\"https:\/\/www.jsv-bernau.de\/jsv\/wp-content\/uploads\/post\/5534\/DSC00304-420x280.jpg\" class=\"attachment-thumbnail size-thumbnail\" alt=\"\" \/><\/a>\n\t\t\t<\/dt><\/dl><br style=\"clear: both\" \/><dl class='gallery-item'>\n\t\t\t<dt class='gallery-icon landscape'>\n\t\t\t\t<a href='https:\/\/www.jsv-bernau.de\/jsv\/trainingslager-in-ruhlsdorf-der-u1113\/dsc00307\/'><img loading=\"lazy\" decoding=\"async\" width=\"420\" height=\"280\" src=\"https:\/\/www.jsv-bernau.de\/jsv\/wp-content\/uploads\/post\/5534\/DSC00307-420x280.jpg\" class=\"attachment-thumbnail size-thumbnail\" alt=\"\" \/><\/a>\n\t\t\t<\/dt><\/dl><dl class='gallery-item'>\n\t\t\t<dt class='gallery-icon landscape'>\n\t\t\t\t<a href='https:\/\/www.jsv-bernau.de\/jsv\/trainingslager-in-ruhlsdorf-der-u1113\/dsc00308\/'><img loading=\"lazy\" decoding=\"async\" width=\"420\" height=\"280\" src=\"https:\/\/www.jsv-bernau.de\/jsv\/wp-content\/uploads\/post\/5534\/DSC00308-420x280.jpg\" class=\"attachment-thumbnail size-thumbnail\" alt=\"\" \/><\/a>\n\t\t\t<\/dt><\/dl><dl class='gallery-item'>\n\t\t\t<dt class='gallery-icon landscape'>\n\t\t\t\t<a href='https:\/\/www.jsv-bernau.de\/jsv\/trainingslager-in-ruhlsdorf-der-u1113\/dsc00309\/'><img loading=\"lazy\" decoding=\"async\" width=\"420\" height=\"280\" src=\"https:\/\/www.jsv-bernau.de\/jsv\/wp-content\/uploads\/post\/5534\/DSC00309-420x280.jpg\" class=\"attachment-thumbnail size-thumbnail\" alt=\"\" \/><\/a>\n\t\t\t<\/dt><\/dl><br style=\"clear: both\" \/><dl class='gallery-item'>\n\t\t\t<dt class='gallery-icon landscape'>\n\t\t\t\t<a href='https:\/\/www.jsv-bernau.de\/jsv\/trainingslager-in-ruhlsdorf-der-u1113\/dsc00310\/'><img loading=\"lazy\" decoding=\"async\" width=\"420\" height=\"280\" src=\"https:\/\/www.jsv-bernau.de\/jsv\/wp-content\/uploads\/post\/5534\/DSC00310-420x280.jpg\" class=\"attachment-thumbnail size-thumbnail\" alt=\"\" \/><\/a>\n\t\t\t<\/dt><\/dl><dl class='gallery-item'>\n\t\t\t<dt class='gallery-icon landscape'>\n\t\t\t\t<a href='https:\/\/www.jsv-bernau.de\/jsv\/trainingslager-in-ruhlsdorf-der-u1113\/dsc00311-2\/'><img loading=\"lazy\" decoding=\"async\" width=\"420\" height=\"280\" src=\"https:\/\/www.jsv-bernau.de\/jsv\/wp-content\/uploads\/post\/5534\/DSC00311-2-420x280.jpg\" class=\"attachment-thumbnail size-thumbnail\" alt=\"\" \/><\/a>\n\t\t\t<\/dt><\/dl><dl class='gallery-item'>\n\t\t\t<dt class='gallery-icon landscape'>\n\t\t\t\t<a href='https:\/\/www.jsv-bernau.de\/jsv\/trainingslager-in-ruhlsdorf-der-u1113\/dsc00347\/'><img loading=\"lazy\" decoding=\"async\" width=\"420\" height=\"280\" src=\"https:\/\/www.jsv-bernau.de\/jsv\/wp-content\/uploads\/post\/5534\/DSC00347-420x280.jpg\" class=\"attachment-thumbnail size-thumbnail\" alt=\"\" \/><\/a>\n\t\t\t<\/dt><\/dl><br style=\"clear: both\" \/><dl class='gallery-item'>\n\t\t\t<dt class='gallery-icon landscape'>\n\t\t\t\t<a href='https:\/\/www.jsv-bernau.de\/jsv\/trainingslager-in-ruhlsdorf-der-u1113\/dsc00348\/'><img loading=\"lazy\" decoding=\"async\" width=\"420\" height=\"280\" src=\"https:\/\/www.jsv-bernau.de\/jsv\/wp-content\/uploads\/post\/5534\/DSC00348-420x280.jpg\" class=\"attachment-thumbnail size-thumbnail\" alt=\"\" \/><\/a>\n\t\t\t<\/dt><\/dl><dl class='gallery-item'>\n\t\t\t<dt class='gallery-icon landscape'>\n\t\t\t\t<a href='https:\/\/www.jsv-bernau.de\/jsv\/trainingslager-in-ruhlsdorf-der-u1113\/dsc00349\/'><img loading=\"lazy\" decoding=\"async\" width=\"420\" height=\"280\" src=\"https:\/\/www.jsv-bernau.de\/jsv\/wp-content\/uploads\/post\/5534\/DSC00349-420x280.jpg\" class=\"attachment-thumbnail size-thumbnail\" alt=\"\" \/><\/a>\n\t\t\t<\/dt><\/dl><dl class='gallery-item'>\n\t\t\t<dt class='gallery-icon landscape'>\n\t\t\t\t<a href='https:\/\/www.jsv-bernau.de\/jsv\/trainingslager-in-ruhlsdorf-der-u1113\/dsc00350\/'><img loading=\"lazy\" decoding=\"async\" width=\"420\" height=\"280\" src=\"https:\/\/www.jsv-bernau.de\/jsv\/wp-content\/uploads\/post\/5534\/DSC00350-420x280.jpg\" class=\"attachment-thumbnail size-thumbnail\" alt=\"\" \/><\/a>\n\t\t\t<\/dt><\/dl><br style=\"clear: both\" \/>\n\t\t<\/div>\n\n","protected":false},"excerpt":{"rendered":"<p>Vom 19.05. bis zum 21.05.17 trafen sich drei M\u00e4dchen und neun Jungen der U11\/13 aus den St\u00fctzpunkten Zepernick, Bernau, Sch\u00f6now und mit den Trainern Frank Opitz und Jens Katzorke im Feriendorf Dorado in Ruhlsdorf, um einige Stunden mit Trainings- und Spielspa\u00df gemeinsam zu verbringen. Da die Kinder vorbildlich mehr als p\u00fcnktlich waren und die Judomatten schon lagen, konnten wir, vor der hei\u00dfen Sonne gesch\u00fctzt, in angenehmen Temperaturen nach dem Abendessen das Trainingslager mit Spielen, Fitness und Zweikampfspielen beginnen. Nach ca. zwei Stunden gab es f\u00fcr alle einen Geburtstagskuchen, da Rike Naroska ihren heutigen zw\u00f6lften Geburtstag in Ruhlsdorf feiern wollte. Anschlie\u00dfend ging es dann doch in Richtung Bett, wo es dann nach weiteren zwei Stunden fast ruhig war, da vier unserer Jungen am n\u00e4chsten Tag nach Ludwigsfelde zur Landeseinzelmeisterschaft U13 fahren wollten. Dies war auch der Grund, weshalb der Tag f\u00fcr einen Trainer um 05:30 Uhr begann, um den Sportlern beim Aufstehen zu helfen und f\u00fcr Wegzehrung zu sorgen. Anschlie\u00dfend ging es gegen 06:55 Uhr mit dem Fr\u00fchsport f\u00fcr die dagebliebenen Sportler fr\u00f6hlich in den neuen &hellip;<\/p>\n","protected":false},"author":20,"featured_media":5555,"comment_status":"closed","ping_status":"open","sticky":false,"template":"","format":"standard","meta":{"ngg_post_thumbnail":0,"jetpack_post_was_ever_published":false,"_jetpack_newsletter_access":"","_jetpack_dont_email_post_to_subs":true,"_jetpack_newsletter_tier_id":0,"_jetpack_memberships_contains_paywalled_content":false,"_jetpack_memberships_contains_paid_content":false,"footnotes":""},"categories":[1,5],"tags":[366,498,490,497,474,499,422,291],"class_list":["post-5534","post","type-post","status-publish","format-standard","has-post-thumbnail","hentry","category-allgemein","category-news","tag-frank-opitz","tag-guertelpruefung","tag-jens-katzorke","tag-jino-klingenbiel","tag-jonathan-becker","tag-paul-menzel","tag-ruhlsdorf","tag-trainingslager"],"jetpack_featured_media_url":"https:\/\/www.jsv-bernau.de\/jsv\/wp-content\/uploads\/post\/5534\/tietel-2.jpg","jetpack_shortlink":"https:\/\/wp.me\/p5TGCK-1rg","jetpack_sharing_enabled":true,"_links":{"self":[{"href":"https:\/\/www.jsv-bernau.de\/jsv\/wp-json\/wp\/v2\/posts\/5534","targetHints":{"allow":["GET"]}}],"collection":[{"href":"https:\/\/www.jsv-bernau.de\/jsv\/wp-json\/wp\/v2\/posts"}],"about":[{"href":"https:\/\/www.jsv-bernau.de\/jsv\/wp-json\/wp\/v2\/types\/post"}],"author":[{"embeddable":true,"href":"https:\/\/www.jsv-bernau.de\/jsv\/wp-json\/wp\/v2\/users\/20"}],"replies":[{"embeddable":true,"href":"https:\/\/www.jsv-bernau.de\/jsv\/wp-json\/wp\/v2\/comments?post=5534"}],"version-history":[{"count":4,"href":"https:\/\/www.jsv-bernau.de\/jsv\/wp-json\/wp\/v2\/posts\/5534\/revisions"}],"predecessor-version":[{"id":5569,"href":"https:\/\/www.jsv-bernau.de\/jsv\/wp-json\/wp\/v2\/posts\/5534\/revisions\/5569"}],"wp:featuredmedia":[{"embeddable":true,"href":"https:\/\/www.jsv-bernau.de\/jsv\/wp-json\/wp\/v2\/media\/5555"}],"wp:attachment":[{"href":"https:\/\/www.jsv-bernau.de\/jsv\/wp-json\/wp\/v2\/media?parent=5534"}],"wp:term":[{"taxonomy":"category","embeddable":true,"href":"https:\/\/www.jsv-bernau.de\/jsv\/wp-json\/wp\/v2\/categories?post=5534"},{"taxonomy":"post_tag","embeddable":true,"href":"https:\/\/www.jsv-bernau.de\/jsv\/wp-json\/wp\/v2\/tags?post=5534"}],"curies":[{"name":"wp","href":"https:\/\/api.w.org\/{rel}","templated":true}]}}