{"id":5540,"date":"2017-05-24T22:24:53","date_gmt":"2017-05-24T20:24:53","guid":{"rendered":"https:\/\/www.jsv-bernau.de\/jsv\/?p=5540"},"modified":"2017-06-04T13:45:55","modified_gmt":"2017-06-04T11:45:55","slug":"landesliga-auftakt-in-frankfurt-oder","status":"publish","type":"post","link":"https:\/\/www.jsv-bernau.de\/jsv\/landesliga-auftakt-in-frankfurt-oder\/","title":{"rendered":"Landesliga Auftakt in Frankfurt \/Oder"},"content":{"rendered":"<p>Am 13.05.2017 fand in Frankfurt\/ Oder der erste Kampftag der diesj\u00e4hrigen Landesliga Saison statt.<br \/>\nNach der Abstinenz im letzten Jahr, wollte das Team des JSV Bernau einen Neuanfang wagen.<br \/>\nSo machte sich am fr\u00fchen Samstagmorgen eine Mannschaft, bestehend aus erfahrenen<br \/>\nLigak\u00e4mpfern und auch einigen neuen Gesichtern, auf den Weg in die Oderstadt.<br \/>\nF\u00fcr Marcus Kruspe (-90 kg), Adrian Knospe (-66 kg), Mohammed Gulamad (-66 kg) und Khalid Arman (+90 kg) galt es, die ein oder andere L\u00fccke im Team zu schlie\u00dfen.<br \/>\nNachdem alle K\u00e4mpfer ihr Wettkampfgewicht auf der Waage best\u00e4tigen konnten, ging es langsam in die hei\u00dfe Phase. Schon bei der Erw\u00e4rmung war den Startern des JSV anzusehen, dass jeder einen erfolgreichen Start in die neue Saison wollte.<br \/>\nNach der p\u00fcnktlichen Er\u00f6ffnung des professionell durch den JC 90 Frankfurt\/ Oder ausgerichteten Turnieres, wurde die Mannschaft f\u00fcr die erste Begegnung aufgestellt.<br \/>\nUnsere Teamkapit\u00e4ne Frank Friedrich und Martin Scholz w\u00e4hlten gemeinsam mit der Mannschaft die K\u00e4mpfer f\u00fcr den ersten Kampf gegen die Kampfgemeinschaft Frankfurt\/ Oder RSV Eintracht aus.<br \/>\nGegen den Vize Meister der Saison 2016 gingen f\u00fcr den JSV Bernau die K\u00e4mpfer Paul Weber-Markert (-90 kg), Mohammed Gulamad (-66kg), Khalid Arman (+90kg), Theo Herz (-73 kg) und Martin Scholz (-81kg) auf die Wettkampfmatte.<br \/>\nDen Anfang in der Gewichtsklasse bis 90 kg machte Paul Weber-Markert. In einem hart umk\u00e4mpften Duell \u00fcber die gesamte Kampfzeit musste Paul erst einige Wertungen abgeben, bevor er selbst in den Kampf fand. Immer wieder gelang es ihm, seinen Gegner unter Druck zu setzten und eigene Angriffe zu starten. Leider reichte es nicht f\u00fcr eine eigene Wertung, so dass sich Paul leider geschlagen geben musste.<br \/>\nIn der Gewichtsklasse bis 66 kg startete unser erster Newcomer Mohammed Gulamad. Zun\u00e4chst<br \/>\nkonnte Mohammed gut mitk\u00e4mpfen und den Kampf mitbestimmen. Er wurde dann jedoch von<br \/>\neinem schnellen Angriff des Frankfurters \u00fcberrascht und musste sich vorzeitig geschlagen geben. Die Begegnung wurde fortgesetzt in der Gewichtsklasse + 90 kg. Erstmals f\u00fcr den JSV ging der eigentlich in der Gewichtsklasse bis 90 kg k\u00e4mpfende Khalid Arman an den Start. Khalid konnte w\u00e4hrend seiner Landesligapremiere einen Sieg f\u00fcrs Team erk\u00e4mpfen. Sichtlich unbeeindruckt vom Gewichtsvorteil seines Gegners, kontrollierte er den Kampf, nutzte seine Chancen und gewann vorzeitig.<br \/>\nSo blieb die Begegnung weiter offen und wurde in der Gewichtsklasse bis 73 kg fortgesetzt. Hier<br \/>\nkonnte Theo Herz seinen Kontrahenten lange Zeit gef\u00e4hrlich unter Druck setzen und gute Angriffe starten. Allerdings fand auch Theos Gegner in den Kampf und stellte sich auf dessen Angriffe ein. So gelang es ihm durch eine Kontertechnik Theos Angriff f\u00fcr sich zu nutzen und den Kampf vorzeitig zu gewinnen.<br \/>\nBei einem Stand von 1:3 war ein Sieg f\u00fcr das JSV Team nicht mehr m\u00f6glich. Martin Scholz konnte im letzten Kampf dieser Begegnung lediglich ein wenig Ergebniskosmetik betreiben. Dies gelang ihm jedoch eindrucksvoll. Vorzeitig siegte er mit Ippon und holte noch einen Sieg f\u00fcrs JSV Team.<br \/>\nDurch die knappe Niederlage lie\u00dfen sich unsere K\u00e4mpfer nicht entmutigen. In der n\u00e4chsten<br \/>\nBegegnung gegen die Kampfgemeinschaft JC Bad Belzig 93 sollten Paul Weber-Markert, Adrian<br \/>\nKnospe, Khalid Arman, Theo Herz und Hendrik Voigtl\u00e4nder einen Sieg erk\u00e4mpfen.<br \/>\nIn der Gewichtsklasse bis 90 kg konnte Paul die Nervosit\u00e4t des ersten Kampfes ablegen und<br \/>\nkonzentriert seinen Kampfstil durchsetzen. Ein vorzeitiger Sieg brachte die 1:0 F\u00fchrung f\u00fcr den JSV. Adrian Knospe ging in der Gewichtsklasse bis 66 kg f\u00fcr den JSV auf die Matte. Bei seinem<br \/>\nLandesligadeb\u00fct konnte der U18 K\u00e4mpfer zeigen, dass er durchaus in dieser Klasse mithalten kann.<br \/>\nLange gelang es ihm den Kampf offen zu gestalten, bevor er sich doch geschlagen geben musste.<br \/>\nBeim Stand von 1:1 lag es an Khalid Arman in der Gewichtsklasse \u00fcber 90 kg eine F\u00fchrung f\u00fcr das JSV Team zu erk\u00e4mpfen. Wie im ersten Kampf \u00fcberzeugte Khalid mit einem vorzeitigen Sieg.<br \/>\nTheo Herz konnte mit einem deutlichen Sieg in der Gewichtsklasse -73 kg den dritten Punkt und<br \/>\nsomit den Sieg des JSV Teams sichern.<br \/>\nDurch Hendrik Voigtl\u00e4nder (-81kg), der ebenfalls erstmalig f\u00fcrs JSV Team startete, konnte die<br \/>\nF\u00fchrung durch einen Sieg auf 4:1 ausgebaut werden.<br \/>\nNach dieser tollen Mannschaftsleistung stand nun die h\u00e4rteste Begegnung des Kampftages an. Das Team des JSV musste gegen den Ligameister des Jahres 2016 auf die Wettkampfmatte. Hoch motiviert ging die Mannschaft, bestehend aus Martin Scholz, Adrian Knospe, Khalid Arman, Theo Herz und Hendrik Voigtl\u00e4nder gegen den JC 90 Frankfurt\/ Oder in die Begegnung.<br \/>\nTrotz gro\u00dfem Kampfgeist und starkem Siegeswillen, gelang es dem Team des JSV nicht gegen die bis dahin ungeschlagene Mannschaft des JC 90 zu punkten.<br \/>\nMit der Bilanz des ersten Kampftages waren jedoch alle K\u00e4mpfer und unsere Teamkapit\u00e4ne sehr<br \/>\nzufrieden. Der Neuanfang ist gelungen, unsere Deb\u00fctanten haben gut ins Team gefunden und<br \/>\nwerden bei den kommenden Begegnungen mit Sicherheit auch Punkte f\u00fcr den JSV erk\u00e4mpfen.<br \/>\nDer n\u00e4chste Kampftag findet am 17.06.2017 in Spremberg im Rahmen der Bundesligabegegnung KSCAsahi Spremberg gegen UJKC Potsdam statt. Dort wird der JSV wieder mit einem starken Team anreisen um m\u00f6glichst viele Ligapunkte zu sammeln.<\/p>\n<div id='gallery-1' class='gallery galleryid-5540 gallery-columns-3 gallery-size-thumbnail'><dl class='gallery-item'>\n\t\t\t<dt class='gallery-icon landscape'>\n\t\t\t\t<a href='https:\/\/www.jsv-bernau.de\/jsv\/landesliga-auftakt-in-frankfurt-oder\/20170513_113620\/'><img loading=\"lazy\" decoding=\"async\" width=\"420\" height=\"280\" src=\"https:\/\/www.jsv-bernau.de\/jsv\/wp-content\/uploads\/post\/5540\/20170513_113620-420x280.jpg\" class=\"attachment-thumbnail size-thumbnail\" alt=\"\" \/><\/a>\n\t\t\t<\/dt><\/dl><dl class='gallery-item'>\n\t\t\t<dt class='gallery-icon landscape'>\n\t\t\t\t<a href='https:\/\/www.jsv-bernau.de\/jsv\/landesliga-auftakt-in-frankfurt-oder\/20170513_113624\/'><img loading=\"lazy\" decoding=\"async\" width=\"420\" height=\"280\" src=\"https:\/\/www.jsv-bernau.de\/jsv\/wp-content\/uploads\/post\/5540\/20170513_113624-420x280.jpg\" class=\"attachment-thumbnail size-thumbnail\" alt=\"\" \/><\/a>\n\t\t\t<\/dt><\/dl><dl class='gallery-item'>\n\t\t\t<dt class='gallery-icon landscape'>\n\t\t\t\t<a href='https:\/\/www.jsv-bernau.de\/jsv\/landesliga-auftakt-in-frankfurt-oder\/20170513_113655\/'><img loading=\"lazy\" decoding=\"async\" width=\"420\" height=\"280\" src=\"https:\/\/www.jsv-bernau.de\/jsv\/wp-content\/uploads\/post\/5540\/20170513_113655-420x280.jpg\" class=\"attachment-thumbnail size-thumbnail\" alt=\"\" \/><\/a>\n\t\t\t<\/dt><\/dl><br style=\"clear: both\" \/><dl class='gallery-item'>\n\t\t\t<dt class='gallery-icon landscape'>\n\t\t\t\t<a href='https:\/\/www.jsv-bernau.de\/jsv\/landesliga-auftakt-in-frankfurt-oder\/20170513_113703\/'><img loading=\"lazy\" decoding=\"async\" width=\"420\" height=\"280\" src=\"https:\/\/www.jsv-bernau.de\/jsv\/wp-content\/uploads\/post\/5540\/20170513_113703-420x280.jpg\" class=\"attachment-thumbnail size-thumbnail\" alt=\"\" \/><\/a>\n\t\t\t<\/dt><\/dl><dl class='gallery-item'>\n\t\t\t<dt class='gallery-icon landscape'>\n\t\t\t\t<a href='https:\/\/www.jsv-bernau.de\/jsv\/landesliga-auftakt-in-frankfurt-oder\/20170513_113751\/'><img loading=\"lazy\" decoding=\"async\" width=\"420\" height=\"280\" src=\"https:\/\/www.jsv-bernau.de\/jsv\/wp-content\/uploads\/post\/5540\/20170513_113751-420x280.jpg\" class=\"attachment-thumbnail size-thumbnail\" alt=\"\" \/><\/a>\n\t\t\t<\/dt><\/dl><dl class='gallery-item'>\n\t\t\t<dt class='gallery-icon landscape'>\n\t\t\t\t<a href='https:\/\/www.jsv-bernau.de\/jsv\/landesliga-auftakt-in-frankfurt-oder\/20170513_113800\/'><img loading=\"lazy\" decoding=\"async\" width=\"420\" height=\"280\" src=\"https:\/\/www.jsv-bernau.de\/jsv\/wp-content\/uploads\/post\/5540\/20170513_113800-420x280.jpg\" class=\"attachment-thumbnail size-thumbnail\" alt=\"\" \/><\/a>\n\t\t\t<\/dt><\/dl><br style=\"clear: both\" \/><dl class='gallery-item'>\n\t\t\t<dt class='gallery-icon landscape'>\n\t\t\t\t<a href='https:\/\/www.jsv-bernau.de\/jsv\/landesliga-auftakt-in-frankfurt-oder\/20170513_114544\/'><img loading=\"lazy\" decoding=\"async\" width=\"420\" height=\"280\" src=\"https:\/\/www.jsv-bernau.de\/jsv\/wp-content\/uploads\/post\/5540\/20170513_114544-420x280.jpg\" class=\"attachment-thumbnail size-thumbnail\" alt=\"\" \/><\/a>\n\t\t\t<\/dt><\/dl><dl class='gallery-item'>\n\t\t\t<dt class='gallery-icon landscape'>\n\t\t\t\t<a href='https:\/\/www.jsv-bernau.de\/jsv\/landesliga-auftakt-in-frankfurt-oder\/20170513_114600\/'><img loading=\"lazy\" decoding=\"async\" width=\"420\" height=\"280\" src=\"https:\/\/www.jsv-bernau.de\/jsv\/wp-content\/uploads\/post\/5540\/20170513_114600-420x280.jpg\" class=\"attachment-thumbnail size-thumbnail\" alt=\"\" \/><\/a>\n\t\t\t<\/dt><\/dl><dl class='gallery-item'>\n\t\t\t<dt class='gallery-icon landscape'>\n\t\t\t\t<a href='https:\/\/www.jsv-bernau.de\/jsv\/landesliga-auftakt-in-frankfurt-oder\/20170513_130238\/'><img loading=\"lazy\" decoding=\"async\" width=\"420\" height=\"280\" src=\"https:\/\/www.jsv-bernau.de\/jsv\/wp-content\/uploads\/post\/5540\/20170513_130238-420x280.jpg\" class=\"attachment-thumbnail size-thumbnail\" alt=\"\" \/><\/a>\n\t\t\t<\/dt><\/dl><br style=\"clear: both\" \/>\n\t\t<\/div>\n\n","protected":false},"excerpt":{"rendered":"<p>Am 13.05.2017 fand in Frankfurt\/ Oder der erste Kampftag der diesj\u00e4hrigen Landesliga Saison statt. Nach der Abstinenz im letzten Jahr, wollte das Team des JSV Bernau einen Neuanfang wagen. So machte sich am fr\u00fchen Samstagmorgen eine Mannschaft, bestehend aus erfahrenen Ligak\u00e4mpfern und auch einigen neuen Gesichtern, auf den Weg in die Oderstadt. F\u00fcr Marcus Kruspe (-90 kg), Adrian Knospe (-66 kg), Mohammed Gulamad (-66 kg) und Khalid Arman (+90 kg) galt es, die ein oder andere L\u00fccke im Team zu schlie\u00dfen. Nachdem alle K\u00e4mpfer ihr Wettkampfgewicht auf der Waage best\u00e4tigen konnten, ging es langsam in die hei\u00dfe Phase. Schon bei der Erw\u00e4rmung war den Startern des JSV anzusehen, dass jeder einen erfolgreichen Start in die neue Saison wollte. Nach der p\u00fcnktlichen Er\u00f6ffnung des professionell durch den JC 90 Frankfurt\/ Oder ausgerichteten Turnieres, wurde die Mannschaft f\u00fcr die erste Begegnung aufgestellt. Unsere Teamkapit\u00e4ne Frank Friedrich und Martin Scholz w\u00e4hlten gemeinsam mit der Mannschaft die K\u00e4mpfer f\u00fcr den ersten Kampf gegen die Kampfgemeinschaft Frankfurt\/ Oder RSV Eintracht aus. Gegen den Vize Meister der Saison 2016 gingen f\u00fcr &hellip;<\/p>\n","protected":false},"author":24,"featured_media":5541,"comment_status":"closed","ping_status":"open","sticky":false,"template":"","format":"standard","meta":{"ngg_post_thumbnail":0,"jetpack_post_was_ever_published":false,"_jetpack_newsletter_access":"","_jetpack_dont_email_post_to_subs":true,"_jetpack_newsletter_tier_id":0,"_jetpack_memberships_contains_paywalled_content":false,"_jetpack_memberships_contains_paid_content":false,"footnotes":""},"categories":[1,5],"tags":[59],"class_list":["post-5540","post","type-post","status-publish","format-standard","has-post-thumbnail","hentry","category-allgemein","category-news","tag-landesliga"],"jetpack_featured_media_url":"https:\/\/www.jsv-bernau.de\/jsv\/wp-content\/uploads\/post\/5540\/Titel.jpg","jetpack_shortlink":"https:\/\/wp.me\/p5TGCK-1rm","jetpack_sharing_enabled":true,"_links":{"self":[{"href":"https:\/\/www.jsv-bernau.de\/jsv\/wp-json\/wp\/v2\/posts\/5540","targetHints":{"allow":["GET"]}}],"collection":[{"href":"https:\/\/www.jsv-bernau.de\/jsv\/wp-json\/wp\/v2\/posts"}],"about":[{"href":"https:\/\/www.jsv-bernau.de\/jsv\/wp-json\/wp\/v2\/types\/post"}],"author":[{"embeddable":true,"href":"https:\/\/www.jsv-bernau.de\/jsv\/wp-json\/wp\/v2\/users\/24"}],"replies":[{"embeddable":true,"href":"https:\/\/www.jsv-bernau.de\/jsv\/wp-json\/wp\/v2\/comments?post=5540"}],"version-history":[{"count":4,"href":"https:\/\/www.jsv-bernau.de\/jsv\/wp-json\/wp\/v2\/posts\/5540\/revisions"}],"predecessor-version":[{"id":5625,"href":"https:\/\/www.jsv-bernau.de\/jsv\/wp-json\/wp\/v2\/posts\/5540\/revisions\/5625"}],"wp:featuredmedia":[{"embeddable":true,"href":"https:\/\/www.jsv-bernau.de\/jsv\/wp-json\/wp\/v2\/media\/5541"}],"wp:attachment":[{"href":"https:\/\/www.jsv-bernau.de\/jsv\/wp-json\/wp\/v2\/media?parent=5540"}],"wp:term":[{"taxonomy":"category","embeddable":true,"href":"https:\/\/www.jsv-bernau.de\/jsv\/wp-json\/wp\/v2\/categories?post=5540"},{"taxonomy":"post_tag","embeddable":true,"href":"https:\/\/www.jsv-bernau.de\/jsv\/wp-json\/wp\/v2\/tags?post=5540"}],"curies":[{"name":"wp","href":"https:\/\/api.w.org\/{rel}","templated":true}]}}