{"id":5693,"date":"2017-06-26T12:19:31","date_gmt":"2017-06-26T10:19:31","guid":{"rendered":"https:\/\/www.jsv-bernau.de\/jsv\/?p=5693"},"modified":"2017-07-03T12:21:08","modified_gmt":"2017-07-03T10:21:08","slug":"2-kampftag-in-der-judo-landesliga-2017","status":"publish","type":"post","link":"https:\/\/www.jsv-bernau.de\/jsv\/2-kampftag-in-der-judo-landesliga-2017\/","title":{"rendered":"2. Kampftag in der Judo-Landesliga 2017"},"content":{"rendered":"<p>Der 2.Kampftag begann f\u00fcr die Teamkapit\u00e4ne Martin Scholz und Frank Friedrich wirklich nicht erfreulich, denn auch dieses Mal mussten sie, kurzfristig und aus unterschiedlichsten Gr\u00fcnden, auf wichtige Leistungstr\u00e4ger verzichten. So zog dann eine etwas kleinere Judo \u2013 Formation des JSV Bernau in die Lausitz, nach Spremberg, wo nach den Landesligak\u00e4mpfen die 1. Bundesligabegegnung zwischen Asahi Spremberg und UJKC Potsdam f\u00fcr ein weiteres Highlight an diesem Tag sorgte.<\/p>\n<p>Mit einem Sieg, zwei Niederlagen und Platz 6 nach dem 1. Kampftag, hatten sich die Bernauer Judoka vorgenommen, den einen oder anderen Sieg und wertvolle Punkte mit nach Hause nehmen. Was an diesem Tag, gegen den mehrfachen Landesligasieger KSC \u2013 Strausberg, der 2. Mannschaft von KSC \u2013Asahi Spremberg und HSV Cottbus kein Zuckerschlecken werden sollte. So war es dann auch gleich der 1. Kampf gegen Spremberg II, wo die Bernauer in der +90kg Gewichtsklasse, wegen der Ausf\u00e4lle den ersten Punkt abgeben musste. Der zweite Kampf fing ebenfalls nicht sonderlich gut an, denn Theo Herz (-73kg) lie\u00df sich mit dem ersten Angriff gleich \u00fcberrumpeln und werfen. Da es aber kein voller Punkt war, wurde diese Aktion die Schl\u00fcsselszene und Weckruf f\u00fcr die darauffolgenden Begegnungen. Besser eingestellt und anders agierend folgte Theo anschlie\u00dfend den Anweisungen seines Trainers und gewann letztendlich diesen Kampf eindrucksvoll mit Uchi-Mata (Innenschenkelwurf). Fortan wurde keine Begegnung mehr abgegeben und die Bernauer Judoka, Paul Roll (66kg) Martin Scholz (81kg) Khalid Arman(90kg)  siegten am Ende mit 4:1 gegen KSC Asahi Spremberg II.<\/p>\n<p>Der Start gegen den Ligakr\u00f6sus und Dauerrivale Strausberg war eine Parallele der Auftaktbegegnung gegen Spremberg. Auch hier ging der erste Punkt knapp und ungl\u00fccklich nach Strausberg. Und auch hier musste Theo, aussichtslos in der Festhalte liegend, gegen Tim Paulat alle Kr\u00e4fte mobilisieren um sich aus der Halte zu befreien. Die Pointe war, dass er sich seinerseits befreite und gleich in der darauffolgenden Aktion seinen Gegner selbst ,,bis zum Sieg\u2018\u2018 festhalten konnte. War Theo gegen Spremberg noch Man oft the Match, so wurde er nach der Begegnung von Trainer Ott zum ,,Man oft he Day\u2018\u2018 gek\u00fcrt. Mit dem \u00fcberraschenden Sieg war wieder der Bann gebrochen und anschlie\u00dfend haben Hendrik Voigtl\u00e4nder, Paul Roll und Paul Weber &#8211; Markert den Sack zugemacht und die Begegnung verdient mit 4:1 gewonnen.<\/p>\n<p>Die letzte Begegnung gegen den HSV Cottbus war nichts f\u00fcr schwache Nerven, aber ein Augenschmaus f\u00fcr alle Beteiligten. In diesem Fight haben die Bernauer leider mit 2:3 den K\u00fcrzeren gezogen und knapp verloren. Alle K\u00e4mpfe waren eng und bis zum Schluss auf Messers Schneide. Cool und abgezockt hat Hendrik Voigtl\u00e4nder seinen Kampf in der Gewichtsklasse -81kg gestaltet. Wie er einen R\u00fcckstand aufholte, eine f\u00fcr alle kuriose und strittige Entscheidung gegen sich weg steckte und im Golden Score (Verl\u00e4ngerung bei Gleichstand) seinen Gegner festgehalten hat war beeindruckend. Wen wundert\u2019s, den zweiten und letzten Sieg f\u00fcr den JSV Bernau holte ,,Man oft he Day Theo\u2018\u2018, mit einem gelungenem O-Uchi-Gari (Innensichel) f\u00fcr das Ersatzgeschw\u00e4chte Bernauer Judo-Team.<\/p>\n<p><em>Die Tabelle nach dem 2. Kampftag:<\/em><br \/>\n1. JC90 Frankfurt\/Oder &#8211; 10:0<br \/>\n2. KG PSV Frankfurt\/Oder \/ RSV Eintracht &#8211; 8:2<br \/>\n3. SV Motor Babelsberg &#8211; 6:4<br \/>\n4. KSC Strausberg &#8211; 6:4<br \/>\n5. HSV Cottbus &#8211; 6:4<br \/>\n6. JSV Bernau &#8211; 6:6<br \/>\n7. JC Bad Belzig 93 &#8211; 4:6<br \/>\n8. KSC Asahi Spremberg II &#8211; 2:10<br \/>\n9. JV Ludwigsfelde &#8211; 0:12<\/p>\n<p>Nach den spannenden K\u00e4mpfen in der Landesliga folgten die Bernauer Judoka der Einladung des Gastgebers und verfolgten anschlie\u00dfend das Brandenburger Derby in der 1. Judo \u2013 Bundesliga zwischen dem KSC Asahi Spremberg, mit den drei Bernauern Max Zimmermann (-60kg), Michel Daue (-66kg) und Stefan Niesecke (-100kg), der sich an diesem sich Tag allerdings noch auf der Hochzeitsreise befand, gegen den UJKC Potsdam. Dazu w\u00e4re noch ein weiterer Bernauer Starter auf den Spremberger Tatamis zu sehen gewesen, aber Martin Setz, der in der 1. Bundesliga f\u00fcr den UJKC Potsdam an den Start geht, war an diesem Tag erfolgreich (7.Platz))beim European Cup in Slowenien am Start. Nach Hin, -und R\u00fcckkampf hat Spremberg knapp mit 6:8 gegen Potsdam verloren, da halfen auch die zwei Siege von Max Zimmermann gegen Paul Schwisow (Potsdam) nichts. Michel Daue der in den vorherigen Eins\u00e4tzen seine Punkte gemacht hat und sch\u00f6ne K\u00e4mpfe gegen starke K\u00e4mpfer gewonnen hat, musste an diesem Tag eine Niederlage gegen Bennet Pr\u00f6hl einstecken. In der Tabelle festigte der UJKC Potsdam den zweiten Platz in Tabelle. Die Spremberger, mit den drei Bernauer Judoka m\u00fcssen nun am letzten Kampftag gegen Bottrop wichtige Punkte und Siege einfahren und auf die parallel stattfindenden Begegnungen schauen, um noch den 4. Platz, der f\u00fcr die Playoffs notwendig ist, zu erreichen. <\/p>\n<div id='gallery-1' class='gallery galleryid-5693 gallery-columns-3 gallery-size-thumbnail'><dl class='gallery-item'>\n\t\t\t<dt class='gallery-icon landscape'>\n\t\t\t\t<a href='https:\/\/www.jsv-bernau.de\/jsv\/wp-content\/uploads\/post\/5693\/IMG_0469.jpg'><img loading=\"lazy\" decoding=\"async\" width=\"420\" height=\"280\" src=\"https:\/\/www.jsv-bernau.de\/jsv\/wp-content\/uploads\/post\/5693\/IMG_0469-420x280.jpg\" class=\"attachment-thumbnail size-thumbnail\" alt=\"\" srcset=\"https:\/\/www.jsv-bernau.de\/jsv\/wp-content\/uploads\/post\/5693\/IMG_0469-420x280.jpg 420w, https:\/\/www.jsv-bernau.de\/jsv\/wp-content\/uploads\/post\/5693\/IMG_0469-840x560.jpg 840w, https:\/\/www.jsv-bernau.de\/jsv\/wp-content\/uploads\/post\/5693\/IMG_0469-768x512.jpg 768w, https:\/\/www.jsv-bernau.de\/jsv\/wp-content\/uploads\/post\/5693\/IMG_0469-1200x800.jpg 1200w, https:\/\/www.jsv-bernau.de\/jsv\/wp-content\/uploads\/post\/5693\/IMG_0469.jpg 1350w\" sizes=\"auto, (max-width: 420px) 100vw, 420px\" \/><\/a>\n\t\t\t<\/dt><\/dl><dl class='gallery-item'>\n\t\t\t<dt class='gallery-icon landscape'>\n\t\t\t\t<a href='https:\/\/www.jsv-bernau.de\/jsv\/wp-content\/uploads\/post\/5693\/IMG_0079.jpg'><img loading=\"lazy\" decoding=\"async\" width=\"420\" height=\"280\" src=\"https:\/\/www.jsv-bernau.de\/jsv\/wp-content\/uploads\/post\/5693\/IMG_0079-420x280.jpg\" class=\"attachment-thumbnail size-thumbnail\" alt=\"\" srcset=\"https:\/\/www.jsv-bernau.de\/jsv\/wp-content\/uploads\/post\/5693\/IMG_0079-420x280.jpg 420w, https:\/\/www.jsv-bernau.de\/jsv\/wp-content\/uploads\/post\/5693\/IMG_0079.jpg 640w\" sizes=\"auto, (max-width: 420px) 100vw, 420px\" \/><\/a>\n\t\t\t<\/dt><\/dl><dl class='gallery-item'>\n\t\t\t<dt class='gallery-icon landscape'>\n\t\t\t\t<a href='https:\/\/www.jsv-bernau.de\/jsv\/wp-content\/uploads\/post\/5693\/IMG_0750.jpg'><img loading=\"lazy\" decoding=\"async\" width=\"420\" height=\"280\" src=\"https:\/\/www.jsv-bernau.de\/jsv\/wp-content\/uploads\/post\/5693\/IMG_0750-420x280.jpg\" class=\"attachment-thumbnail size-thumbnail\" alt=\"\" srcset=\"https:\/\/www.jsv-bernau.de\/jsv\/wp-content\/uploads\/post\/5693\/IMG_0750-420x280.jpg 420w, https:\/\/www.jsv-bernau.de\/jsv\/wp-content\/uploads\/post\/5693\/IMG_0750-840x560.jpg 840w, https:\/\/www.jsv-bernau.de\/jsv\/wp-content\/uploads\/post\/5693\/IMG_0750-768x512.jpg 768w, https:\/\/www.jsv-bernau.de\/jsv\/wp-content\/uploads\/post\/5693\/IMG_0750-1200x800.jpg 1200w, https:\/\/www.jsv-bernau.de\/jsv\/wp-content\/uploads\/post\/5693\/IMG_0750.jpg 1350w\" sizes=\"auto, (max-width: 420px) 100vw, 420px\" \/><\/a>\n\t\t\t<\/dt><\/dl><br style=\"clear: both\" \/><dl class='gallery-item'>\n\t\t\t<dt class='gallery-icon landscape'>\n\t\t\t\t<a href='https:\/\/www.jsv-bernau.de\/jsv\/wp-content\/uploads\/post\/5693\/IMG-20170617-WA0003.jpg'><img loading=\"lazy\" decoding=\"async\" width=\"420\" height=\"280\" src=\"https:\/\/www.jsv-bernau.de\/jsv\/wp-content\/uploads\/post\/5693\/IMG-20170617-WA0003-420x280.jpg\" class=\"attachment-thumbnail size-thumbnail\" alt=\"\" srcset=\"https:\/\/www.jsv-bernau.de\/jsv\/wp-content\/uploads\/post\/5693\/IMG-20170617-WA0003-420x280.jpg 420w, https:\/\/www.jsv-bernau.de\/jsv\/wp-content\/uploads\/post\/5693\/IMG-20170617-WA0003-840x560.jpg 840w\" sizes=\"auto, (max-width: 420px) 100vw, 420px\" \/><\/a>\n\t\t\t<\/dt><\/dl>\n\t\t\t<br style='clear: both' \/>\n\t\t<\/div>\n\n","protected":false},"excerpt":{"rendered":"<p>Der 2.Kampftag begann f\u00fcr die Teamkapit\u00e4ne Martin Scholz und Frank Friedrich wirklich nicht erfreulich, denn auch dieses Mal mussten sie, kurzfristig und aus unterschiedlichsten Gr\u00fcnden, auf wichtige Leistungstr\u00e4ger verzichten. So zog dann eine etwas kleinere Judo \u2013 Formation des JSV Bernau in die Lausitz, nach Spremberg, wo nach den Landesligak\u00e4mpfen die 1. Bundesligabegegnung zwischen Asahi Spremberg und UJKC Potsdam f\u00fcr ein weiteres Highlight an diesem Tag sorgte. Mit einem Sieg, zwei Niederlagen und Platz 6 nach dem 1. Kampftag, hatten sich die Bernauer Judoka vorgenommen, den einen oder anderen Sieg und wertvolle Punkte mit nach Hause nehmen. Was an diesem Tag, gegen den mehrfachen Landesligasieger KSC \u2013 Strausberg, der 2. Mannschaft von KSC \u2013Asahi Spremberg und HSV Cottbus kein Zuckerschlecken werden sollte. So war es dann auch gleich der 1. Kampf gegen Spremberg II, wo die Bernauer in der +90kg Gewichtsklasse, wegen der Ausf\u00e4lle den ersten Punkt abgeben musste. Der zweite Kampf fing ebenfalls nicht sonderlich gut an, denn Theo Herz (-73kg) lie\u00df sich mit dem ersten Angriff gleich \u00fcberrumpeln und werfen. Da es aber &hellip;<\/p>\n","protected":false},"author":6,"featured_media":5694,"comment_status":"closed","ping_status":"open","sticky":false,"template":"","format":"standard","meta":{"ngg_post_thumbnail":0,"jetpack_post_was_ever_published":false,"_jetpack_newsletter_access":"","_jetpack_dont_email_post_to_subs":true,"_jetpack_newsletter_tier_id":0,"_jetpack_memberships_contains_paywalled_content":false,"_jetpack_memberships_contains_paid_content":false,"footnotes":""},"categories":[1,3,5],"tags":[502,39,465],"class_list":["post-5693","post","type-post","status-publish","format-standard","has-post-thumbnail","hentry","category-allgemein","category-ergebnisse","category-news","tag-landesliga-2017","tag-strausberg","tag-theo-herz"],"jetpack_featured_media_url":"https:\/\/www.jsv-bernau.de\/jsv\/wp-content\/uploads\/post\/5693\/IMG_0469.jpg","jetpack_shortlink":"https:\/\/wp.me\/p5TGCK-1tP","jetpack_sharing_enabled":true,"_links":{"self":[{"href":"https:\/\/www.jsv-bernau.de\/jsv\/wp-json\/wp\/v2\/posts\/5693","targetHints":{"allow":["GET"]}}],"collection":[{"href":"https:\/\/www.jsv-bernau.de\/jsv\/wp-json\/wp\/v2\/posts"}],"about":[{"href":"https:\/\/www.jsv-bernau.de\/jsv\/wp-json\/wp\/v2\/types\/post"}],"author":[{"embeddable":true,"href":"https:\/\/www.jsv-bernau.de\/jsv\/wp-json\/wp\/v2\/users\/6"}],"replies":[{"embeddable":true,"href":"https:\/\/www.jsv-bernau.de\/jsv\/wp-json\/wp\/v2\/comments?post=5693"}],"version-history":[{"count":1,"href":"https:\/\/www.jsv-bernau.de\/jsv\/wp-json\/wp\/v2\/posts\/5693\/revisions"}],"predecessor-version":[{"id":5698,"href":"https:\/\/www.jsv-bernau.de\/jsv\/wp-json\/wp\/v2\/posts\/5693\/revisions\/5698"}],"wp:featuredmedia":[{"embeddable":true,"href":"https:\/\/www.jsv-bernau.de\/jsv\/wp-json\/wp\/v2\/media\/5694"}],"wp:attachment":[{"href":"https:\/\/www.jsv-bernau.de\/jsv\/wp-json\/wp\/v2\/media?parent=5693"}],"wp:term":[{"taxonomy":"category","embeddable":true,"href":"https:\/\/www.jsv-bernau.de\/jsv\/wp-json\/wp\/v2\/categories?post=5693"},{"taxonomy":"post_tag","embeddable":true,"href":"https:\/\/www.jsv-bernau.de\/jsv\/wp-json\/wp\/v2\/tags?post=5693"}],"curies":[{"name":"wp","href":"https:\/\/api.w.org\/{rel}","templated":true}]}}