{"id":5701,"date":"2017-07-20T09:39:25","date_gmt":"2017-07-20T07:39:25","guid":{"rendered":"https:\/\/www.jsv-bernau.de\/jsv\/?p=5701"},"modified":"2017-07-21T11:54:48","modified_gmt":"2017-07-21T09:54:48","slug":"sommerfest-in-ruhlsdorf","status":"publish","type":"post","link":"https:\/\/www.jsv-bernau.de\/jsv\/sommerfest-in-ruhlsdorf\/","title":{"rendered":"Sommerfest in Ruhlsdorf"},"content":{"rendered":"<p>Als kr\u00f6nender Schuljahresabschluss des Judotrainings fand das diesj\u00e4hrige Sommerfest des JSV Bernau am 08.07.17 im Feriendorf Dorado in Ruhlsdorf statt. Erwartet wurden die aktiven Judokas aller Altersklassen der Standorte Bernau, Zepernick und Sch\u00f6now im vorbereiteten Veranstaltungssaal mit angrenzender Sommerterrasse.<\/p>\n<p>Gut gelaunt fanden sich zum fr\u00fchen Nachmittag die ersten Judosch\u00fctzlinge mit Ihren Eltern und Geschwistern ein, so auch die \u201eAlten Hasen\u201c und Trainer, um das zur\u00fcckliegende Halbjahr vor den Sommerferien bei Kaffee und Kuchen gemeinsam ausklingen zu lassen.<\/p>\n<p>Einleitende kurze Worte wurden dabei vom Vereinsvorsitzenden Heiko Posselt an alle Anwesenden gerichtet und mit besten W\u00fcnschen f\u00fcr einen unterhaltsamen Nachmittag das Kuchenbuffet er\u00f6ffnet. Zum Verdruss einiger Sportfreunde wurde vom Schatzmeister dabei darauf hingewiesen, dass jeder per E-Mail vorab informiert wurde, Besteck und Geschirr selbst mitzubringen. Leider haben nicht alle diese E-Mail erhalten oder wie wir, das Zeug einfach zu Hause vergessen. Zum Gl\u00fcck konnte die angrenzende K\u00fcche freundlicherweise mit Tellern und Besteck aushelfen.<\/p>\n<p>Das Wetter wollte uns auch an diesem Tag einen Gefallen tun und das Wolken- und Sonnenspiel hielt lange an, sodass wir uns bei Kaffee und selbst gebackenem Kuchen auf der Terrasse auch mit anderen \u201eJudoeltern\u201c sehr gut, nicht nur \u00fcber Judo und Sport, unterhalten konnten.<\/p>\n<p>Frank Opitz, Ren\u00e9 Keil und Jan Leonhardt haben f\u00fcr die unternehmungslustigen Judokas einen Stationsbetrieb vorbereitet, der \u201esportliche H\u00f6chstleistungen\u201c und \u201eau\u00dferordentliche Geschicklichkeit\u201c in jeder Disziplin von allen Mitmachern abverlangte. Es hat allen Spa\u00df gemacht und als Belohnung gab es eine \u00dcberraschung f\u00fcr alle teilnehmenden Sportler.<\/p>\n<p>Ein kurzer Spaziergang zur sehr sch\u00f6n angelegten Badestelle mit wei\u00dfem Kiesstand verleitete einige Sportfreunde durchaus noch im Wasser Spa\u00df zu haben. Andere spielten noch Volleyball, Tischtennis oder Minigolf.<\/p>\n<p>Nach so vielen Aktivit\u00e4ten war der Hunger dann auch am Abend wieder gro\u00df, sodass die freiwillig ernannten Grillmeister ihre Sache gut gemacht haben und uns leckeres Fleisch und Th\u00fcringer W\u00fcrste serviert haben. Im Saal wurden die Beilagen wie Gem\u00fcse-, Kartoffel- und Nudelsalat bereitgestellt, sodass es ein klassisches Sommerpartyessen wurde.<\/p>\n<p>\u00dcberrascht wurden wir dann doch \u00fcber den schlagartig beginnenden Regenguss, der f\u00fcr diesen Sommer wohl sehr typisch erscheint, jedoch keinem die gute Laune verdorben hat.<\/p>\n<p>Es war rundum ein gelungener sch\u00f6ner Sommernachmittag im Rahmen des JSV Bernau und es l\u00e4sst erwarten, dass jeder seinen Spa\u00df daran hatte. Sch\u00f6n ist dabei festzustellen, dass sich bei den Kindern und Jugendlichen Sportfreundschaften auch au\u00dferhalb der Schule bilden, denn Sport verbindet !!!<\/p>\n<p>Vielen Dank an die flei\u00dfigen Vor- und Nachbereiter der Veranstaltung, die mit gro\u00dfem Engagement zum Gelingen der Party beigetragen haben, denn jeder der einmal eine eigene Sommergartenparty ausgestattet hat wei\u00df, wie viel Arbeit dahinter steckt. Auch vielen Dank f\u00fcr die flei\u00dfigen Judo-Kuchenb\u00e4ckermuttis und \u2013papas.<\/p>\n<p>&#8230; und auf eine sch\u00f6ne Sommerparty in 2018!<\/p>\n<div id='gallery-1' class='gallery galleryid-5701 gallery-columns-3 gallery-size-thumbnail'><dl class='gallery-item'>\n\t\t\t<dt class='gallery-icon portrait'>\n\t\t\t\t<a href='https:\/\/www.jsv-bernau.de\/jsv\/wp-content\/uploads\/post\/5701\/bild05.jpg'><img loading=\"lazy\" decoding=\"async\" width=\"420\" height=\"280\" src=\"https:\/\/www.jsv-bernau.de\/jsv\/wp-content\/uploads\/post\/5701\/bild05-420x280.jpg\" class=\"attachment-thumbnail size-thumbnail\" alt=\"\" \/><\/a>\n\t\t\t<\/dt><\/dl><dl class='gallery-item'>\n\t\t\t<dt class='gallery-icon portrait'>\n\t\t\t\t<a href='https:\/\/www.jsv-bernau.de\/jsv\/wp-content\/uploads\/post\/5701\/bild04.jpg'><img loading=\"lazy\" decoding=\"async\" width=\"420\" height=\"280\" src=\"https:\/\/www.jsv-bernau.de\/jsv\/wp-content\/uploads\/post\/5701\/bild04-420x280.jpg\" class=\"attachment-thumbnail size-thumbnail\" alt=\"\" \/><\/a>\n\t\t\t<\/dt><\/dl><dl class='gallery-item'>\n\t\t\t<dt class='gallery-icon portrait'>\n\t\t\t\t<a href='https:\/\/www.jsv-bernau.de\/jsv\/wp-content\/uploads\/post\/5701\/bild03.jpg'><img loading=\"lazy\" decoding=\"async\" width=\"420\" height=\"280\" src=\"https:\/\/www.jsv-bernau.de\/jsv\/wp-content\/uploads\/post\/5701\/bild03-420x280.jpg\" class=\"attachment-thumbnail size-thumbnail\" alt=\"\" \/><\/a>\n\t\t\t<\/dt><\/dl><br style=\"clear: both\" \/><dl class='gallery-item'>\n\t\t\t<dt class='gallery-icon portrait'>\n\t\t\t\t<a href='https:\/\/www.jsv-bernau.de\/jsv\/wp-content\/uploads\/post\/5701\/bild02.jpg'><img loading=\"lazy\" decoding=\"async\" width=\"420\" height=\"280\" src=\"https:\/\/www.jsv-bernau.de\/jsv\/wp-content\/uploads\/post\/5701\/bild02-420x280.jpg\" class=\"attachment-thumbnail size-thumbnail\" alt=\"\" \/><\/a>\n\t\t\t<\/dt><\/dl><dl class='gallery-item'>\n\t\t\t<dt class='gallery-icon landscape'>\n\t\t\t\t<a href='https:\/\/www.jsv-bernau.de\/jsv\/wp-content\/uploads\/post\/5701\/bild01.jpg'><img loading=\"lazy\" decoding=\"async\" width=\"420\" height=\"280\" src=\"https:\/\/www.jsv-bernau.de\/jsv\/wp-content\/uploads\/post\/5701\/bild01-420x280.jpg\" class=\"attachment-thumbnail size-thumbnail\" alt=\"\" srcset=\"https:\/\/www.jsv-bernau.de\/jsv\/wp-content\/uploads\/post\/5701\/bild01-420x280.jpg 420w, https:\/\/www.jsv-bernau.de\/jsv\/wp-content\/uploads\/post\/5701\/bild01-840x560.jpg 840w\" sizes=\"auto, (max-width: 420px) 100vw, 420px\" \/><\/a>\n\t\t\t<\/dt><\/dl><dl class='gallery-item'>\n\t\t\t<dt class='gallery-icon landscape'>\n\t\t\t\t<a href='https:\/\/www.jsv-bernau.de\/jsv\/wp-content\/uploads\/post\/5701\/Bild-Sommerfest-3.jpg'><img loading=\"lazy\" decoding=\"async\" width=\"420\" height=\"280\" src=\"https:\/\/www.jsv-bernau.de\/jsv\/wp-content\/uploads\/post\/5701\/Bild-Sommerfest-3-420x280.jpg\" class=\"attachment-thumbnail size-thumbnail\" alt=\"\" srcset=\"https:\/\/www.jsv-bernau.de\/jsv\/wp-content\/uploads\/post\/5701\/Bild-Sommerfest-3-420x280.jpg 420w, https:\/\/www.jsv-bernau.de\/jsv\/wp-content\/uploads\/post\/5701\/Bild-Sommerfest-3-840x560.jpg 840w\" sizes=\"auto, (max-width: 420px) 100vw, 420px\" \/><\/a>\n\t\t\t<\/dt><\/dl><br style=\"clear: both\" \/>\n\t\t<\/div>\n\n","protected":false},"excerpt":{"rendered":"<p>Als kr\u00f6nender Schuljahresabschluss des Judotrainings fand das diesj\u00e4hrige Sommerfest des JSV Bernau am 08.07.17 im Feriendorf Dorado in Ruhlsdorf statt. Erwartet wurden die aktiven Judokas aller Altersklassen der Standorte Bernau, Zepernick und Sch\u00f6now im vorbereiteten Veranstaltungssaal mit angrenzender Sommerterrasse. Gut gelaunt fanden sich zum fr\u00fchen Nachmittag die ersten Judosch\u00fctzlinge mit Ihren Eltern und Geschwistern ein, so auch die \u201eAlten Hasen\u201c und Trainer, um das zur\u00fcckliegende Halbjahr vor den Sommerferien bei Kaffee und Kuchen gemeinsam ausklingen zu lassen. Einleitende kurze Worte wurden dabei vom Vereinsvorsitzenden Heiko Posselt an alle Anwesenden gerichtet und mit besten W\u00fcnschen f\u00fcr einen unterhaltsamen Nachmittag das Kuchenbuffet er\u00f6ffnet. Zum Verdruss einiger Sportfreunde wurde vom Schatzmeister dabei darauf hingewiesen, dass jeder per E-Mail vorab informiert wurde, Besteck und Geschirr selbst mitzubringen. Leider haben nicht alle diese E-Mail erhalten oder wie wir, das Zeug einfach zu Hause vergessen. Zum Gl\u00fcck konnte die angrenzende K\u00fcche freundlicherweise mit Tellern und Besteck aushelfen. Das Wetter wollte uns auch an diesem Tag einen Gefallen tun und das Wolken- und Sonnenspiel hielt lange an, sodass wir uns bei Kaffee &hellip;<\/p>\n","protected":false},"author":38,"featured_media":5702,"comment_status":"closed","ping_status":"open","sticky":false,"template":"","format":"standard","meta":{"ngg_post_thumbnail":0,"jetpack_post_was_ever_published":false,"_jetpack_newsletter_access":"","_jetpack_dont_email_post_to_subs":true,"_jetpack_newsletter_tier_id":0,"_jetpack_memberships_contains_paywalled_content":false,"_jetpack_memberships_contains_paid_content":false,"footnotes":""},"categories":[1,5],"tags":[422,389],"class_list":["post-5701","post","type-post","status-publish","format-standard","has-post-thumbnail","hentry","category-allgemein","category-news","tag-ruhlsdorf","tag-sommerfest"],"jetpack_featured_media_url":"https:\/\/www.jsv-bernau.de\/jsv\/wp-content\/uploads\/post\/5701\/Bild-Sommerfest-3.jpg","jetpack_shortlink":"https:\/\/wp.me\/p5TGCK-1tX","jetpack_sharing_enabled":true,"_links":{"self":[{"href":"https:\/\/www.jsv-bernau.de\/jsv\/wp-json\/wp\/v2\/posts\/5701","targetHints":{"allow":["GET"]}}],"collection":[{"href":"https:\/\/www.jsv-bernau.de\/jsv\/wp-json\/wp\/v2\/posts"}],"about":[{"href":"https:\/\/www.jsv-bernau.de\/jsv\/wp-json\/wp\/v2\/types\/post"}],"author":[{"embeddable":true,"href":"https:\/\/www.jsv-bernau.de\/jsv\/wp-json\/wp\/v2\/users\/38"}],"replies":[{"embeddable":true,"href":"https:\/\/www.jsv-bernau.de\/jsv\/wp-json\/wp\/v2\/comments?post=5701"}],"version-history":[{"count":3,"href":"https:\/\/www.jsv-bernau.de\/jsv\/wp-json\/wp\/v2\/posts\/5701\/revisions"}],"predecessor-version":[{"id":5714,"href":"https:\/\/www.jsv-bernau.de\/jsv\/wp-json\/wp\/v2\/posts\/5701\/revisions\/5714"}],"wp:featuredmedia":[{"embeddable":true,"href":"https:\/\/www.jsv-bernau.de\/jsv\/wp-json\/wp\/v2\/media\/5702"}],"wp:attachment":[{"href":"https:\/\/www.jsv-bernau.de\/jsv\/wp-json\/wp\/v2\/media?parent=5701"}],"wp:term":[{"taxonomy":"category","embeddable":true,"href":"https:\/\/www.jsv-bernau.de\/jsv\/wp-json\/wp\/v2\/categories?post=5701"},{"taxonomy":"post_tag","embeddable":true,"href":"https:\/\/www.jsv-bernau.de\/jsv\/wp-json\/wp\/v2\/tags?post=5701"}],"curies":[{"name":"wp","href":"https:\/\/api.w.org\/{rel}","templated":true}]}}