{"id":5716,"date":"2017-08-12T18:29:29","date_gmt":"2017-08-12T16:29:29","guid":{"rendered":"https:\/\/www.jsv-bernau.de\/jsv\/?p=5716"},"modified":"2017-08-12T18:29:29","modified_gmt":"2017-08-12T16:29:29","slug":"stefan-niesecke-verteidigt-weltmeistertitel","status":"publish","type":"post","link":"https:\/\/www.jsv-bernau.de\/jsv\/stefan-niesecke-verteidigt-weltmeistertitel\/","title":{"rendered":"Stefan Niesecke verteidigt Weltmeistertitel"},"content":{"rendered":"<p>Zur Zeit finden in Los Angeles die World Police and Fire Games statt. Seit dem 07. August k\u00e4mpfen Angeh\u00f6rige der Polizei, der Zoll und Justizbeh\u00f6rden und der Feuerwehr um die begehrten Medaillen.<br \/>\nDie Athleten aus den unterschiedlichen Nationen treten hierbei in den klassischen olympischen<br \/>\nDisziplinen und in bereichsspezifischen Vergleichswettk\u00e4mpfen gegeneinander an.<\/p>\n<p>Wie bereits bei den Games 2011, 2013 und 2015 stellte sich Stefan Niesecke auch in diesem Jahr derHerausforderung. Sein erkl\u00e4rtes Ziel war die Verteidigung des Titels aus dem Jahr 2015.<br \/>\nNach intensiver Vorbereitung war es am 10.08.2017 endlich soweit.<br \/>\nStefan startete ins Turnier mit einem Sieg gegen einen K\u00e4mpfer aus der Mongolei. Dieser musste sich vorzeitig geschlagen geben, da Stefan ihn mit einem O-Soto-Gari auf die Matte bef\u00f6rderte und hierf\u00fcr vom Kampfrichter einen Ippon erhielt.<br \/>\nNach dem vorzeitigen Sieg musste Stefan im n\u00e4chsten Kampf gegen einen russischen Sportler \u00fcber die gesamte Kampfzeit gehen. Keinem der Kontrahenten gelang es eine Wertung zu erringen. Jedoch erhielt der Russe w\u00e4hrend des Kampfes drei Strafen, so dass Stefan auch diesen Kampf f\u00fcr sich entscheiden konnte.<br \/>\nIm dritten und letzten Kampf stand Stefan ein Judoka aus Brasilien gegen\u00fcber. In einer spannenden&nbsp; und ausgeglichenen Auseinandersetzung \u00fcber die gesamte Kampfzeit standen nach Ablauf der regul\u00e4ren Kampfzeit weder bei Stefan noch bei dem Brasilianer Wertungen oder Strafen auf der Anzeigentafel. So wurde die Begegnung im Golden Score weitergef\u00fchrt. Leider musste sich Stefan hier knapp geschlagen geben.<br \/>\nIn der Gesamtbilanz reichte es f\u00fcr Stefan mit zwei gro\u00dfartig gewonnenen K\u00e4mpfen dennoch f\u00fcr den Gesamtsieg in seiner Gewichtsklasse.<br \/>\nHerzlichen Gl\u00fcckwunsch zur erfolgreich beendeten Mission Titelverteidigung und ein ganz gro\u00dfes Dankesch\u00f6n an alle mitgereisten Trainer und Betreuer.<\/p>\n<div id='gallery-1' class='gallery galleryid-5716 gallery-columns-3 gallery-size-thumbnail'><dl class='gallery-item'>\n\t\t\t<dt class='gallery-icon landscape'>\n\t\t\t\t<a href='https:\/\/www.jsv-bernau.de\/jsv\/stefan-niesecke-verteidigt-weltmeistertitel\/img-20170811-wa0004\/'><img loading=\"lazy\" decoding=\"async\" width=\"420\" height=\"280\" src=\"https:\/\/www.jsv-bernau.de\/jsv\/wp-content\/uploads\/post\/5716\/IMG-20170811-WA0004-420x280.jpg\" class=\"attachment-thumbnail size-thumbnail\" alt=\"\" srcset=\"https:\/\/www.jsv-bernau.de\/jsv\/wp-content\/uploads\/post\/5716\/IMG-20170811-WA0004-420x280.jpg 420w, https:\/\/www.jsv-bernau.de\/jsv\/wp-content\/uploads\/post\/5716\/IMG-20170811-WA0004-840x560.jpg 840w\" sizes=\"auto, (max-width: 420px) 100vw, 420px\" \/><\/a>\n\t\t\t<\/dt><\/dl><dl class='gallery-item'>\n\t\t\t<dt class='gallery-icon landscape'>\n\t\t\t\t<a href='https:\/\/www.jsv-bernau.de\/jsv\/stefan-niesecke-verteidigt-weltmeistertitel\/img-20170811-wa0005\/'><img loading=\"lazy\" decoding=\"async\" width=\"420\" height=\"280\" src=\"https:\/\/www.jsv-bernau.de\/jsv\/wp-content\/uploads\/post\/5716\/IMG-20170811-WA0005-420x280.jpg\" class=\"attachment-thumbnail size-thumbnail\" alt=\"\" srcset=\"https:\/\/www.jsv-bernau.de\/jsv\/wp-content\/uploads\/post\/5716\/IMG-20170811-WA0005-420x280.jpg 420w, https:\/\/www.jsv-bernau.de\/jsv\/wp-content\/uploads\/post\/5716\/IMG-20170811-WA0005-840x560.jpg 840w\" sizes=\"auto, (max-width: 420px) 100vw, 420px\" \/><\/a>\n\t\t\t<\/dt><\/dl><dl class='gallery-item'>\n\t\t\t<dt class='gallery-icon landscape'>\n\t\t\t\t<a href='https:\/\/www.jsv-bernau.de\/jsv\/stefan-niesecke-verteidigt-weltmeistertitel\/img-20170811-wa0001\/'><img loading=\"lazy\" decoding=\"async\" width=\"420\" height=\"280\" src=\"https:\/\/www.jsv-bernau.de\/jsv\/wp-content\/uploads\/post\/5716\/IMG-20170811-WA0001-420x280.jpg\" class=\"attachment-thumbnail size-thumbnail\" alt=\"\" \/><\/a>\n\t\t\t<\/dt><\/dl><br style=\"clear: both\" \/><dl class='gallery-item'>\n\t\t\t<dt class='gallery-icon landscape'>\n\t\t\t\t<a href='https:\/\/www.jsv-bernau.de\/jsv\/stefan-niesecke-verteidigt-weltmeistertitel\/img-20170811-wa0006\/'><img loading=\"lazy\" decoding=\"async\" width=\"420\" height=\"280\" src=\"https:\/\/www.jsv-bernau.de\/jsv\/wp-content\/uploads\/post\/5716\/IMG-20170811-WA0006-420x280.jpg\" class=\"attachment-thumbnail size-thumbnail\" alt=\"\" \/><\/a>\n\t\t\t<\/dt><\/dl><dl class='gallery-item'>\n\t\t\t<dt class='gallery-icon portrait'>\n\t\t\t\t<a href='https:\/\/www.jsv-bernau.de\/jsv\/stefan-niesecke-verteidigt-weltmeistertitel\/img-20170811-wa0002\/'><img loading=\"lazy\" decoding=\"async\" width=\"420\" height=\"280\" src=\"https:\/\/www.jsv-bernau.de\/jsv\/wp-content\/uploads\/post\/5716\/IMG-20170811-WA0002-420x280.jpg\" class=\"attachment-thumbnail size-thumbnail\" alt=\"\" \/><\/a>\n\t\t\t<\/dt><\/dl><dl class='gallery-item'>\n\t\t\t<dt class='gallery-icon landscape'>\n\t\t\t\t<a href='https:\/\/www.jsv-bernau.de\/jsv\/stefan-niesecke-verteidigt-weltmeistertitel\/img-20170811-wa0000\/'><img loading=\"lazy\" decoding=\"async\" width=\"420\" height=\"280\" src=\"https:\/\/www.jsv-bernau.de\/jsv\/wp-content\/uploads\/post\/5716\/IMG-20170811-WA0000-420x280.jpg\" class=\"attachment-thumbnail size-thumbnail\" alt=\"\" \/><\/a>\n\t\t\t<\/dt><\/dl><br style=\"clear: both\" \/>\n\t\t<\/div>\n\n<p>&nbsp;<\/p>\n","protected":false},"excerpt":{"rendered":"<p>Zur Zeit finden in Los Angeles die World Police and Fire Games statt. Seit dem 07. August k\u00e4mpfen Angeh\u00f6rige der Polizei, der Zoll und Justizbeh\u00f6rden und der Feuerwehr um die begehrten Medaillen. Die Athleten aus den unterschiedlichen Nationen treten hierbei in den klassischen olympischen Disziplinen und in bereichsspezifischen Vergleichswettk\u00e4mpfen gegeneinander an. Wie bereits bei den Games 2011, 2013 und 2015 stellte sich Stefan Niesecke auch in diesem Jahr derHerausforderung. Sein erkl\u00e4rtes Ziel war die Verteidigung des Titels aus dem Jahr 2015. Nach intensiver Vorbereitung war es am 10.08.2017 endlich soweit. Stefan startete ins Turnier mit einem Sieg gegen einen K\u00e4mpfer aus der Mongolei. Dieser musste sich vorzeitig geschlagen geben, da Stefan ihn mit einem O-Soto-Gari auf die Matte bef\u00f6rderte und hierf\u00fcr vom Kampfrichter einen Ippon erhielt. Nach dem vorzeitigen Sieg musste Stefan im n\u00e4chsten Kampf gegen einen russischen Sportler \u00fcber die gesamte Kampfzeit gehen. Keinem der Kontrahenten gelang es eine Wertung zu erringen. Jedoch erhielt der Russe w\u00e4hrend des Kampfes drei Strafen, so dass Stefan auch diesen Kampf f\u00fcr sich entscheiden konnte. Im dritten und &hellip;<\/p>\n","protected":false},"author":24,"featured_media":5718,"comment_status":"closed","ping_status":"open","sticky":false,"template":"","format":"standard","meta":{"ngg_post_thumbnail":0,"jetpack_post_was_ever_published":false,"_jetpack_newsletter_access":"","_jetpack_dont_email_post_to_subs":false,"_jetpack_newsletter_tier_id":0,"_jetpack_memberships_contains_paywalled_content":false,"_jetpack_memberships_contains_paid_content":false,"footnotes":""},"categories":[1,5],"tags":[505,134,504],"class_list":["post-5716","post","type-post","status-publish","format-standard","has-post-thumbnail","hentry","category-allgemein","category-news","tag-los-angeles","tag-niesecke","tag-world-police-and-fire-games"],"jetpack_featured_media_url":"https:\/\/www.jsv-bernau.de\/jsv\/wp-content\/uploads\/post\/5716\/IMG-20170811-WA0001.jpg","jetpack_shortlink":"https:\/\/wp.me\/p5TGCK-1uc","jetpack_sharing_enabled":true,"_links":{"self":[{"href":"https:\/\/www.jsv-bernau.de\/jsv\/wp-json\/wp\/v2\/posts\/5716","targetHints":{"allow":["GET"]}}],"collection":[{"href":"https:\/\/www.jsv-bernau.de\/jsv\/wp-json\/wp\/v2\/posts"}],"about":[{"href":"https:\/\/www.jsv-bernau.de\/jsv\/wp-json\/wp\/v2\/types\/post"}],"author":[{"embeddable":true,"href":"https:\/\/www.jsv-bernau.de\/jsv\/wp-json\/wp\/v2\/users\/24"}],"replies":[{"embeddable":true,"href":"https:\/\/www.jsv-bernau.de\/jsv\/wp-json\/wp\/v2\/comments?post=5716"}],"version-history":[{"count":1,"href":"https:\/\/www.jsv-bernau.de\/jsv\/wp-json\/wp\/v2\/posts\/5716\/revisions"}],"predecessor-version":[{"id":5724,"href":"https:\/\/www.jsv-bernau.de\/jsv\/wp-json\/wp\/v2\/posts\/5716\/revisions\/5724"}],"wp:featuredmedia":[{"embeddable":true,"href":"https:\/\/www.jsv-bernau.de\/jsv\/wp-json\/wp\/v2\/media\/5718"}],"wp:attachment":[{"href":"https:\/\/www.jsv-bernau.de\/jsv\/wp-json\/wp\/v2\/media?parent=5716"}],"wp:term":[{"taxonomy":"category","embeddable":true,"href":"https:\/\/www.jsv-bernau.de\/jsv\/wp-json\/wp\/v2\/categories?post=5716"},{"taxonomy":"post_tag","embeddable":true,"href":"https:\/\/www.jsv-bernau.de\/jsv\/wp-json\/wp\/v2\/tags?post=5716"}],"curies":[{"name":"wp","href":"https:\/\/api.w.org\/{rel}","templated":true}]}}