{"id":5759,"date":"2017-10-03T10:53:28","date_gmt":"2017-10-03T08:53:28","guid":{"rendered":"https:\/\/www.jsv-bernau.de\/jsv\/?p=5759"},"modified":"2017-11-08T11:04:41","modified_gmt":"2017-11-08T10:04:41","slug":"rainer-pruefig-holt-den-5-platz-bei-der-senioren-wm-in-olbia-sardinien","status":"publish","type":"post","link":"https:\/\/www.jsv-bernau.de\/jsv\/rainer-pruefig-holt-den-5-platz-bei-der-senioren-wm-in-olbia-sardinien\/","title":{"rendered":"Rainer Pr\u00fcfig holt den 5. Platz bei der Senioren-WM in Olbia (Sardinien)"},"content":{"rendered":"<p>Zu der vom 30.09. &#8211; 03.10. in Olbia (Sardinien) stattfindenden Judo \u2013 WM der Altersgruppen&nbsp; 30+, haben vom JSV Bernau zwei erfahrene Wettk\u00e4mpfer den Weg angetreten. Gut vorbereitet durch den Bernauer Trainerstab, folgten der amtierenden Deutschen Meister- Rainer Pr\u00fcfig und der 3. Platzierte Frank Kube dem Ruf nach Olbia. Die World Judo Championship for Masters (\u00dc30 +) wird seit 2009, j\u00e4hrlich durch den Judo Weltverband \u2013 IJF als offizielle Weltmeisterschaft ausgerichtet. Dieses Jahr traten rund 1000 Wettk\u00e4mpfer aus 60 Nationen an.<\/p>\n<p>Die beiden Bernauer gingen bis 90 kg, in der Altergruppe M6 (55 \u2013 59 Jahre) an den Start. In dem Fall waren es 19 Wettk\u00e4mpfer. Die angetretenen Starter ermittelten aus 4 Pools jeweils einen Halbfinalteilnehmer. F\u00fcr Rainer Pr\u00fcfig lief es gut an. Nach schnellem Auftaktsieg gegen einen US-Amerikaner, durch seine links geworfenen Spezialtechnik und Festhalte, musste im 2 Kampf alle Kondition und Technik her. Der sehr kompakt stehende Ukrainer ging sogar in F\u00fchrung. Die letzten 30 Sekunden konnte aber die F\u00fchrung egalisiert werden und es ging in den \u201eGolden Score\u201c. Die erste Wertung entscheidet. Am Ende ging Rainer Pr\u00fcfig als Poolsieger von der Matte. Im Halbfinale stand ein Vertreter der Franz\u00f6sischen Judoliga als Gegner auf der Tatami (Judomatte). Auch der Kampf ging \u00fcber die volle Zeit. Rainer Pr\u00fcfig ging mit einer sch\u00f6nen Wurfkombination Uchi-Mata\/Ko-Uchi-Gari (Innenfu\u00dfsichel) in F\u00fchrung, wurde dann aber zweimal ausgekontert und musste auch hier eine R\u00fcckstand aufholen. Was auch wieder mit einem linken Uchi-Mata gelang. Am Ende f\u00fchrte eine Unachtsamkeit am Boden, kurz vor Ablauf der Wettkampfzeit zu einer Festhalte, aus der es kein Entkommen gab. Damit war der Finaleinzug dahin. Aber es bestand noch die Chance um Platz 3 zu k\u00e4mpfen. Leider konnte das Recht nicht genutzt werden, da eine Zerrung aus dem Halbfinale das verhinderte. Es bleibt ein kleiner Trost, einen 5. Platz bei einer IJF Judo WM in einem starken Teilnehmerfeld errungen zu haben.<\/p>\n<p>F\u00fcr Frank Kube verlief der Erstrundenkampf mehr als ungl\u00fccklich. Auch er musste hier gegen einen stark aufgestellten US-Amerikaner ran. Durch einen tiefen Seoi-Nage (Schulterwurf) ging der US-Amerikaner nach kurzen Abtasten in F\u00fchrung. Frank Kube konterte den aber mit O-Uchi-Gari, einer perfekt ausgef\u00fchrten Innensichel, f\u00fcr die es auch den Gesamtsieg h\u00e4tte geben k\u00f6nnen. Am Ende war es nur der Ausgleich und auch hier ging es in den \u201eGolden Score\u201c. Der Kampf wurde dann am Boden entschieden, als Frank Kube eine W\u00fcrge nicht verhindern konnte. Da der Amerikaner jedoch einen starken Kampf abgeliefert hat, bestand die Hoffnung f\u00fcr den Umweg \u00fcber die Trostrunde um dann auch um Platz 3 k\u00e4mpfen zu k\u00f6nnen. Da der Amerikaner jedoch im Folgekampf nicht antrat, ging damit die Entscheidung kampflos an den Gegner und Frank Kube war raus. Was sehr schade war, denn es war diesmal mehr drin. Am Ende bleibt eine sch\u00f6ne Erfahrung an einem gro\u00dfen Event auf internationaler Ebene f\u00fcr den Deutschen Judobund und insbesondere f\u00fcr den Bernauer Judoverein Pr\u00e4senz gezeigt zu haben.<\/p>\n<p>&nbsp;<\/p>\n<div id='gallery-1' class='gallery galleryid-5759 gallery-columns-4 gallery-size-thumbnail'><dl class='gallery-item'>\n\t\t\t<dt class='gallery-icon portrait'>\n\t\t\t\t<a href='https:\/\/www.jsv-bernau.de\/jsv\/wp-content\/uploads\/post\/5759\/1_Plakat.jpg'><img loading=\"lazy\" decoding=\"async\" width=\"420\" height=\"280\" src=\"https:\/\/www.jsv-bernau.de\/jsv\/wp-content\/uploads\/post\/5759\/1_Plakat-420x280.jpg\" class=\"attachment-thumbnail size-thumbnail\" alt=\"\" \/><\/a>\n\t\t\t<\/dt><\/dl><dl class='gallery-item'>\n\t\t\t<dt class='gallery-icon landscape'>\n\t\t\t\t<a href='https:\/\/www.jsv-bernau.de\/jsv\/wp-content\/uploads\/post\/5759\/2_Hotel_Unterkunft.jpg'><img loading=\"lazy\" decoding=\"async\" width=\"420\" height=\"280\" src=\"https:\/\/www.jsv-bernau.de\/jsv\/wp-content\/uploads\/post\/5759\/2_Hotel_Unterkunft-420x280.jpg\" class=\"attachment-thumbnail size-thumbnail\" alt=\"\" srcset=\"https:\/\/www.jsv-bernau.de\/jsv\/wp-content\/uploads\/post\/5759\/2_Hotel_Unterkunft-420x280.jpg 420w, https:\/\/www.jsv-bernau.de\/jsv\/wp-content\/uploads\/post\/5759\/2_Hotel_Unterkunft-840x560.jpg 840w\" sizes=\"auto, (max-width: 420px) 100vw, 420px\" \/><\/a>\n\t\t\t<\/dt><\/dl><dl class='gallery-item'>\n\t\t\t<dt class='gallery-icon portrait'>\n\t\t\t\t<a href='https:\/\/www.jsv-bernau.de\/jsv\/wp-content\/uploads\/post\/5759\/3_Hotel-innen.jpg'><img loading=\"lazy\" decoding=\"async\" width=\"420\" height=\"280\" src=\"https:\/\/www.jsv-bernau.de\/jsv\/wp-content\/uploads\/post\/5759\/3_Hotel-innen-420x280.jpg\" class=\"attachment-thumbnail size-thumbnail\" alt=\"\" \/><\/a>\n\t\t\t<\/dt><\/dl><dl class='gallery-item'>\n\t\t\t<dt class='gallery-icon portrait'>\n\t\t\t\t<a href='https:\/\/www.jsv-bernau.de\/jsv\/wp-content\/uploads\/post\/5759\/4_Geo_Village_Turnierort.jpg'><img loading=\"lazy\" decoding=\"async\" width=\"420\" height=\"280\" src=\"https:\/\/www.jsv-bernau.de\/jsv\/wp-content\/uploads\/post\/5759\/4_Geo_Village_Turnierort-420x280.jpg\" class=\"attachment-thumbnail size-thumbnail\" alt=\"\" \/><\/a>\n\t\t\t<\/dt><\/dl><br style=\"clear: both\" \/><dl class='gallery-item'>\n\t\t\t<dt class='gallery-icon landscape'>\n\t\t\t\t<a href='https:\/\/www.jsv-bernau.de\/jsv\/wp-content\/uploads\/post\/5759\/5_Halle.jpg'><img loading=\"lazy\" decoding=\"async\" width=\"420\" height=\"280\" src=\"https:\/\/www.jsv-bernau.de\/jsv\/wp-content\/uploads\/post\/5759\/5_Halle-420x280.jpg\" class=\"attachment-thumbnail size-thumbnail\" alt=\"\" srcset=\"https:\/\/www.jsv-bernau.de\/jsv\/wp-content\/uploads\/post\/5759\/5_Halle-420x280.jpg 420w, https:\/\/www.jsv-bernau.de\/jsv\/wp-content\/uploads\/post\/5759\/5_Halle-840x560.jpg 840w, https:\/\/www.jsv-bernau.de\/jsv\/wp-content\/uploads\/post\/5759\/5_Halle-1200x800.jpg 1200w\" sizes=\"auto, (max-width: 420px) 100vw, 420px\" \/><\/a>\n\t\t\t<\/dt><\/dl><dl class='gallery-item'>\n\t\t\t<dt class='gallery-icon landscape'>\n\t\t\t\t<a href='https:\/\/www.jsv-bernau.de\/jsv\/wp-content\/uploads\/post\/5759\/6_Halle.jpg'><img loading=\"lazy\" decoding=\"async\" width=\"420\" height=\"280\" src=\"https:\/\/www.jsv-bernau.de\/jsv\/wp-content\/uploads\/post\/5759\/6_Halle-420x280.jpg\" class=\"attachment-thumbnail size-thumbnail\" alt=\"\" srcset=\"https:\/\/www.jsv-bernau.de\/jsv\/wp-content\/uploads\/post\/5759\/6_Halle-420x280.jpg 420w, https:\/\/www.jsv-bernau.de\/jsv\/wp-content\/uploads\/post\/5759\/6_Halle-840x560.jpg 840w\" sizes=\"auto, (max-width: 420px) 100vw, 420px\" \/><\/a>\n\t\t\t<\/dt><\/dl><dl class='gallery-item'>\n\t\t\t<dt class='gallery-icon portrait'>\n\t\t\t\t<a href='https:\/\/www.jsv-bernau.de\/jsv\/wp-content\/uploads\/post\/5759\/7_Vor-dem-Beginn.jpg'><img loading=\"lazy\" decoding=\"async\" width=\"420\" height=\"280\" src=\"https:\/\/www.jsv-bernau.de\/jsv\/wp-content\/uploads\/post\/5759\/7_Vor-dem-Beginn-420x280.jpg\" class=\"attachment-thumbnail size-thumbnail\" alt=\"\" \/><\/a>\n\t\t\t<\/dt><\/dl><dl class='gallery-item'>\n\t\t\t<dt class='gallery-icon landscape'>\n\t\t\t\t<a href='https:\/\/www.jsv-bernau.de\/jsv\/wp-content\/uploads\/post\/5759\/8_Olbia-von-Oben.jpg'><img loading=\"lazy\" decoding=\"async\" width=\"420\" height=\"280\" src=\"https:\/\/www.jsv-bernau.de\/jsv\/wp-content\/uploads\/post\/5759\/8_Olbia-von-Oben-420x280.jpg\" class=\"attachment-thumbnail size-thumbnail\" alt=\"\" srcset=\"https:\/\/www.jsv-bernau.de\/jsv\/wp-content\/uploads\/post\/5759\/8_Olbia-von-Oben-420x280.jpg 420w, https:\/\/www.jsv-bernau.de\/jsv\/wp-content\/uploads\/post\/5759\/8_Olbia-von-Oben-840x560.jpg 840w\" sizes=\"auto, (max-width: 420px) 100vw, 420px\" \/><\/a>\n\t\t\t<\/dt><\/dl><br style=\"clear: both\" \/>\n\t\t<\/div>\n\n","protected":false},"excerpt":{"rendered":"<p>Zu der vom 30.09. &#8211; 03.10. in Olbia (Sardinien) stattfindenden Judo \u2013 WM der Altersgruppen&nbsp; 30+, haben vom JSV Bernau zwei erfahrene Wettk\u00e4mpfer den Weg angetreten. Gut vorbereitet durch den Bernauer Trainerstab, folgten der amtierenden Deutschen Meister- Rainer Pr\u00fcfig und der 3. Platzierte Frank Kube dem Ruf nach Olbia. Die World Judo Championship for Masters (\u00dc30 +) wird seit 2009, j\u00e4hrlich durch den Judo Weltverband \u2013 IJF als offizielle Weltmeisterschaft ausgerichtet. Dieses Jahr traten rund 1000 Wettk\u00e4mpfer aus 60 Nationen an. Die beiden Bernauer gingen bis 90 kg, in der Altergruppe M6 (55 \u2013 59 Jahre) an den Start. In dem Fall waren es 19 Wettk\u00e4mpfer. Die angetretenen Starter ermittelten aus 4 Pools jeweils einen Halbfinalteilnehmer. F\u00fcr Rainer Pr\u00fcfig lief es gut an. Nach schnellem Auftaktsieg gegen einen US-Amerikaner, durch seine links geworfenen Spezialtechnik und Festhalte, musste im 2 Kampf alle Kondition und Technik her. Der sehr kompakt stehende Ukrainer ging sogar in F\u00fchrung. Die letzten 30 Sekunden konnte aber die F\u00fchrung egalisiert werden und es ging in den \u201eGolden Score\u201c. Die erste Wertung entscheidet. &hellip;<\/p>\n","protected":false},"author":16,"featured_media":5760,"comment_status":"closed","ping_status":"open","sticky":false,"template":"","format":"standard","meta":{"ngg_post_thumbnail":0,"jetpack_post_was_ever_published":false,"_jetpack_newsletter_access":"","_jetpack_dont_email_post_to_subs":false,"_jetpack_newsletter_tier_id":0,"_jetpack_memberships_contains_paywalled_content":false,"_jetpack_memberships_contains_paid_content":false,"footnotes":""},"categories":[1,3,5],"tags":[146,509,147,508],"class_list":["post-5759","post","type-post","status-publish","format-standard","has-post-thumbnail","hentry","category-allgemein","category-ergebnisse","category-news","tag-frank-kube","tag-olbia","tag-rainer-pruefig","tag-wm"],"jetpack_featured_media_url":"https:\/\/www.jsv-bernau.de\/jsv\/wp-content\/uploads\/post\/5759\/Beitragsbild.jpg","jetpack_shortlink":"https:\/\/wp.me\/p5TGCK-1uT","jetpack_sharing_enabled":true,"_links":{"self":[{"href":"https:\/\/www.jsv-bernau.de\/jsv\/wp-json\/wp\/v2\/posts\/5759","targetHints":{"allow":["GET"]}}],"collection":[{"href":"https:\/\/www.jsv-bernau.de\/jsv\/wp-json\/wp\/v2\/posts"}],"about":[{"href":"https:\/\/www.jsv-bernau.de\/jsv\/wp-json\/wp\/v2\/types\/post"}],"author":[{"embeddable":true,"href":"https:\/\/www.jsv-bernau.de\/jsv\/wp-json\/wp\/v2\/users\/16"}],"replies":[{"embeddable":true,"href":"https:\/\/www.jsv-bernau.de\/jsv\/wp-json\/wp\/v2\/comments?post=5759"}],"version-history":[{"count":3,"href":"https:\/\/www.jsv-bernau.de\/jsv\/wp-json\/wp\/v2\/posts\/5759\/revisions"}],"predecessor-version":[{"id":5771,"href":"https:\/\/www.jsv-bernau.de\/jsv\/wp-json\/wp\/v2\/posts\/5759\/revisions\/5771"}],"wp:featuredmedia":[{"embeddable":true,"href":"https:\/\/www.jsv-bernau.de\/jsv\/wp-json\/wp\/v2\/media\/5760"}],"wp:attachment":[{"href":"https:\/\/www.jsv-bernau.de\/jsv\/wp-json\/wp\/v2\/media?parent=5759"}],"wp:term":[{"taxonomy":"category","embeddable":true,"href":"https:\/\/www.jsv-bernau.de\/jsv\/wp-json\/wp\/v2\/categories?post=5759"},{"taxonomy":"post_tag","embeddable":true,"href":"https:\/\/www.jsv-bernau.de\/jsv\/wp-json\/wp\/v2\/tags?post=5759"}],"curies":[{"name":"wp","href":"https:\/\/api.w.org\/{rel}","templated":true}]}}