{"id":604,"date":"2012-02-18T18:24:25","date_gmt":"2012-02-18T18:24:25","guid":{"rendered":"https:\/\/www.jsv-bernau.de\/jsv\/?p=604"},"modified":"2015-05-12T09:01:09","modified_gmt":"2015-05-12T07:01:09","slug":"masters-vom-psv-bernau-beim-5-generationenturnier-2012-in-halle-erfolgreich","status":"publish","type":"post","link":"https:\/\/www.jsv-bernau.de\/jsv\/masters-vom-psv-bernau-beim-5-generationenturnier-2012-in-halle-erfolgreich\/","title":{"rendered":"Masters vom PSV Bernau beim 5. Generationenturnier 2012 in Halle erfolgreich"},"content":{"rendered":"<p>Am 18.02.2012 fand zum 5. mal das Generationenturnier f\u00fcr Judoka \u00fcber 30 und \u00fcber 45 Jahre statt und war mit ca. 90 Judoka aus dem gesamten Bundesgebiet sowie Tschechien und \u00d6sterreich gut besetzt.<\/p>\n<p>Ein 2. und drei 3. Pl\u00e4tze waren der Lohn f\u00fcr das intensive Training der vergangenen Wochen unter Anleitung der Trainer Ralf Bannier und Frank Opitz.<\/p>\n<p>F\u00fcr die Judoka Sascha Rebbin, Ralf Krakowitz, Rainer Pr\u00fcfig, Frank Kube und Sigmar Klamann ging es unter Anleitung von Coach Ralf Bannier in erster Linie um eine erste Standortbestimmung des Leistungsstandes f\u00fcr die im April 2012 in Berlin stattfindenden Deutschen Meisterschaften der \u00dc30. Um so erfreulicher waren die erreichten Platzierungen.<!--more--><\/p>\n<p>F\u00fcr Sascha war es nach vielen Jahren wieder der erster Wettkampf. In der stark besetzen Altersklasse \u00dc30 bis 90 kg konnte Sascha einen guten 3. Platz erk\u00e4mpfen und hat noch Potential nach oben.<\/p>\n<p>Auch Ralf k\u00e4mpfte in der gleichen Alters- und Gewichtsklasse, allerdings in einem anderen Pool. Er tat dies mit viel Mut und hoher Risikobereitschaft, die leider noch nicht belohnt worden ist, aber er ist auf den richtigen Weg und wird wohl bald den ersten Dantr\u00e4ger besiegen k\u00f6nnen.<\/p>\n<p>Rainer der in der Altersklasse \u00dc45 bis 90 kg startete, konnte sich einen hervorragenden 3. Platz erk\u00e4mpfen. Im ersten Kampf gegen einen starken Slovaken noch unterlegen, steigerte sich Rainer und kam wohlverdient aufs Treppchen.<\/p>\n<p>F\u00fcr Frank der in der Altersklasse \u00dc45 bis 100 kg k\u00e4mpfte begann der Wettkampf etwas ungl\u00fccklich, er verlor den ersten Wettkampf durch Kampfrichterentscheid mit 2 zu 1. Danach startete Frank durch und belegte verdient einen 3. Platz.<\/p>\n<p>Sigmar, der inoffiziell \u00e4lteste aktive Wettk\u00e4mpfer starte \u00fcberzeugend, war aber im entscheidenden Augenblick im Finalkampf unaufmerksam und verlor unmittelbar nach dem Kommando Hajime. Damit war der Turniersieg dahin, aber ein 2. Platz war mehr als erwartet.<\/p>\n<p>Insgesamt zeigten alle gestarteten Judoka f\u00fcr den Jahresauftakt eine ansprechende Leistung, die es im Hinblick auf die anstehenden Deutschen Meisterschaften noch zu verbessern gilt.<\/p>\n","protected":false},"excerpt":{"rendered":"<p>Am 18.02.2012 fand zum 5. mal das Generationenturnier f\u00fcr Judoka \u00fcber 30 und \u00fcber 45 Jahre statt und war mit ca. 90 Judoka aus dem gesamten Bundesgebiet sowie Tschechien und \u00d6sterreich gut besetzt. Ein 2. und drei 3. Pl\u00e4tze waren der Lohn f\u00fcr das intensive Training der vergangenen Wochen unter Anleitung der Trainer Ralf Bannier und Frank Opitz. F\u00fcr die Judoka Sascha Rebbin, Ralf Krakowitz, Rainer Pr\u00fcfig, Frank Kube und Sigmar Klamann ging es unter Anleitung von Coach Ralf Bannier in erster Linie um eine erste Standortbestimmung des Leistungsstandes f\u00fcr die im April 2012 in Berlin stattfindenden Deutschen Meisterschaften der \u00dc30. Um so erfreulicher waren die erreichten Platzierungen.<\/p>\n","protected":false},"author":12,"featured_media":605,"comment_status":"closed","ping_status":"open","sticky":false,"template":"","format":"standard","meta":{"ngg_post_thumbnail":0,"jetpack_post_was_ever_published":false,"_jetpack_newsletter_access":"","_jetpack_dont_email_post_to_subs":false,"_jetpack_newsletter_tier_id":0,"_jetpack_memberships_contains_paywalled_content":false,"_jetpack_memberships_contains_paid_content":false,"footnotes":""},"categories":[3],"tags":[185,243,244,161,245,162,128,231,34,246],"class_list":["post-604","post","type-post","status-publish","format-standard","has-post-thumbnail","hentry","category-ergebnisse","tag-bannier","tag-generationenturnier","tag-halle","tag-klamann","tag-krakowitz","tag-kube","tag-opitz","tag-rebbin","tag-ue30","tag-ue45"],"jetpack_featured_media_url":"https:\/\/www.jsv-bernau.de\/jsv\/wp-content\/uploads\/post\/604\/bild01.jpg","jetpack_shortlink":"https:\/\/wp.me\/p5TGCK-9K","jetpack_sharing_enabled":true,"_links":{"self":[{"href":"https:\/\/www.jsv-bernau.de\/jsv\/wp-json\/wp\/v2\/posts\/604","targetHints":{"allow":["GET"]}}],"collection":[{"href":"https:\/\/www.jsv-bernau.de\/jsv\/wp-json\/wp\/v2\/posts"}],"about":[{"href":"https:\/\/www.jsv-bernau.de\/jsv\/wp-json\/wp\/v2\/types\/post"}],"author":[{"embeddable":true,"href":"https:\/\/www.jsv-bernau.de\/jsv\/wp-json\/wp\/v2\/users\/12"}],"replies":[{"embeddable":true,"href":"https:\/\/www.jsv-bernau.de\/jsv\/wp-json\/wp\/v2\/comments?post=604"}],"version-history":[{"count":2,"href":"https:\/\/www.jsv-bernau.de\/jsv\/wp-json\/wp\/v2\/posts\/604\/revisions"}],"predecessor-version":[{"id":3291,"href":"https:\/\/www.jsv-bernau.de\/jsv\/wp-json\/wp\/v2\/posts\/604\/revisions\/3291"}],"wp:featuredmedia":[{"embeddable":true,"href":"https:\/\/www.jsv-bernau.de\/jsv\/wp-json\/wp\/v2\/media\/605"}],"wp:attachment":[{"href":"https:\/\/www.jsv-bernau.de\/jsv\/wp-json\/wp\/v2\/media?parent=604"}],"wp:term":[{"taxonomy":"category","embeddable":true,"href":"https:\/\/www.jsv-bernau.de\/jsv\/wp-json\/wp\/v2\/categories?post=604"},{"taxonomy":"post_tag","embeddable":true,"href":"https:\/\/www.jsv-bernau.de\/jsv\/wp-json\/wp\/v2\/tags?post=604"}],"curies":[{"name":"wp","href":"https:\/\/api.w.org\/{rel}","templated":true}]}}