{"id":629,"date":"2010-06-06T19:31:57","date_gmt":"2010-06-06T19:31:57","guid":{"rendered":"https:\/\/www.jsv-bernau.de\/jsv\/?p=629"},"modified":"2015-05-13T08:43:18","modified_gmt":"2015-05-13T06:43:18","slug":"franzi-und-michel-melden-sich-eindrucksvoll-zurueck","status":"publish","type":"post","link":"https:\/\/www.jsv-bernau.de\/jsv\/franzi-und-michel-melden-sich-eindrucksvoll-zurueck\/","title":{"rendered":"Franzi und Michel melden sich eindrucksvoll zur\u00fcck"},"content":{"rendered":"<p>Beim 15.Internationalen Tuzla-Cup, am 06.06.2010, hatten am Tag nach der U17 die Altersklasse U20 \/ M\u00e4nner und Frauen vom PSV Bernau ihr Stelldichein in Berlin Hellersdorf.<\/p>\n<p>Die Judoka aus Bernau starteten mit den j\u00fcngsten der U20 und bei den Frauen mit Franzi Pinske.<\/p>\n<p>Auch am zweiten Tag war attraktives Judo von K\u00e4mpfer aus vielen Nationen zu bestaunen, u.a. Judoka aus Russland, Polen, Schweden, Tschechien, D\u00e4nemark, Schweiz, Italien und aus fast allen deutschen Bundesl\u00e4ndern. Auf vier Matten ging es hei\u00df her, und das lag nicht nur am Wetter.<!--more--><\/p>\n<p>Nach den Erfolgen vom Vortag, sind die K\u00e4mpfer aus Bernau schwer in die G\u00e4nge gekommen.<\/p>\n<p>In der Gewichtsklasse bis 66kg mit 21 Teilnehmern, hat es gleich 3 Niederlagen f\u00fcr die Bernauer Starter Daniel J\u00e4ger, Michel Duckstein und Michel Daue gegeben. Was folgte war die Hoffnungsrunde, in der Michel zu alter St\u00e4rke zur\u00fcck fand. Er schaffte es seine Nervosit\u00e4t abzulegen und startete voll durch.<\/p>\n<p>Die f\u00fcnf K\u00e4mpfe in der Hoffnungsrunde gestaltete Michel sehr abwechslungsreich. So bezwang er Kreisch aus K\u00f6nigs-Wusterhausen und Kranisch, BC-Randori mit Festhalte, darauf den starken Polen Marcin mit Ura-Nage (einem R\u00fcckwurf).<\/p>\n<p>Das er auch gute Techniken im Stand beherrscht, zeigte er mit einem Schulter- und um Platz drei mit einem H\u00fcftwurf gegen Paris aus Berlin und Wilhelm aus Schmalkalden. Der Lohn war die mehr als verdiente Bronzemedaille am Ende der Veranstaltung. Die beiden anderen Bernauer K\u00e4mpfer in dieser Gewichtsklasse haben stark gefightet, gingen aber an diesem Tag leider leer aus.<\/p>\n<p>Die n\u00e4chsten jungen Starter hatte Trainer Ott, in der Gewichtsklasse -90kg mit Paul Weber-Markert und -100kg Enrico Wittwer, am Start.<\/p>\n<p>Sie zahlten an diesem Tag Lehrgeld, denn gegen diese starke Konkurrenz schafften sie es nicht, ihren Griff und Kampfstil durchzusetzen.<\/p>\n<p>Bei ihren Trainingsflei\u00df wird es aber nicht mehr lange dauern und sie werden den \u00e4lteren und erfahrenen K\u00e4mpfern ernsthaft Paroli bieten. Es folgte die einzige Bernauer Starterin an diesem Tag. Franziska Pinske startete eine Gewichtsklasse h\u00f6her wie gewohnt. Durch die letzten Wettk\u00e4mpfe etwas verunsichert, aber vom Trainer stark geredet, brannte sie in der Gewichtsklasse -52kg ein Feuerwerk auf der Tatami ab. Sie sollte sich auf ihre St\u00e4rken besinnen und nicht und nicht zu viel gr\u00fcbeln.<\/p>\n<p>Gleich im ersten Kampf gegen Tina Hohlfeld vom PSV Kamenz, K\u00e4mpferin in der 1.Bundesliga\/S\u00fcdstaffel, packte sie den Fu\u00dffeger aus und gewann vorzeitig. Bis ins Finale war es dann eine Auseinandersetzung zwischen Franzi und Polen.<\/p>\n<p>Denn in den nachfolgenden und siegreichen K\u00e4mpfen gegen Witon Pol., Kowalczyk Pol. und im Finale Jazdonczyk Pol., sollte die Bernauerin in Polen jetzt bestens bekannt sein. Mit wunderbaren Techniken, dem Goshi (H\u00fcftwurf), Gaeshi-techniken (Gegentechniken), Konter und Fu\u00dfw\u00fcrfen zeigte Franzi wieder ihr wahres Gesicht und gewann \u00fcbergl\u00fccklich alle ihre K\u00e4mpfe vorzeitig.<\/p>\n<p>Gute Besserung w\u00fcnschen wir auf diesem Wege Enrico Wittwer und Michel Daue die sich beim Wettkampf ernsthaft verletzt haben.<\/p>\n<p><a href=\"https:\/\/www.jsv-bernau.de\/jsv\/wp-content\/uploads\/post\/629\/franzi-tuzla.jpg\"><img loading=\"lazy\" decoding=\"async\" class=\"colorbox-000629 alignleft wp-image-631 size-medium\" src=\"https:\/\/www.jsv-bernau.de\/jsv\/wp-content\/uploads\/post\/629\/franzi-tuzla-330x357.jpg\" alt=\"franzi-tuzla\" width=\"330\" height=\"357\" \/><\/a> <a href=\"https:\/\/www.jsv-bernau.de\/jsv\/wp-content\/uploads\/post\/629\/michel_tuzla.jpg\"><img loading=\"lazy\" decoding=\"async\" class=\"colorbox-000629 alignleft wp-image-632 size-medium\" src=\"https:\/\/www.jsv-bernau.de\/jsv\/wp-content\/uploads\/post\/629\/michel_tuzla-330x297.jpg\" alt=\"michel_tuzla\" width=\"330\" height=\"297\" \/><\/a><\/p>\n","protected":false},"excerpt":{"rendered":"<p>Beim 15.Internationalen Tuzla-Cup, am 06.06.2010, hatten am Tag nach der U17 die Altersklasse U20 \/ M\u00e4nner und Frauen vom PSV Bernau ihr Stelldichein in Berlin Hellersdorf. Die Judoka aus Bernau starteten mit den j\u00fcngsten der U20 und bei den Frauen mit Franzi Pinske. Auch am zweiten Tag war attraktives Judo von K\u00e4mpfer aus vielen Nationen zu bestaunen, u.a. Judoka aus Russland, Polen, Schweden, Tschechien, D\u00e4nemark, Schweiz, Italien und aus fast allen deutschen Bundesl\u00e4ndern. Auf vier Matten ging es hei\u00df her, und das lag nicht nur am Wetter.<\/p>\n","protected":false},"author":6,"featured_media":630,"comment_status":"closed","ping_status":"open","sticky":false,"template":"","format":"standard","meta":{"ngg_post_thumbnail":0,"jetpack_post_was_ever_published":false,"_jetpack_newsletter_access":"","_jetpack_dont_email_post_to_subs":false,"_jetpack_newsletter_tier_id":0,"_jetpack_memberships_contains_paywalled_content":false,"_jetpack_memberships_contains_paid_content":false,"footnotes":""},"categories":[3],"tags":[67,227,23,234,22,99,192,142,49,66,64,65],"class_list":["post-629","post","type-post","status-publish","format-standard","has-post-thumbnail","hentry","category-ergebnisse","tag-daue","tag-duckstein","tag-frauen","tag-jaeger","tag-maenner","tag-ott","tag-pinske","tag-tuzla-cup","tag-u17","tag-u20","tag-weber-markert","tag-wittwer"],"jetpack_featured_media_url":"https:\/\/www.jsv-bernau.de\/jsv\/wp-content\/uploads\/post\/629\/franzi_michel.jpg","jetpack_shortlink":"https:\/\/wp.me\/p5TGCK-a9","jetpack_sharing_enabled":true,"_links":{"self":[{"href":"https:\/\/www.jsv-bernau.de\/jsv\/wp-json\/wp\/v2\/posts\/629","targetHints":{"allow":["GET"]}}],"collection":[{"href":"https:\/\/www.jsv-bernau.de\/jsv\/wp-json\/wp\/v2\/posts"}],"about":[{"href":"https:\/\/www.jsv-bernau.de\/jsv\/wp-json\/wp\/v2\/types\/post"}],"author":[{"embeddable":true,"href":"https:\/\/www.jsv-bernau.de\/jsv\/wp-json\/wp\/v2\/users\/6"}],"replies":[{"embeddable":true,"href":"https:\/\/www.jsv-bernau.de\/jsv\/wp-json\/wp\/v2\/comments?post=629"}],"version-history":[{"count":1,"href":"https:\/\/www.jsv-bernau.de\/jsv\/wp-json\/wp\/v2\/posts\/629\/revisions"}],"predecessor-version":[{"id":3366,"href":"https:\/\/www.jsv-bernau.de\/jsv\/wp-json\/wp\/v2\/posts\/629\/revisions\/3366"}],"wp:featuredmedia":[{"embeddable":true,"href":"https:\/\/www.jsv-bernau.de\/jsv\/wp-json\/wp\/v2\/media\/630"}],"wp:attachment":[{"href":"https:\/\/www.jsv-bernau.de\/jsv\/wp-json\/wp\/v2\/media?parent=629"}],"wp:term":[{"taxonomy":"category","embeddable":true,"href":"https:\/\/www.jsv-bernau.de\/jsv\/wp-json\/wp\/v2\/categories?post=629"},{"taxonomy":"post_tag","embeddable":true,"href":"https:\/\/www.jsv-bernau.de\/jsv\/wp-json\/wp\/v2\/tags?post=629"}],"curies":[{"name":"wp","href":"https:\/\/api.w.org\/{rel}","templated":true}]}}