{"id":667,"date":"2011-01-22T15:10:19","date_gmt":"2011-01-22T15:10:19","guid":{"rendered":"https:\/\/www.jsv-bernau.de\/jsv\/?p=667"},"modified":"2015-05-13T07:52:09","modified_gmt":"2015-05-13T05:52:09","slug":"7-platz-fuer-franziska-pinske","status":"publish","type":"post","link":"https:\/\/www.jsv-bernau.de\/jsv\/7-platz-fuer-franziska-pinske\/","title":{"rendered":"7. Platz f\u00fcr Franziska Pinske"},"content":{"rendered":"<p>Bei den Deutschen Einzelmeisterschaften 2011 der M\u00e4nner und Frauen in Ettlingen belegte Franziska Pinske den 7. Platz.<\/p>\n<p>Im Badischen Ettlingen traf sich am Wochenende, vom 21.-23.01.2011 die deutsche Judo-Elite zum Stelldichein. Der Ausrichter erwartete 2000-3000 Besucher in der Albgauhalle und versprach: \u201eWir wollen, dass Ettlingen vibriert\u201c. Dass es vibrierte und vor Spannung knisterte, daf\u00fcr sorgten die besten 230 Judoka Deutschlands.<\/p>\n<p>Die Wettk\u00e4mpfe fanden in Bl\u00f6cken und parallel auf vier Matten statt. Als Hallensprecher f\u00fchrte der durch das ZDF und Eurosport bekannte Sportjournalist und ehemalige Judoka Alexander von der Groeben das Kampfgeschehen f\u00fcr Neueinsteiger und weniger Judo-Versierte.<!--more--><\/p>\n<p>So auch auf Matte eins, wo Franziska Pinske es erneut geschafft hat, sich zu diesem Jahreshighlight in der Gewichtsklasse bis 48 kg zu qualifizieren. Eine Fu\u00dfgelenksverletzung sorgte bei der Bernauerin f\u00fcr eine nicht optimale Vorbereitung zu den Meisterschaften. Gest\u00e4rkt durch die letzten tollen Erfolge wollte Franzi nahtlos da weitermachen wo sie im letzten Jahr aufgeh\u00f6rt hat. Die Auslosung versprach nichts Gutes, denn gleich im ersten Kampf wartete die Drittplazierte der letzten Meisterschaft und Teilnehmerin der Weltmeisterschaft U20 Sonja Wirth aus Nordrhein-Westfalen, gegen die Franzi bisher nicht gewinnen konnte.<\/p>\n<p>Hochkonzentriert und vom Heimtrainer Ott gut eingestellt, lie\u00df Franzi die sonst siegesbewusste Wirth fast verzweifeln und brachte sie an den Rand einer Niederlage. Nach gek\u00e4mpften 5 Minuten stand es im brisanten Kampf unentschieden und es kam zum Golden Score, wo die erste erzielte Wertung den Kampf beendet. Eine vermeintlich sichere aber dennoch entscheidende Mattenrandsituation, als Franzi einen Angriff zum Innenschenkelwurf ansetzte, nutzte die Gegnerin zum kontern. Wof\u00fcr sie eine kleine Wertung bekam und den Kampf gewann.<\/p>\n<p>Super gek\u00e4mpft und dennoch verloren. Tief entt\u00e4uscht ging es in die Hoffnungsrunde. Dort setzte Franzi wieder ihre Waffen, den O-Uchi-Gari (Innenschenkelwurf) und den Goshi (H\u00fcftwurf) ein, und gewann eindrucksvoll gegen Jennifer Grimmer aus Hessen. Um jetzt noch den Sprung aufs Treppchen zu schaffen oder das selbst ernannte Ziel, Platz f\u00fcnf zu erreichen, musste nun Katharina Menz aus W\u00fcrttemberg besiegt werden. Das es gegen die Vizeweltmeisterin 2009-U20 und 5.-platzierte der WM 2010-U23 nicht einfach wird, war Sportlerin und Trainer klar. Wie anfangs erw\u00e4hnt war Fortuna bei der Auslosung wahrlich nicht f\u00fcr die Bernauer unterwegs gewesen. Vorsichtig agierend und respektvoll ging Franzi den Kampf an. Beide schenkten sich nichts und der Kampf war lange ausgeglichen. Gegen Ende des Kampfes war es ein Harai-Maki-Komi (Selbstfallopfertechnik) von Menz, die Franzi zu Boden warf. Den daf\u00fcr bekommenen Wazari (halber Punkt) konnte Franzi nicht mehr aufholen. Sie warf danach zwar alles in die Waagschale, ackerte und rackerte aber letztendlich vergebens.<\/p>\n<p>Wieder unter die TOP SEVEN in Deutschland und der Gewissheit mit den Nationalkadern mithalten zu k\u00f6nnen ging es wieder zur\u00fcck in das 750 km entfernte Bernau, wo sie tags darauf als Betreuer bei der Landesmeisterschaft U20 ihren Mann\/Frau stand.<\/p>\n<p><a href=\"https:\/\/www.jsv-bernau.de\/jsv\/wp-content\/uploads\/post\/667\/DEM-2011-001.jpg\"><img loading=\"lazy\" decoding=\"async\" class=\"colorbox-000667 alignleft wp-image-669 size-medium\" src=\"https:\/\/www.jsv-bernau.de\/jsv\/wp-content\/uploads\/post\/667\/DEM-2011-001-330x247.jpg\" alt=\"DEM 2011 001\" width=\"330\" height=\"247\" \/><\/a> <a href=\"https:\/\/www.jsv-bernau.de\/jsv\/wp-content\/uploads\/post\/667\/DEM-2011-006.jpg\"><img loading=\"lazy\" decoding=\"async\" class=\"colorbox-000667 alignleft wp-image-670 size-medium\" src=\"https:\/\/www.jsv-bernau.de\/jsv\/wp-content\/uploads\/post\/667\/DEM-2011-006-330x247.jpg\" alt=\"DEM 2011 006\" width=\"330\" height=\"247\" \/><\/a><\/p>\n","protected":false},"excerpt":{"rendered":"<p>Bei den Deutschen Einzelmeisterschaften 2011 der M\u00e4nner und Frauen in Ettlingen belegte Franziska Pinske den 7. Platz. Im Badischen Ettlingen traf sich am Wochenende, vom 21.-23.01.2011 die deutsche Judo-Elite zum Stelldichein. Der Ausrichter erwartete 2000-3000 Besucher in der Albgauhalle und versprach: \u201eWir wollen, dass Ettlingen vibriert\u201c. Dass es vibrierte und vor Spannung knisterte, daf\u00fcr sorgten die besten 230 Judoka Deutschlands. Die Wettk\u00e4mpfe fanden in Bl\u00f6cken und parallel auf vier Matten statt. Als Hallensprecher f\u00fchrte der durch das ZDF und Eurosport bekannte Sportjournalist und ehemalige Judoka Alexander von der Groeben das Kampfgeschehen f\u00fcr Neueinsteiger und weniger Judo-Versierte.<\/p>\n","protected":false},"author":6,"featured_media":668,"comment_status":"closed","ping_status":"open","sticky":false,"template":"","format":"standard","meta":{"ngg_post_thumbnail":0,"jetpack_post_was_ever_published":false,"_jetpack_newsletter_access":"","_jetpack_dont_email_post_to_subs":false,"_jetpack_newsletter_tier_id":0,"_jetpack_memberships_contains_paywalled_content":false,"_jetpack_memberships_contains_paid_content":false,"footnotes":""},"categories":[3],"tags":[309,310,311,23,22,99,192],"class_list":["post-667","post","type-post","status-publish","format-standard","has-post-thumbnail","hentry","category-ergebnisse","tag-deutsch-einzelmeisterschaft","tag-deutsch-meisterschaft","tag-ettlingen","tag-frauen","tag-maenner","tag-ott","tag-pinske"],"jetpack_featured_media_url":"https:\/\/www.jsv-bernau.de\/jsv\/wp-content\/uploads\/post\/667\/DEM-2011-005.jpg","jetpack_shortlink":"https:\/\/wp.me\/p5TGCK-aL","jetpack_sharing_enabled":true,"_links":{"self":[{"href":"https:\/\/www.jsv-bernau.de\/jsv\/wp-json\/wp\/v2\/posts\/667","targetHints":{"allow":["GET"]}}],"collection":[{"href":"https:\/\/www.jsv-bernau.de\/jsv\/wp-json\/wp\/v2\/posts"}],"about":[{"href":"https:\/\/www.jsv-bernau.de\/jsv\/wp-json\/wp\/v2\/types\/post"}],"author":[{"embeddable":true,"href":"https:\/\/www.jsv-bernau.de\/jsv\/wp-json\/wp\/v2\/users\/6"}],"replies":[{"embeddable":true,"href":"https:\/\/www.jsv-bernau.de\/jsv\/wp-json\/wp\/v2\/comments?post=667"}],"version-history":[{"count":1,"href":"https:\/\/www.jsv-bernau.de\/jsv\/wp-json\/wp\/v2\/posts\/667\/revisions"}],"predecessor-version":[{"id":3344,"href":"https:\/\/www.jsv-bernau.de\/jsv\/wp-json\/wp\/v2\/posts\/667\/revisions\/3344"}],"wp:featuredmedia":[{"embeddable":true,"href":"https:\/\/www.jsv-bernau.de\/jsv\/wp-json\/wp\/v2\/media\/668"}],"wp:attachment":[{"href":"https:\/\/www.jsv-bernau.de\/jsv\/wp-json\/wp\/v2\/media?parent=667"}],"wp:term":[{"taxonomy":"category","embeddable":true,"href":"https:\/\/www.jsv-bernau.de\/jsv\/wp-json\/wp\/v2\/categories?post=667"},{"taxonomy":"post_tag","embeddable":true,"href":"https:\/\/www.jsv-bernau.de\/jsv\/wp-json\/wp\/v2\/tags?post=667"}],"curies":[{"name":"wp","href":"https:\/\/api.w.org\/{rel}","templated":true}]}}