{"id":6700,"date":"2019-01-28T22:43:40","date_gmt":"2019-01-28T21:43:40","guid":{"rendered":"https:\/\/www.jsv-bernau.de\/jsv\/?p=6700"},"modified":"2019-01-28T22:43:40","modified_gmt":"2019-01-28T21:43:40","slug":"maximilian-grumblat-holt-gold-bei-den-landeseinzelmeisterschaften-der-u18","status":"publish","type":"post","link":"https:\/\/www.jsv-bernau.de\/jsv\/maximilian-grumblat-holt-gold-bei-den-landeseinzelmeisterschaften-der-u18\/","title":{"rendered":"Maximilian Grumblat holt Gold bei den Landeseinzelmeisterschaften der U18"},"content":{"rendered":"<p>Am 26.01.19 fanden in Strausberg die Landesmeisterschaften der U15 und U18 in Strausberg statt.<\/p>\n<p>Die U15 startete am Vormittag versp\u00e4tet, weil (wie der Autor erfuhr) es \u00fcberraschend (im Winter) geschneit hatte und das Wiegen verl\u00e4ngert wurde.<\/p>\n<p>Unsere Starter konnten schwer in das Kampfjahr 2019 herein finden. So verloren Mathis Lange und Tim Burmeister ihre beiden K\u00e4mpfe, wobei Tim den ersten Kampf mit mehr Biss h\u00e4tte gewinnen k\u00f6nnen. Ilja Massarskij gewann einen seiner K\u00e4mpfe und verlor den anderen. Der letzte K\u00e4mpfer, Fares Ayyoub, durfte dreimal k\u00e4mpfen. Er gewann den ersten und verlor dann die beiden weiteren. Somit waren alle K\u00e4mpfer um einige Erfahrungen reicher, jedoch ohne Platzierung. Da half es auch nicht, dass Jonathan Becker als verletzter Fan mitgereist war und seine Sportskameraden anfeuerte.<\/p>\n<p>Als die Sportler der U18 in Strausberg ankamen, gab es in der Halle keinen Sauerstoff mehr zum Atmen f\u00fcr die Athleten und mitgereisten Begleiter. Die Halle war \u00fcberf\u00fcllt, es gab kaum ein durch kommen zu irgendeinem Platz und es war so warm, dass die Erw\u00e4rmung fast im Stehen h\u00e4tte ausgef\u00fchrt werden k\u00f6nnen. Obwohl das Wiegen p\u00fcnktlich begann, wurde nach der Siegerehrung der U15 noch Wartezeit als Spannungsbogen eingebaut. Auch gab es w\u00e4hrend der K\u00e4mpfe schwer zu verstehende Pausen in den einzelnen Gewichtsklassen. Die Durchf\u00fchrung einer Landesmeisterschaft kann in Strausberg noch verbessert werden.<\/p>\n<p>Dann begannen die K\u00e4mpfe. Anton Grellmann (55 kg) durfte als erster auf die Matte und kam schlecht rein. Er war zu steif durch die Aufregung und konnte zum Anfang gut mithalten und wurde dann mit einem Harai Goshi geworfen und verlor. Den zweiten Kampf verlor er dann durch Seoi Nage und im dritten Kampf konnte er zum Anfang dem Griff des Gegners noch was entgegensetzen, dann verlie\u00dfen ihn die Kr\u00e4fte, wurde geworfen und wurde Dritter.<\/p>\n<p>Hannes Katzorke k\u00e4mpfte mit seinen 39 kg in der Gewichtsklasse bis 43 kg. Der erste Gegner vom PSV Frankfurt\/ Oder war eine andere Liga als Hannes. Trotzdem k\u00e4mpfte er mutig und hielt dagegen, bis er im Boden in einen Streckhebel kam und abschlagen musste. Auch der zweite Gegner, welcher vom RSV Eintracht 1949 kam, kontrollierte den Kampf, brachte Hannes mit O Uchi Gari zu Fall und hielt ihn. Allerdings wurde die Wertung Waza Ari durch die Au\u00dfenrichter per Funk zur\u00fcck genommen und in einen Ippon verwandelt, sodass der Kampf beendet war. Der dritte Gegner, auch vom RSV, wog nur 34 kg, so dass Hannes ihn kontrollieren und zu Boden bringen konnte. Er ging gleich in die Festhalte \u00fcber und hielt ihn bis zum Sieg. Auch Hannes gewann den dritten Platz.<\/p>\n<p>Und dann kam Maximilian Grumblat in der \u00fc90 kg Klasse. Er ging entspannt auf die Matte, griff sich seinen Gegner, warf ihn mit einem Ko Uchi Gari, gewann mit Ippon, gab seinem Gegner die Hand und ging entspannt von der Matte. Der n\u00e4chste Gegner war schon h\u00f6her graduiert als Max, was jedoch nichts an Max\u00b4 Ruhe \u00e4nderte. Er nahm seine Fassart, brachte seinen Gegner zu Boden und arbeitete dort weiter. Dann ging es wieder in den Stand, wo er die F\u00fchrung des Gegners \u00fcbernahm und ihn mit einem O Soto Otoshi in den Boden und eine Festhalte brachte, wo es kein Entrinnen gab. Somit hei\u00dft der Landesmeister U18 \u00fcber 90 kg Maximilian Grumblat.<\/p>\n<p>Alle unsere K\u00e4mpfer haben sich f\u00fcr die Nordostdeutsche Einzelmeisterschaft am 16.02.19 in Frankfurt\/ Oder qualifiziert und wir dr\u00fccken ihnen die Daumen und bedanken uns bei den Trainern f\u00fcr die Vorbereitung und Betreuung bei den Wettk\u00e4mpfen. Jetzt gilt es das Training aufrechtzuerhalten oder sogar zu steigern.<\/p>\n<div id='gallery-1' class='gallery galleryid-6700 gallery-columns-4 gallery-size-thumbnail'><dl class='gallery-item'>\n\t\t\t<dt class='gallery-icon landscape'>\n\t\t\t\t<a href='https:\/\/www.jsv-bernau.de\/jsv\/wp-content\/uploads\/post\/6700\/DSC01152.jpg'><img loading=\"lazy\" decoding=\"async\" width=\"420\" height=\"280\" src=\"https:\/\/www.jsv-bernau.de\/jsv\/wp-content\/uploads\/post\/6700\/DSC01152-420x280.jpg\" class=\"attachment-thumbnail size-thumbnail\" alt=\"\" srcset=\"https:\/\/www.jsv-bernau.de\/jsv\/wp-content\/uploads\/post\/6700\/DSC01152-420x280.jpg 420w, https:\/\/www.jsv-bernau.de\/jsv\/wp-content\/uploads\/post\/6700\/DSC01152-840x560.jpg 840w, https:\/\/www.jsv-bernau.de\/jsv\/wp-content\/uploads\/post\/6700\/DSC01152-1200x800.jpg 1200w\" sizes=\"auto, (max-width: 420px) 100vw, 420px\" \/><\/a>\n\t\t\t<\/dt><\/dl><dl class='gallery-item'>\n\t\t\t<dt class='gallery-icon landscape'>\n\t\t\t\t<a href='https:\/\/www.jsv-bernau.de\/jsv\/wp-content\/uploads\/post\/6700\/DSC01151.jpg'><img loading=\"lazy\" decoding=\"async\" width=\"420\" height=\"280\" src=\"https:\/\/www.jsv-bernau.de\/jsv\/wp-content\/uploads\/post\/6700\/DSC01151-420x280.jpg\" class=\"attachment-thumbnail size-thumbnail\" alt=\"\" srcset=\"https:\/\/www.jsv-bernau.de\/jsv\/wp-content\/uploads\/post\/6700\/DSC01151-420x280.jpg 420w, https:\/\/www.jsv-bernau.de\/jsv\/wp-content\/uploads\/post\/6700\/DSC01151-840x560.jpg 840w, https:\/\/www.jsv-bernau.de\/jsv\/wp-content\/uploads\/post\/6700\/DSC01151-1200x800.jpg 1200w\" sizes=\"auto, (max-width: 420px) 100vw, 420px\" \/><\/a>\n\t\t\t<\/dt><\/dl><dl class='gallery-item'>\n\t\t\t<dt class='gallery-icon landscape'>\n\t\t\t\t<a href='https:\/\/www.jsv-bernau.de\/jsv\/wp-content\/uploads\/post\/6700\/DSC01149.jpg'><img loading=\"lazy\" decoding=\"async\" width=\"420\" height=\"280\" src=\"https:\/\/www.jsv-bernau.de\/jsv\/wp-content\/uploads\/post\/6700\/DSC01149-420x280.jpg\" class=\"attachment-thumbnail size-thumbnail\" alt=\"\" srcset=\"https:\/\/www.jsv-bernau.de\/jsv\/wp-content\/uploads\/post\/6700\/DSC01149-420x280.jpg 420w, https:\/\/www.jsv-bernau.de\/jsv\/wp-content\/uploads\/post\/6700\/DSC01149-840x560.jpg 840w, https:\/\/www.jsv-bernau.de\/jsv\/wp-content\/uploads\/post\/6700\/DSC01149-1200x800.jpg 1200w\" sizes=\"auto, (max-width: 420px) 100vw, 420px\" \/><\/a>\n\t\t\t<\/dt><\/dl><dl class='gallery-item'>\n\t\t\t<dt class='gallery-icon landscape'>\n\t\t\t\t<a href='https:\/\/www.jsv-bernau.de\/jsv\/wp-content\/uploads\/post\/6700\/DSC01147.jpg'><img loading=\"lazy\" decoding=\"async\" width=\"420\" height=\"280\" src=\"https:\/\/www.jsv-bernau.de\/jsv\/wp-content\/uploads\/post\/6700\/DSC01147-420x280.jpg\" class=\"attachment-thumbnail size-thumbnail\" alt=\"\" srcset=\"https:\/\/www.jsv-bernau.de\/jsv\/wp-content\/uploads\/post\/6700\/DSC01147-420x280.jpg 420w, https:\/\/www.jsv-bernau.de\/jsv\/wp-content\/uploads\/post\/6700\/DSC01147-840x560.jpg 840w, https:\/\/www.jsv-bernau.de\/jsv\/wp-content\/uploads\/post\/6700\/DSC01147-1200x800.jpg 1200w\" sizes=\"auto, (max-width: 420px) 100vw, 420px\" \/><\/a>\n\t\t\t<\/dt><\/dl><br style=\"clear: both\" \/>\n\t\t<\/div>\n\n","protected":false},"excerpt":{"rendered":"<p>Am 26.01.19 fanden in Strausberg die Landesmeisterschaften der U15 und U18 in Strausberg statt. Die U15 startete am Vormittag versp\u00e4tet, weil (wie der Autor erfuhr) es \u00fcberraschend (im Winter) geschneit hatte und das Wiegen verl\u00e4ngert wurde. Unsere Starter konnten schwer in das Kampfjahr 2019 herein finden. So verloren Mathis Lange und Tim Burmeister ihre beiden K\u00e4mpfe, wobei Tim den ersten Kampf mit mehr Biss h\u00e4tte gewinnen k\u00f6nnen. Ilja Massarskij gewann einen seiner K\u00e4mpfe und verlor den anderen. Der letzte K\u00e4mpfer, Fares Ayyoub, durfte dreimal k\u00e4mpfen. Er gewann den ersten und verlor dann die beiden weiteren. Somit waren alle K\u00e4mpfer um einige Erfahrungen reicher, jedoch ohne Platzierung. Da half es auch nicht, dass Jonathan Becker als verletzter Fan mitgereist war und seine Sportskameraden anfeuerte. Als die Sportler der U18 in Strausberg ankamen, gab es in der Halle keinen Sauerstoff mehr zum Atmen f\u00fcr die Athleten und mitgereisten Begleiter. Die Halle war \u00fcberf\u00fcllt, es gab kaum ein durch kommen zu irgendeinem Platz und es war so warm, dass die Erw\u00e4rmung fast im Stehen h\u00e4tte ausgef\u00fchrt werden k\u00f6nnen. &hellip;<\/p>\n","protected":false},"author":20,"featured_media":6705,"comment_status":"closed","ping_status":"open","sticky":false,"template":"","format":"standard","meta":{"ngg_post_thumbnail":0,"jetpack_post_was_ever_published":false,"_jetpack_newsletter_access":"","_jetpack_dont_email_post_to_subs":false,"_jetpack_newsletter_tier_id":0,"_jetpack_memberships_contains_paywalled_content":false,"_jetpack_memberships_contains_paid_content":false,"footnotes":""},"categories":[1,3],"tags":[529,43,126,83,39],"class_list":["post-6700","post","type-post","status-publish","format-standard","has-post-thumbnail","hentry","category-allgemein","category-ergebnisse","tag-grellmann","tag-grumblat","tag-katzorke","tag-landesmeisterschaften","tag-strausberg"],"jetpack_featured_media_url":"https:\/\/www.jsv-bernau.de\/jsv\/wp-content\/uploads\/post\/6700\/LEM-U18-2019.jpg","jetpack_shortlink":"https:\/\/wp.me\/p5TGCK-1K4","jetpack_sharing_enabled":true,"_links":{"self":[{"href":"https:\/\/www.jsv-bernau.de\/jsv\/wp-json\/wp\/v2\/posts\/6700","targetHints":{"allow":["GET"]}}],"collection":[{"href":"https:\/\/www.jsv-bernau.de\/jsv\/wp-json\/wp\/v2\/posts"}],"about":[{"href":"https:\/\/www.jsv-bernau.de\/jsv\/wp-json\/wp\/v2\/types\/post"}],"author":[{"embeddable":true,"href":"https:\/\/www.jsv-bernau.de\/jsv\/wp-json\/wp\/v2\/users\/20"}],"replies":[{"embeddable":true,"href":"https:\/\/www.jsv-bernau.de\/jsv\/wp-json\/wp\/v2\/comments?post=6700"}],"version-history":[{"count":1,"href":"https:\/\/www.jsv-bernau.de\/jsv\/wp-json\/wp\/v2\/posts\/6700\/revisions"}],"predecessor-version":[{"id":6706,"href":"https:\/\/www.jsv-bernau.de\/jsv\/wp-json\/wp\/v2\/posts\/6700\/revisions\/6706"}],"wp:featuredmedia":[{"embeddable":true,"href":"https:\/\/www.jsv-bernau.de\/jsv\/wp-json\/wp\/v2\/media\/6705"}],"wp:attachment":[{"href":"https:\/\/www.jsv-bernau.de\/jsv\/wp-json\/wp\/v2\/media?parent=6700"}],"wp:term":[{"taxonomy":"category","embeddable":true,"href":"https:\/\/www.jsv-bernau.de\/jsv\/wp-json\/wp\/v2\/categories?post=6700"},{"taxonomy":"post_tag","embeddable":true,"href":"https:\/\/www.jsv-bernau.de\/jsv\/wp-json\/wp\/v2\/tags?post=6700"}],"curies":[{"name":"wp","href":"https:\/\/api.w.org\/{rel}","templated":true}]}}