{"id":686,"date":"2011-04-17T15:55:46","date_gmt":"2011-04-17T15:55:46","guid":{"rendered":"https:\/\/www.jsv-bernau.de\/jsv\/?p=686"},"modified":"2015-05-13T07:11:45","modified_gmt":"2015-05-13T05:11:45","slug":"bernauer-judoka-beim-internationalen-judo-master-in-oesterreich","status":"publish","type":"post","link":"https:\/\/www.jsv-bernau.de\/jsv\/bernauer-judoka-beim-internationalen-judo-master-in-oesterreich\/","title":{"rendered":"Bernauer Judoka beim Internationalen Judo-Master in \u00d6sterreich"},"content":{"rendered":"<p>Am Wochenende vom 15.-17.04.2011 nahm eine kleine aber feine Auswahl an Bernauer Judoka an den Internationalen Ober\u00f6sterreichischen Judo-Masters 2011 teil. Auf f\u00fcnf Matten fand in Rohrbach ein internes Qualifikationsturnier f\u00fcr die \u00d6sterreichischen Judoka mit internationaler Beteiligung statt. In drei Altersklassen (U17, U20, M\u00e4. +Fr.) fighteten die besten Judoka nicht nur aus dem Gastgeberland, sondern auch aus Kanada, Tschechien, Moldawien und Deutschland.<\/p>\n<p>Nach einer achtst\u00fcndigen Anfahrt mit ungewollter Sightseeingtour durch Prag sind alle Bernauer K\u00e4mpfer etwas m\u00fcde in der Alpenrepublik eingetroffen. Die Altersklasse U20 musste dann am Samstag auch als erstes ran. Mit den erfahrenen K\u00e4mpfern der letzten Deutschen Meisterschaften Jenny Roll, Martin Setz und Michel Daue lieb\u00e4ugelte Trainer Ott mit der ersten Medaille.<!--more--><\/p>\n<p>Da an diesem Tag keine K\u00e4mpferin in der Gewichtsklasse -44kg am Start war, musste Jenny in der Gewichtsklasse -48kg an den Start gehen. Zum Teil fehlte die internationale Wettkampfpraxis und zum anderen das Gewicht, dennoch gelang es der jungen Bernauerin den dritten Platz zu belegen. F\u00fcr Martin und Michel ging es gleich ordentlich zur Sache. Martin Setz,- 60kg, konnte bis auf das Halbfinale alle K\u00e4mpfe nach harten Auseinandersetzungen f\u00fcr sich entscheiden. \u00c4hnlich sah es auch bei Michel Daue bis 66kg aus. Auch f\u00fcr ihn kam der erste Stopp, denkbar knapp, im Halbfinale gegen den sp\u00e4teren Turniersieger Shala aus \u00d6sterreich. Beide Bernauer Judoka haben dann aber im kleinen Finale wieder siegreich die Tatami (Matte) in Rohrbach verlassen und konnten sich am Ende des Tages \u00fcber die Bronzemedaille freuen.<\/p>\n<p>Mit stolzer Brust, der guten Erfolge vom Vortag und dem Gef\u00fchl, dass auch am Sonntag wieder was f\u00fcr die Bernauer drin ist geschuldet, ging es f\u00fcr die zwei Starter, Paul Roll -55 kg und Frederic Brunnett in der U17 als erstes auf die Tatami. Aber f\u00fcr die beiden Youngster hingen die Trauben bei ihrem ersten internationalen Auftritt noch sehr hoch. Sie zeigen trotz Aufregung gute Ans\u00e4tze und empfahlen sich f\u00fcr weitere Eins\u00e4tze.<\/p>\n<p>Was folgte waren die M\u00e4nner und Frauen, wo auch die beiden Starter vom Vortag, Michel Daue und Martin Setz wieder antraten. Beide versuchten gemeinsam die Gewichtsklassen -60kg bei den M\u00e4nnern aufzumischen. Das gelang den beiden wieder sehr eindrucksvoll. Martin gewann vier K\u00e4mpfe und gab den entscheidenden Kampf erst in der Verl\u00e4ngerung durch eine strittige Kampfrichterentscheidung ab. Nach Bronze vom Vortag holte er sich die Silbermedaille. F\u00fcr Teamkollege Michel Daue reichte es mit drei gewonnen und zwei verlorenen K\u00e4mpfen erneut zur Bronzemedaille.<\/p>\n<p>Auch Franzi Pinske wollte dieses Turnier nutzen, um sich optimal f\u00fcr die in Paris stattfindenden Europ\u00e4ischen Polizeimeisterschaften vorzubereiten. Eine Gewichtsklasse h\u00f6her als gewohnt konnte Franzi ihre K\u00e4mpfe in der Gewichtsklasse -52 kg gewinnen und nur der sp\u00e4teren Turniersiegerin Raab aus \u00d6sterreich den Vortritt lassen. Nach 2002 als die Bernauerin erstmals in Rohrbach\/\u00d6sterreich mit einer Bronzemedaille gl\u00e4nzte, holte sie sich nun die silberne zu ihrer stolzen Troph\u00e4ensammlung hinzu.<\/p>\n<p>Ebenfalls mit einer Silbermedaille belohnte sich der trainingsflei\u00dfige 100kg Mann Stefan Niesecke. Auf den Bundesligak\u00e4mpfer warteten erwartungsgem\u00e4\u00df nicht nur schwere, sondern auch harte Brocken. Auch er scheiterte erst im Finale am starken \u00d6sterreicher Kronberger.<\/p>\n<p>F\u00fcr Marco Patzwall -73kg, Platz 5 und Daniel J\u00e4ger -66kg Platz 7 reichte es nicht nach ganz vorn, dennoch lie\u00dfen beide in den K\u00e4mpfen nichts unversucht um sich ebenfalls auf dem Podest wieder zu finden.<\/p>\n<p>Mit reichlich Edelmetall (3 x Silber u. 4 x Bronze)im Gep\u00e4ck sind die Bernauer Judok\u00e4mpfer, Dank der Unterst\u00fctzung von Hr. Sven Lukat, Montag fr\u00fch 02:00 Uhr wieder wohlbehalten im Barnim angekommen.<\/p>\n<p>&nbsp;<\/p>\n<h4>Weitere Bilder:<\/h4>\n<div id='gallery-1' class='gallery galleryid-686 gallery-columns-4 gallery-size-thumbnail'><dl class='gallery-item'>\n\t\t\t<dt class='gallery-icon landscape'>\n\t\t\t\t<a href='https:\/\/www.jsv-bernau.de\/jsv\/wp-content\/uploads\/post\/686\/bild062.jpg'><img loading=\"lazy\" decoding=\"async\" width=\"420\" height=\"280\" src=\"https:\/\/www.jsv-bernau.de\/jsv\/wp-content\/uploads\/post\/686\/bild062-420x280.jpg\" class=\"attachment-thumbnail size-thumbnail\" alt=\"\" \/><\/a>\n\t\t\t<\/dt><\/dl><dl class='gallery-item'>\n\t\t\t<dt class='gallery-icon landscape'>\n\t\t\t\t<a href='https:\/\/www.jsv-bernau.de\/jsv\/wp-content\/uploads\/post\/686\/bild063.jpg'><img loading=\"lazy\" decoding=\"async\" width=\"420\" height=\"280\" src=\"https:\/\/www.jsv-bernau.de\/jsv\/wp-content\/uploads\/post\/686\/bild063-420x280.jpg\" class=\"attachment-thumbnail size-thumbnail\" alt=\"\" \/><\/a>\n\t\t\t<\/dt><\/dl><dl class='gallery-item'>\n\t\t\t<dt class='gallery-icon portrait'>\n\t\t\t\t<a href='https:\/\/www.jsv-bernau.de\/jsv\/wp-content\/uploads\/post\/686\/bild073.jpg'><img loading=\"lazy\" decoding=\"async\" width=\"375\" height=\"280\" src=\"https:\/\/www.jsv-bernau.de\/jsv\/wp-content\/uploads\/post\/686\/bild073-375x280.jpg\" class=\"attachment-thumbnail size-thumbnail\" alt=\"\" \/><\/a>\n\t\t\t<\/dt><\/dl><dl class='gallery-item'>\n\t\t\t<dt class='gallery-icon landscape'>\n\t\t\t\t<a href='https:\/\/www.jsv-bernau.de\/jsv\/wp-content\/uploads\/post\/686\/bild075.jpg'><img loading=\"lazy\" decoding=\"async\" width=\"420\" height=\"280\" src=\"https:\/\/www.jsv-bernau.de\/jsv\/wp-content\/uploads\/post\/686\/bild075-420x280.jpg\" class=\"attachment-thumbnail size-thumbnail\" alt=\"\" \/><\/a>\n\t\t\t<\/dt><\/dl><br style=\"clear: both\" \/><dl class='gallery-item'>\n\t\t\t<dt class='gallery-icon landscape'>\n\t\t\t\t<a href='https:\/\/www.jsv-bernau.de\/jsv\/wp-content\/uploads\/post\/686\/bild076.jpg'><img loading=\"lazy\" decoding=\"async\" width=\"420\" height=\"280\" src=\"https:\/\/www.jsv-bernau.de\/jsv\/wp-content\/uploads\/post\/686\/bild076-420x280.jpg\" class=\"attachment-thumbnail size-thumbnail\" alt=\"\" \/><\/a>\n\t\t\t<\/dt><\/dl><dl class='gallery-item'>\n\t\t\t<dt class='gallery-icon landscape'>\n\t\t\t\t<a href='https:\/\/www.jsv-bernau.de\/jsv\/wp-content\/uploads\/post\/686\/bild0771.jpg'><img loading=\"lazy\" decoding=\"async\" width=\"420\" height=\"280\" src=\"https:\/\/www.jsv-bernau.de\/jsv\/wp-content\/uploads\/post\/686\/bild0771-420x280.jpg\" class=\"attachment-thumbnail size-thumbnail\" alt=\"\" \/><\/a>\n\t\t\t<\/dt><\/dl><dl class='gallery-item'>\n\t\t\t<dt class='gallery-icon landscape'>\n\t\t\t\t<a href='https:\/\/www.jsv-bernau.de\/jsv\/wp-content\/uploads\/post\/686\/bild081.jpg'><img loading=\"lazy\" decoding=\"async\" width=\"420\" height=\"280\" src=\"https:\/\/www.jsv-bernau.de\/jsv\/wp-content\/uploads\/post\/686\/bild081-420x280.jpg\" class=\"attachment-thumbnail size-thumbnail\" alt=\"\" \/><\/a>\n\t\t\t<\/dt><\/dl>\n\t\t\t<br style='clear: both' \/>\n\t\t<\/div>\n\n","protected":false},"excerpt":{"rendered":"<p>Am Wochenende vom 15.-17.04.2011 nahm eine kleine aber feine Auswahl an Bernauer Judoka an den Internationalen Ober\u00f6sterreichischen Judo-Masters 2011 teil. Auf f\u00fcnf Matten fand in Rohrbach ein internes Qualifikationsturnier f\u00fcr die \u00d6sterreichischen Judoka mit internationaler Beteiligung statt. In drei Altersklassen (U17, U20, M\u00e4. +Fr.) fighteten die besten Judoka nicht nur aus dem Gastgeberland, sondern auch aus Kanada, Tschechien, Moldawien und Deutschland. Nach einer achtst\u00fcndigen Anfahrt mit ungewollter Sightseeingtour durch Prag sind alle Bernauer K\u00e4mpfer etwas m\u00fcde in der Alpenrepublik eingetroffen. Die Altersklasse U20 musste dann am Samstag auch als erstes ran. Mit den erfahrenen K\u00e4mpfern der letzten Deutschen Meisterschaften Jenny Roll, Martin Setz und Michel Daue lieb\u00e4ugelte Trainer Ott mit der ersten Medaille.<\/p>\n","protected":false},"author":6,"featured_media":687,"comment_status":"closed","ping_status":"open","sticky":false,"template":"","format":"standard","meta":{"ngg_post_thumbnail":0,"jetpack_post_was_ever_published":false,"_jetpack_newsletter_access":"","_jetpack_dont_email_post_to_subs":false,"_jetpack_newsletter_tier_id":0,"_jetpack_memberships_contains_paywalled_content":false,"_jetpack_memberships_contains_paid_content":false,"footnotes":""},"categories":[3],"tags":[178,67,23,292,234,293,22,134,294,236,192,72,29,49,66],"class_list":["post-686","post","type-post","status-publish","format-standard","has-post-thumbnail","hentry","category-ergebnisse","tag-brunnett","tag-daue","tag-frauen","tag-internationales","tag-jaeger","tag-judo-masters","tag-maenner","tag-niesecke","tag-oesterreich","tag-patzwall","tag-pinske","tag-roll","tag-setz","tag-u17","tag-u20"],"jetpack_featured_media_url":"https:\/\/www.jsv-bernau.de\/jsv\/wp-content\/uploads\/post\/686\/bild077.jpg","jetpack_shortlink":"https:\/\/wp.me\/p5TGCK-b4","jetpack_sharing_enabled":true,"_links":{"self":[{"href":"https:\/\/www.jsv-bernau.de\/jsv\/wp-json\/wp\/v2\/posts\/686","targetHints":{"allow":["GET"]}}],"collection":[{"href":"https:\/\/www.jsv-bernau.de\/jsv\/wp-json\/wp\/v2\/posts"}],"about":[{"href":"https:\/\/www.jsv-bernau.de\/jsv\/wp-json\/wp\/v2\/types\/post"}],"author":[{"embeddable":true,"href":"https:\/\/www.jsv-bernau.de\/jsv\/wp-json\/wp\/v2\/users\/6"}],"replies":[{"embeddable":true,"href":"https:\/\/www.jsv-bernau.de\/jsv\/wp-json\/wp\/v2\/comments?post=686"}],"version-history":[{"count":1,"href":"https:\/\/www.jsv-bernau.de\/jsv\/wp-json\/wp\/v2\/posts\/686\/revisions"}],"predecessor-version":[{"id":3333,"href":"https:\/\/www.jsv-bernau.de\/jsv\/wp-json\/wp\/v2\/posts\/686\/revisions\/3333"}],"wp:featuredmedia":[{"embeddable":true,"href":"https:\/\/www.jsv-bernau.de\/jsv\/wp-json\/wp\/v2\/media\/687"}],"wp:attachment":[{"href":"https:\/\/www.jsv-bernau.de\/jsv\/wp-json\/wp\/v2\/media?parent=686"}],"wp:term":[{"taxonomy":"category","embeddable":true,"href":"https:\/\/www.jsv-bernau.de\/jsv\/wp-json\/wp\/v2\/categories?post=686"},{"taxonomy":"post_tag","embeddable":true,"href":"https:\/\/www.jsv-bernau.de\/jsv\/wp-json\/wp\/v2\/tags?post=686"}],"curies":[{"name":"wp","href":"https:\/\/api.w.org\/{rel}","templated":true}]}}