{"id":696,"date":"2011-06-19T16:03:09","date_gmt":"2011-06-19T16:03:09","guid":{"rendered":"https:\/\/www.jsv-bernau.de\/jsv\/?p=696"},"modified":"2015-05-12T10:20:54","modified_gmt":"2015-05-12T08:20:54","slug":"fridolin-vach-ist-landesmeister","status":"publish","type":"post","link":"https:\/\/www.jsv-bernau.de\/jsv\/fridolin-vach-ist-landesmeister\/","title":{"rendered":"Fridolin Vach ist Landesmeister"},"content":{"rendered":"<p>Am Sonntag fuhren die Trainer Bj\u00f6rn Lehmann und Simone Rosenplenter mit f\u00fcnf qualifizierten Sportlern der U14 zur Landesmeisterschaft nach F\u00fcrstenwalde.<\/p>\n<p>Titus Reiche, in der 37-kg-Klasse startend musste trotz guter Leistung Lehrgeld bezahlen. Er unterlag im ersten Kampf dem sp\u00e4teren Landesmeister und konnte auch den zweiten Kampf nicht gewinnen. Da er noch zum j\u00fcngeren Jahrgang z\u00e4hlt, kann er n\u00e4chstes Jahr zeigen, dass er mehr Potential hat.<!--more--><\/p>\n<p>Fabian F\u00fcnfst\u00fcck startete eine Gewichtsklasse h\u00f6her im ersten Kampf mit einem Sieg. Danach unterlag er dem sp\u00e4teren Drittplatzierten und fand sich in der Trostrunde wieder. Dort besann er sich auf seine St\u00e4rken und hebelte den n\u00e4chsten Gegner ab, was ihm den Sieg einbrachte. Im kleinen Finale reichte eine kurze Unaufmerksamkeit, damit der Gegner siegen konnte. So erhielt Fabian den 5. Platz.<\/p>\n<p>Marvin Burkhardt musste bereits vor der Waage k\u00e4mpfen. Er reiste bedingt durch seine Klassenfahrt mit \u00dcbergewicht an und durfte beim Laufen auf dem Sportplatz schwitzen, um unter 46 kg zu kommen. Seinen ersten Kampf konnte er dann mit einem schnellen Sieg beenden. Im zweiten Kampf unterlag er und musste nun \u00fcber die Trostrunde, um eine Medaille zu erk\u00e4mpfen. Dort lie\u00df er nichts anbrennen und konnte trotz Nervosit\u00e4t alle drei Duelle als Sieger beenden und erhielt verdient die Bronzemedaille.<\/p>\n<p>Kiki Piperidou, als einziges M\u00e4dchen der Bernauer Judokas startend, durfte gleich im ersten Kampf \u00fcber die volle Zeit von 4:30 min k\u00e4mpfen. Die Hantei-Entscheidung der Kampfrichter fiel dann gegen Kiki aus, so dass auch sie sich \u00fcber die Trostrunde zur Medaille k\u00e4mpfen musste. Wie bereits Marvin lie\u00df auch Kiki nichts anbrennen und konnte alle drei K\u00e4mpfe vorzeitig mit einem Sieg beenden, um ebenfalls die Bronzemedaille zu empfangen.<\/p>\n<p>Fridolin Vach, eigentlich in der 55-kg-Klasse startend, musste aber durch 100 Gramm \u00dcbergewicht bei der Kreisunionsmeisterschaft nun in der 60-kg-Klasse starten. Alle seine drei K\u00e4mpfe konnte er nach kurzer Zeit siegreich beenden und wurde verdient Landesmeister.<\/p>\n<p>In einer Woche geht es f\u00fcr die Medaillengewinner zu den Nordostdeutschen Meisterschaften, wo Berlin, Mecklenburg Vorpommern und Brandenburg ihre Meister k\u00fcren, f\u00fcr diese Altersklasse die h\u00f6chsten Meisterschaften.<\/p>\n","protected":false},"excerpt":{"rendered":"<p>Am Sonntag fuhren die Trainer Bj\u00f6rn Lehmann und Simone Rosenplenter mit f\u00fcnf qualifizierten Sportlern der U14 zur Landesmeisterschaft nach F\u00fcrstenwalde. Titus Reiche, in der 37-kg-Klasse startend musste trotz guter Leistung Lehrgeld bezahlen. Er unterlag im ersten Kampf dem sp\u00e4teren Landesmeister und konnte auch den zweiten Kampf nicht gewinnen. Da er noch zum j\u00fcngeren Jahrgang z\u00e4hlt, kann er n\u00e4chstes Jahr zeigen, dass er mehr Potential hat.<\/p>\n","protected":false},"author":18,"featured_media":697,"comment_status":"closed","ping_status":"open","sticky":false,"template":"","format":"standard","meta":{"ngg_post_thumbnail":0,"jetpack_post_was_ever_published":false,"_jetpack_newsletter_access":"","_jetpack_dont_email_post_to_subs":false,"_jetpack_newsletter_tier_id":0,"_jetpack_memberships_contains_paywalled_content":false,"_jetpack_memberships_contains_paid_content":false,"footnotes":""},"categories":[3],"tags":[63,277,157,276,124,182,158,81,139,278],"class_list":["post-696","post","type-post","status-publish","format-standard","has-post-thumbnail","hentry","category-ergebnisse","tag-burkhardt","tag-fuenfstueck","tag-fuerstenwalde","tag-landensmeisterschaft","tag-lehmann","tag-piperidou","tag-reiche","tag-rosenplenter","tag-u14","tag-vach"],"jetpack_featured_media_url":"https:\/\/www.jsv-bernau.de\/jsv\/wp-content\/uploads\/post\/696\/bild1.jpg","jetpack_shortlink":"https:\/\/wp.me\/p5TGCK-be","jetpack_sharing_enabled":true,"_links":{"self":[{"href":"https:\/\/www.jsv-bernau.de\/jsv\/wp-json\/wp\/v2\/posts\/696","targetHints":{"allow":["GET"]}}],"collection":[{"href":"https:\/\/www.jsv-bernau.de\/jsv\/wp-json\/wp\/v2\/posts"}],"about":[{"href":"https:\/\/www.jsv-bernau.de\/jsv\/wp-json\/wp\/v2\/types\/post"}],"author":[{"embeddable":true,"href":"https:\/\/www.jsv-bernau.de\/jsv\/wp-json\/wp\/v2\/users\/18"}],"replies":[{"embeddable":true,"href":"https:\/\/www.jsv-bernau.de\/jsv\/wp-json\/wp\/v2\/comments?post=696"}],"version-history":[{"count":2,"href":"https:\/\/www.jsv-bernau.de\/jsv\/wp-json\/wp\/v2\/posts\/696\/revisions"}],"predecessor-version":[{"id":3321,"href":"https:\/\/www.jsv-bernau.de\/jsv\/wp-json\/wp\/v2\/posts\/696\/revisions\/3321"}],"wp:featuredmedia":[{"embeddable":true,"href":"https:\/\/www.jsv-bernau.de\/jsv\/wp-json\/wp\/v2\/media\/697"}],"wp:attachment":[{"href":"https:\/\/www.jsv-bernau.de\/jsv\/wp-json\/wp\/v2\/media?parent=696"}],"wp:term":[{"taxonomy":"category","embeddable":true,"href":"https:\/\/www.jsv-bernau.de\/jsv\/wp-json\/wp\/v2\/categories?post=696"},{"taxonomy":"post_tag","embeddable":true,"href":"https:\/\/www.jsv-bernau.de\/jsv\/wp-json\/wp\/v2\/tags?post=696"}],"curies":[{"name":"wp","href":"https:\/\/api.w.org\/{rel}","templated":true}]}}