{"id":700,"date":"2011-07-09T16:05:27","date_gmt":"2011-07-09T16:05:27","guid":{"rendered":"https:\/\/www.jsv-bernau.de\/jsv\/?p=700"},"modified":"2015-05-12T10:17:16","modified_gmt":"2015-05-12T08:17:16","slug":"gelungener-landesliga-auftakt-fuer-das-bernauer-judo-team","status":"publish","type":"post","link":"https:\/\/www.jsv-bernau.de\/jsv\/gelungener-landesliga-auftakt-fuer-das-bernauer-judo-team\/","title":{"rendered":"Gelungener Landesliga-Auftakt f\u00fcr das Bernauer Judo-Team"},"content":{"rendered":"<p>Der erste Schritt ist gemacht, auch wenn dieser nicht ganz einfach war. Die doch recht bunte Truppe um Trainer Ott hat am ersten Kampftag den Platz in der Tabellenmitte, genau den Platz von 2009 und 2010 eingenommen. Und mit dem 3.Platz musste man nicht wirklich rechnen, daf\u00fcr fehlten den Bernauern mit Christian Meschter, Martin Setz, Mirko Risch und Sven Borchardt vier gestandene K\u00e4mpfer der letzten Saison, in der Christian und Martin keinen ihrer K\u00e4mpfe verloren haben.<\/p>\n<p>Wie die Jahre zuvor, so auch in diesem Jahr sch\u00f6pfen die Bernauer ihre K\u00e4mpfer nur aus den eigenen Reihen. So bekommen auch die j\u00fcngsten, wie Marc Geschke, Michel Duckstein oder \u00e4ltesten mit Detlef Pascher; sowie die Freizeit-Judoka die mit ein bis zweimal Training in der Woche und Spa\u00df an der (Judo) Freude haben, eine Ligachance. Die Freude k\u00f6nnte aber bald ins Hintertreffen geraten, wenn sich die letzten verbliebenen Teams weiter so kraftvoll verst\u00e4rken.<!--more--><\/p>\n<p>Was sich gleich gegen den Liga-Ersten der letzten Saison widerspiegelte. Umso wertvoller ist das 3:3 im ersten Kampf gegen den KSC-Strausberg, mit den zwei starken K\u00e4mpfern aus Oranienburg einzusch\u00e4tzen. Was folgte waren viele enge und spannende K\u00e4mpfe gegen weitere Kampfgemeinschaften, so gab es darauf das n\u00e4chste 3:3 gegen die KG Treuenbrietzen-Falkensee-Ludwigsfelde und ein unerwartetes 5:0 gegen Motor Babelsberg die sich mit einigen K\u00e4mpfern aus KWH und Oranienburg verst\u00e4rkt haben.<\/p>\n<p>Ob es an der Euphorie der guten Resultate lag oder der nachlassenden Kondition bleibt offen, egal wie, auch der verlorene Kampf gegen die KG Brandenburg-J\u00fcterbog-Lauchhammer mit 2:5 war von H\u00f6hen und tiefen bestimmt. So feierte erfreulicher Weise Marc Geschke mit einem Sieg -73kg seinen erfolgreichen Ligaeinstand.<\/p>\n<p>Keiner der K\u00e4mpfer entt\u00e4uschte und mit Michel Daue, &#8211; 60kg, der alle vier K\u00e4mpfe eindrucksvoll gewann, Martin Scholz -81kg, mit drei Siegen und K\u00e4pt\u2019n Ben der eine Gewichtsklasse h\u00f6her startend -90kg zwei Siege bei steuerte, hatten die Bernauer an diesem Tage drei tragende St\u00fctzen auf ihrer Seite.<\/p>\n<p>Auch wieder beeindruckend war die lautstark mitgereiste Bernauer Fan-Gemeinde, <strong>DANKE!!<\/strong><\/p>\n<p><strong>Unsere Helden:<\/strong><\/p>\n<table border=\"0\">\n<tbody>\n<tr>\n<td>-60 kg<\/td>\n<td>Michel Daue, Paul Roll<\/td>\n<\/tr>\n<tr>\n<td>-66 kg<\/td>\n<td>Daniel J\u00e4ger, Detlef Pascher<\/td>\n<\/tr>\n<tr>\n<td>-73 kg<\/td>\n<td>Michel Duckstein, Marco Patzwall, Frank Friedrich, Marc Geschke<\/td>\n<\/tr>\n<tr>\n<td>-81 kg<\/td>\n<td>Martin Scholz, Paul Weber-Markert<\/td>\n<\/tr>\n<tr>\n<td>-90 kg<\/td>\n<td>Benjamin Runow, Marcus Burghardt<\/td>\n<\/tr>\n<tr>\n<td>-100 kg<\/td>\n<td>Robin Stegemann<\/td>\n<\/tr>\n<tr>\n<td>+100 kg<\/td>\n<td>Enrico Wittwer<\/td>\n<\/tr>\n<\/tbody>\n<\/table>\n<p><strong>JUDO- Landesliga Brandenburg<\/strong><\/p>\n<table border=\"0\">\n<tbody>\n<tr>\n<th>Mannschaft<\/th>\n<th>Platz<\/th>\n<th colspan=\"3\">Punkte<\/th>\n<th colspan=\"3\">K\u00e4mpfe<\/th>\n<th colspan=\"3\">Unterpunkte<\/th>\n<\/tr>\n<tr>\n<td>KSC Strausberg<\/td>\n<td>1<\/td>\n<td>6<\/td>\n<td>:<\/td>\n<td>2<\/td>\n<td>18<\/td>\n<td>:<\/td>\n<td>8<\/td>\n<td>170<\/td>\n<td>:<\/td>\n<td>70<\/td>\n<\/tr>\n<tr>\n<td>KG Brandenburg\/J\u00fcterbog<\/td>\n<td>2<\/td>\n<td>5<\/td>\n<td>:<\/td>\n<td>3<\/td>\n<td>15<\/td>\n<td>:<\/td>\n<td>12<\/td>\n<td>150<\/td>\n<td>:<\/td>\n<td>112<\/td>\n<\/tr>\n<tr>\n<td><span style=\"color: #ff0000;\">PSV Bernau<\/span><\/td>\n<td><span style=\"color: #ff0000;\">3<\/span><\/td>\n<td><span style=\"color: #ff0000;\">4<\/span><\/td>\n<td><span style=\"color: #ff0000;\">:<\/span><\/td>\n<td><span style=\"color: #ff0000;\">4<\/span><\/td>\n<td><span style=\"color: #ff0000;\">13<\/span><\/td>\n<td><span style=\"color: #ff0000;\">:<\/span><\/td>\n<td><span style=\"color: #ff0000;\">11<\/span><\/td>\n<td><span style=\"color: #ff0000;\">127<\/span><\/td>\n<td><span style=\"color: #ff0000;\">:<\/span><\/td>\n<td><span style=\"color: #ff0000;\">110<\/span><\/td>\n<\/tr>\n<tr>\n<td>KG Treuenbrietzen\/Falkensee\/Ludwigsf.<\/td>\n<td>4<\/td>\n<td>3<\/td>\n<td>:<\/td>\n<td>5<\/td>\n<td>9<\/td>\n<td>:<\/td>\n<td>16<\/td>\n<td>87<\/td>\n<td>:<\/td>\n<td>152<\/td>\n<\/tr>\n<tr>\n<td>Motor Babelsberg II<\/td>\n<td>5<\/td>\n<td>2<\/td>\n<td>:<\/td>\n<td>6<\/td>\n<td>8<\/td>\n<td>:<\/td>\n<td>16<\/td>\n<td>62<\/td>\n<td>:<\/td>\n<td>152<\/td>\n<\/tr>\n<\/tbody>\n<\/table>\n<p><strong>1. Kampftag am 26. Juni 2011 in Ludwigsfelde<\/strong><\/p>\n<table border=\"0\">\n<tbody>\n<tr>\n<td>Motor Babelsberg II<\/td>\n<td>&#8211;<\/td>\n<td>KSC Strausberg<\/td>\n<td>3 : 3 (20:25)<\/td>\n<\/tr>\n<tr>\n<td><span style=\"color: #ff0000;\">PSV Bernau<\/span><\/td>\n<td>&#8211;<\/td>\n<td>Kampfgemeinschaft Brandenburg\/J\u00fcterbog<\/td>\n<td>2 : 5 (20:50)<\/td>\n<\/tr>\n<tr>\n<td>Motor Babelsberg II<\/td>\n<td>&#8211;<\/td>\n<td><span style=\"color: #ff0000;\">PSV Bernau<\/span><\/td>\n<td>0 : 5 (00:50)<\/td>\n<\/tr>\n<tr>\n<td>KSC Strausberg<\/td>\n<td>&#8211;<\/td>\n<td>KG Treuenbrietzen\/Falkensee\/Ludwigsfelde<\/td>\n<td>7 : 0 (65:00)<\/td>\n<\/tr>\n<tr>\n<td>Motor Babelsberg II<\/td>\n<td>&#8211;<\/td>\n<td>KG Brandenburg\/J\u00fcterbog<\/td>\n<td>2 : 5 (15:50)<\/td>\n<\/tr>\n<tr>\n<td>KSC Strausberg<\/td>\n<td>&#8211;<\/td>\n<td><span style=\"color: #ff0000;\">PSV Bernau<\/span><\/td>\n<td>3 : 3 (30:30)<\/td>\n<\/tr>\n<tr>\n<td>Motor Babelsberg II<\/td>\n<td>&#8211;<\/td>\n<td>KG Treuenbrietzen\/Falkensee\/Ludwigsfelde<\/td>\n<td>3 : 3 (27:30)<\/td>\n<\/tr>\n<tr>\n<td>KSC Strausberg<\/td>\n<td>&#8211;<\/td>\n<td>KG Brandenburg\/J\u00fcterbog<\/td>\n<td>5 : 2 (50:20)<\/td>\n<\/tr>\n<tr>\n<td><span style=\"color: #ff0000;\">PSV Bernau<\/span><\/td>\n<td>&#8211;<\/td>\n<td>KG Treuenbrietzen\/Falkensee\/Ludwigsfelde<\/td>\n<td>3 : 3 (30:30)<\/td>\n<\/tr>\n<tr>\n<td>KG Brandenburg\/J\u00fcterbog<\/td>\n<td>&#8211;<\/td>\n<td>KG Treuenbrietzen\/Falkensee\/Ludwigsfelde<\/td>\n<td>3 : 3 (30:27)<\/td>\n<\/tr>\n<\/tbody>\n<\/table>\n<p><a href=\"https:\/\/www.jsv-bernau.de\/jsv\/wp-content\/uploads\/post\/700\/bild2.jpg\"><img loading=\"lazy\" decoding=\"async\" class=\"colorbox-000700 alignleft wp-image-702 size-medium\" src=\"https:\/\/www.jsv-bernau.de\/jsv\/wp-content\/uploads\/post\/700\/bild2-330x219.jpg\" alt=\"bild2\" width=\"330\" height=\"219\" \/><\/a><\/p>\n","protected":false},"excerpt":{"rendered":"<p>Der erste Schritt ist gemacht, auch wenn dieser nicht ganz einfach war. Die doch recht bunte Truppe um Trainer Ott hat am ersten Kampftag den Platz in der Tabellenmitte, genau den Platz von 2009 und 2010 eingenommen. Und mit dem 3.Platz musste man nicht wirklich rechnen, daf\u00fcr fehlten den Bernauern mit Christian Meschter, Martin Setz, Mirko Risch und Sven Borchardt vier gestandene K\u00e4mpfer der letzten Saison, in der Christian und Martin keinen ihrer K\u00e4mpfe verloren haben. Wie die Jahre zuvor, so auch in diesem Jahr sch\u00f6pfen die Bernauer ihre K\u00e4mpfer nur aus den eigenen Reihen. So bekommen auch die j\u00fcngsten, wie Marc Geschke, Michel Duckstein oder \u00e4ltesten mit Detlef Pascher; sowie die Freizeit-Judoka die mit ein bis zweimal Training in der Woche und Spa\u00df an der (Judo) Freude haben, eine Ligachance. Die Freude k\u00f6nnte aber bald ins Hintertreffen geraten, wenn sich die letzten verbliebenen Teams weiter so kraftvoll verst\u00e4rken.<\/p>\n","protected":false},"author":6,"featured_media":701,"comment_status":"closed","ping_status":"open","sticky":false,"template":"","format":"standard","meta":{"ngg_post_thumbnail":0,"jetpack_post_was_ever_published":false,"_jetpack_newsletter_access":"","_jetpack_dont_email_post_to_subs":false,"_jetpack_newsletter_tier_id":0,"_jetpack_memberships_contains_paywalled_content":false,"_jetpack_memberships_contains_paid_content":false,"footnotes":""},"categories":[3],"tags":[67,227,70,234,59,99,164,112,235,64,65],"class_list":["post-700","post","type-post","status-publish","format-standard","has-post-thumbnail","hentry","category-ergebnisse","tag-daue","tag-duckstein","tag-geschke","tag-jaeger","tag-landesliga","tag-ott","tag-runow","tag-scholz","tag-stegemann","tag-weber-markert","tag-wittwer"],"jetpack_featured_media_url":"https:\/\/www.jsv-bernau.de\/jsv\/wp-content\/uploads\/post\/700\/bild1.jpg","jetpack_shortlink":"https:\/\/wp.me\/p5TGCK-bi","jetpack_sharing_enabled":true,"_links":{"self":[{"href":"https:\/\/www.jsv-bernau.de\/jsv\/wp-json\/wp\/v2\/posts\/700","targetHints":{"allow":["GET"]}}],"collection":[{"href":"https:\/\/www.jsv-bernau.de\/jsv\/wp-json\/wp\/v2\/posts"}],"about":[{"href":"https:\/\/www.jsv-bernau.de\/jsv\/wp-json\/wp\/v2\/types\/post"}],"author":[{"embeddable":true,"href":"https:\/\/www.jsv-bernau.de\/jsv\/wp-json\/wp\/v2\/users\/6"}],"replies":[{"embeddable":true,"href":"https:\/\/www.jsv-bernau.de\/jsv\/wp-json\/wp\/v2\/comments?post=700"}],"version-history":[{"count":1,"href":"https:\/\/www.jsv-bernau.de\/jsv\/wp-json\/wp\/v2\/posts\/700\/revisions"}],"predecessor-version":[{"id":3319,"href":"https:\/\/www.jsv-bernau.de\/jsv\/wp-json\/wp\/v2\/posts\/700\/revisions\/3319"}],"wp:featuredmedia":[{"embeddable":true,"href":"https:\/\/www.jsv-bernau.de\/jsv\/wp-json\/wp\/v2\/media\/701"}],"wp:attachment":[{"href":"https:\/\/www.jsv-bernau.de\/jsv\/wp-json\/wp\/v2\/media?parent=700"}],"wp:term":[{"taxonomy":"category","embeddable":true,"href":"https:\/\/www.jsv-bernau.de\/jsv\/wp-json\/wp\/v2\/categories?post=700"},{"taxonomy":"post_tag","embeddable":true,"href":"https:\/\/www.jsv-bernau.de\/jsv\/wp-json\/wp\/v2\/tags?post=700"}],"curies":[{"name":"wp","href":"https:\/\/api.w.org\/{rel}","templated":true}]}}