{"id":704,"date":"2011-08-27T16:10:22","date_gmt":"2011-08-27T16:10:22","guid":{"rendered":"https:\/\/www.jsv-bernau.de\/jsv\/?p=704"},"modified":"2015-05-12T10:10:42","modified_gmt":"2015-05-12T08:10:42","slug":"bernauer-judo-maenner-sind-vizelandesmeister","status":"publish","type":"post","link":"https:\/\/www.jsv-bernau.de\/jsv\/bernauer-judo-maenner-sind-vizelandesmeister\/","title":{"rendered":"Bernauer Judo-M\u00e4nner sind Vizelandesmeister"},"content":{"rendered":"<p>Solch einen aufreibenden Kampftag haben die Judofans und -k\u00e4mpfer des PSV Bernau noch nicht erlebt in ihren nunmehr drei Jahren erfolgreichen Auftretens in der Landesliga. Und das Finale dieser Saison in der kleinen, aufgeheizten Halle des SV Motor Babelsberg im altehrw\u00fcrdigen Konsumhof sollte an Spannung und letztendlich auch im Ergebnis kaum zu \u00fcberbieten gewesen sein.<!--more--><\/p>\n<p>Es galt sich gegen vier weitere Brandenburger Mannschaften durchzusetzen, die sich zum gr\u00f6\u00dften Teil zu Kampfgemeinschaften aus bis zu vier Vereinen zusammengeschlossen haben, um dem gestiegenen Niveau der Liga in den letzten Jahren gerecht zu werden. Der PSV Bernau hielt bisher allerdings an seiner Maxime fest, nur &#8222;echte Bernauer Jungs&#8220; einzusetzen und daf\u00fcr auch diejenigen K\u00e4mpfer zu aktivieren, die es zumeist aus beruflichen Gr\u00fcnden in die Ferne zog. Ein Konzept, dass an jenem Kampftag mehr denn je aufging. Mit einen durchaus geschw\u00e4chten Kader, in dem einige wichtige Leistungstr\u00e4ger der vergangenen Saison aus beruflichen Gr\u00fcnden fehlten, mussten wie schon am vom Ergebnis her durchwachsenen ersten Kampftag zum Teil junge Nachwuchsk\u00e4mpfer heran, was zun\u00e4chst nat\u00fcrlicherweise die Hoffnung auf eine Topplatzierung ged\u00e4mpft hielt. So lag man in der Tabelle zuvor nach dem ersten Kampftag auf dem dritten Platz. Doch die teils hitzige Atmosph\u00e4re in der Halle mobilisierte ungeahnte Kr\u00e4fte in der Bernauer Mannschaft.<\/p>\n<p>Der erste Kampf gegen die sp\u00e4teren Titelverteidiger vom KSC Strausberg ging noch hauchd\u00fcnn mit 4:3 und 30:32 Unterpunkten gegen die Bernauer aus. So blieben noch drei weitere K\u00e4mpfe, die keineswegs einfacher werden sollten. Die n\u00e4chsten beiden K\u00e4mpfe gegen die Kampfgemeinschaften aus Treuenbrietzen\/Ludwigsfelde\/Falkensee und Babelsberg (die sich mit K\u00e4mpfern aus K\u00f6nigs-Wusterhausen verst\u00e4rkten) verliefen und endeten \u00e4hnlich jeweils mit 4:3 f\u00fcr die Bernauer, in denen der 100kg-Mann Robin Stegemann als &#8222;Matchwinner&#8220; des Tages jeweils beim Stande von 3:3 den entscheidenden Punkt lieferte.<\/p>\n<p>Aber auch die anderen K\u00e4mpfer zeigten den Gegnern allesamt, was das Team aus Bernau auszeichnet; eine ungeheure Moral und unbedingten Siegeswillen. So wurden schwierige K\u00e4mpfe siegreich \u00fcber die Zeit gebracht und wichtige Punkte nach Hause gefahren. Die gr\u00f6\u00dften St\u00fctzen mit drei bis vier siegreichen K\u00e4mpfen an diesem Tag waren der junge Michel Daue -60kg, Mirko Risch bis -73kg und Robin Stegemann -100kg. F\u00fcr weitere wichtige Punkte und beachtenswerten Einsatz zeigten Daniel J\u00e4ger -66kg, Martin Scholz -81 kg, Marcus Burkhardt -90 kg und das ebenfalls noch junge Schwergewicht Enrico Wittwer \u00fcber 100kg, der teilweise gegen richtige Brocken mit spektakul\u00e4ren Techniken gewann. So auch im letzten Kampf gegen die KG Brandenburg\/J\u00fcterbog, die sich zus\u00e4tzlich auch noch K\u00e4mpfern aus Belzig und Lauchhammer bedienten, letztendlich aber gegen die Bernauer K\u00e4mpfer und Fans keine Chance hatten bei einem Endstand von 5:2. Damit revanchierten sich die Bernauer \u00fcberdies noch f\u00fcr die Niederlage vom ersten Kampftag.<\/p>\n<p>Die ausgelassene Stimmung nach diesem fantastischen Kampftag gab dem Tag dann noch sein w\u00fcrdiges Ende.<\/p>\n<p><strong>Die K\u00e4mpfer:<\/strong><\/p>\n<table border=\"0\">\n<tbody>\n<tr>\n<td>-60 kg<\/td>\n<td>Michel Daue<\/td>\n<\/tr>\n<tr>\n<td>-66 kg<\/td>\n<td>Daniel J\u00e4ger, Detlef Pascher<\/td>\n<\/tr>\n<tr>\n<td>-73 kg<\/td>\n<td>Mirko Risch, Frank Friedrich, Michel Duckstein<\/td>\n<\/tr>\n<tr>\n<td>-81 kg<\/td>\n<td>Martin Scholz, Marc Geschke, Marco Patzwall, Benjamin Runow<\/td>\n<\/tr>\n<tr>\n<td>-90 kg<\/td>\n<td>Marcus Burkhardt, Paul Weber-Markert<\/td>\n<\/tr>\n<tr>\n<td>-100 kg<\/td>\n<td>Robin Stegemann<\/td>\n<\/tr>\n<tr>\n<td>+100 kg<\/td>\n<td>Enrico Wittwer<\/td>\n<\/tr>\n<\/tbody>\n<\/table>\n<p><strong>Die Ergebnisse:<\/strong><\/p>\n<table border=\"0\">\n<tbody>\n<tr>\n<td>PSV Bernau \u2013 KSC Strausberg<\/td>\n<td>3 : 4<\/td>\n<\/tr>\n<tr>\n<td>PSV Bernau \u2013 KG Treuenbrietzen\/Ludwigsfelde\/Falkensee<\/td>\n<td>4 : 3<\/td>\n<\/tr>\n<tr>\n<td>PSV Bernau \u2013 Motor Babelsberg<\/td>\n<td>4 : 3<\/td>\n<\/tr>\n<tr>\n<td>PSV Bernau \u2013 KG Brandenburg\/J\u00fcterbog\/Belzig<\/td>\n<td>5 : 2<\/td>\n<\/tr>\n<\/tbody>\n<\/table>\n<p>&nbsp;<\/p>\n","protected":false},"excerpt":{"rendered":"<p>Solch einen aufreibenden Kampftag haben die Judofans und -k\u00e4mpfer des PSV Bernau noch nicht erlebt in ihren nunmehr drei Jahren erfolgreichen Auftretens in der Landesliga. Und das Finale dieser Saison in der kleinen, aufgeheizten Halle des SV Motor Babelsberg im altehrw\u00fcrdigen Konsumhof sollte an Spannung und letztendlich auch im Ergebnis kaum zu \u00fcberbieten gewesen sein.<\/p>\n","protected":false},"author":7,"featured_media":705,"comment_status":"closed","ping_status":"open","sticky":false,"template":"","format":"standard","meta":{"ngg_post_thumbnail":0,"jetpack_post_was_ever_published":false,"_jetpack_newsletter_access":"","_jetpack_dont_email_post_to_subs":false,"_jetpack_newsletter_tier_id":0,"_jetpack_memberships_contains_paywalled_content":false,"_jetpack_memberships_contains_paid_content":false,"footnotes":""},"categories":[3],"tags":[212,275,67,62,70,234,59,274,164,112,235,65],"class_list":["post-704","post","type-post","status-publish","format-standard","has-post-thumbnail","hentry","category-ergebnisse","tag-babelsberg","tag-burkhard","tag-daue","tag-friedrich","tag-geschke","tag-jaeger","tag-landesliga","tag-risch","tag-runow","tag-scholz","tag-stegemann","tag-wittwer"],"jetpack_featured_media_url":"https:\/\/www.jsv-bernau.de\/jsv\/wp-content\/uploads\/post\/704\/bild1.jpg","jetpack_shortlink":"https:\/\/wp.me\/p5TGCK-bm","jetpack_sharing_enabled":true,"_links":{"self":[{"href":"https:\/\/www.jsv-bernau.de\/jsv\/wp-json\/wp\/v2\/posts\/704","targetHints":{"allow":["GET"]}}],"collection":[{"href":"https:\/\/www.jsv-bernau.de\/jsv\/wp-json\/wp\/v2\/posts"}],"about":[{"href":"https:\/\/www.jsv-bernau.de\/jsv\/wp-json\/wp\/v2\/types\/post"}],"author":[{"embeddable":true,"href":"https:\/\/www.jsv-bernau.de\/jsv\/wp-json\/wp\/v2\/users\/7"}],"replies":[{"embeddable":true,"href":"https:\/\/www.jsv-bernau.de\/jsv\/wp-json\/wp\/v2\/comments?post=704"}],"version-history":[{"count":1,"href":"https:\/\/www.jsv-bernau.de\/jsv\/wp-json\/wp\/v2\/posts\/704\/revisions"}],"predecessor-version":[{"id":3318,"href":"https:\/\/www.jsv-bernau.de\/jsv\/wp-json\/wp\/v2\/posts\/704\/revisions\/3318"}],"wp:featuredmedia":[{"embeddable":true,"href":"https:\/\/www.jsv-bernau.de\/jsv\/wp-json\/wp\/v2\/media\/705"}],"wp:attachment":[{"href":"https:\/\/www.jsv-bernau.de\/jsv\/wp-json\/wp\/v2\/media?parent=704"}],"wp:term":[{"taxonomy":"category","embeddable":true,"href":"https:\/\/www.jsv-bernau.de\/jsv\/wp-json\/wp\/v2\/categories?post=704"},{"taxonomy":"post_tag","embeddable":true,"href":"https:\/\/www.jsv-bernau.de\/jsv\/wp-json\/wp\/v2\/tags?post=704"}],"curies":[{"name":"wp","href":"https:\/\/api.w.org\/{rel}","templated":true}]}}