{"id":708,"date":"2011-09-04T16:14:25","date_gmt":"2011-09-04T16:14:25","guid":{"rendered":"https:\/\/www.jsv-bernau.de\/jsv\/?p=708"},"modified":"2015-05-12T10:01:05","modified_gmt":"2015-05-12T08:01:05","slug":"galaauftritt-der-bernauer-judoka-in-forst","status":"publish","type":"post","link":"https:\/\/www.jsv-bernau.de\/jsv\/galaauftritt-der-bernauer-judoka-in-forst\/","title":{"rendered":"Galaauftritt der Bernauer Judoka in Forst"},"content":{"rendered":"<p>Puh.., was f\u00fcr ein Tag der 04.09.11.<\/p>\n<p>Andere nutzten das sch\u00f6ne Wetter, bei Temperaturen um die 30 Grad, f\u00fcr einen Besuch im Freibad oder Biergarten. Nicht die 6 Judoka aus der Altersklasse U17 und U20 um Trainer Franziska Pinske und Hartmut Ott, die machten sich am Sonntag um 06:30 Uhr auf, in Richtung Lausitz zum 1.Internationalen Pokalturnier der Kampfgemeinschaft Cottbus\/Forst.<!--more--><\/p>\n<p>Was die Bernauer Judoka auf den Forster Tatamis zeigten, war nicht allein der Platzierungen wegen ein Galaauftritt, sondern auch die k\u00e4mpferischen Auftritte waren sehr sehenswert. Mann des Tages war Michel Daue der gleich in zwei Gewichtsklassen, bis 66kg und -73 kg seine Gegner das F\u00fcrchten lehrte. Weder in der einen, noch in der anderen Gewichtsklasse gab er eine Wertung ab und gewann all seine 6 K\u00e4mpfe vorzeitig. V\u00f6llig zu Recht erhielt er am Ende des Wettkampfes nicht nur seine zwei Goldmedaillen, sondern auch den Pokal des besten Technikers \u00fcberreicht.<\/p>\n<p>Freudestrahlend, nach drei Siegen konnte auch Paul Roll -55kg seine aufsteigende Form mit einer Goldmedaille belohnen. Erw\u00e4hnenswert war sein herausarbeiten zu den Festhaltetechniken, was auch der zweitplazierte Pole Wasyluk zu sp\u00fcren bekam.<\/p>\n<p>Nach den zuletzt sehr guten Trainingsauftritten und Eins\u00e4tzen in der Landesliga, best\u00e4tigten Paul Weber-Markert -90kg und Enrico Wittwer +100kg, dass in der Zukunft weiter mit ihnen zu rechnen ist. Sie erk\u00e4mpften sich, wie auch die leichteste an diesem Tag, Jenny Roll -44kg die Goldmedaille.<\/p>\n<p>Nach zwei Siegen und ebensoviel Niederlagen gab es f\u00fcr Florian Hensel -66kg die Bronzemedaille. Er hat sich teuer verkauft und hat auch in den verlorenen K\u00e4mpfen gegen die Sportsch\u00fcler aus Potsdam viele gute Wurfans\u00e4tze gezeigt, die aber \u00fcberst\u00fcrzt angesetzt, zu Gegendrehtechniken f\u00fchrten.<\/p>\n<p>Mit dem einen oder anderen K\u00e4mpfer mehr an diesem Tage h\u00e4tte es in der Pokalwertung noch richtig spannend werden k\u00f6nnen. Dennoch Sechs K\u00e4mpfer, Sechs mal Gold, eine Bronzemedaille, dazu den besten Techniker und Platz Zwei in der Pokalwertung sind eine tolle Ausbeute f\u00fcr die Bernauer Judoka.<\/p>\n<p><strong>Platzierungen:<\/strong><\/p>\n<table border=\"0\">\n<tbody>\n<tr>\n<td>1.Platz<\/td>\n<td>Jenny Roll<\/td>\n<td>-44kg<\/td>\n<\/tr>\n<tr>\n<td>1.Platz<\/td>\n<td>Paul Roll<\/td>\n<td>-55kg<\/td>\n<\/tr>\n<tr>\n<td>1.Platz<\/td>\n<td>Michel Daue<\/td>\n<td>-66kg<\/td>\n<\/tr>\n<tr>\n<td>1.Platz<\/td>\n<td>Michel Daue<\/td>\n<td>-73kg<\/td>\n<\/tr>\n<tr>\n<td>1.Platz<\/td>\n<td>Paul Weber-Markert<\/td>\n<td>-90kg<\/td>\n<\/tr>\n<tr>\n<td>1.Platz<\/td>\n<td>Enrico Wittwer<\/td>\n<td>+100kg<\/td>\n<\/tr>\n<tr>\n<td>3.Platz<\/td>\n<td>Florian Hensel<\/td>\n<td>-60kg<\/td>\n<\/tr>\n<\/tbody>\n<\/table>\n<p><strong>Bester Techniker:<\/strong><\/p>\n<p><span style=\"color: #ff0000;\">Michel Daue<\/span><br \/>\n<span style=\"color: #ff0000;\">(1.Platz -66kg u. 73kg)<\/span><\/p>\n<p><strong>Teamwertung:<\/strong><\/p>\n<table border=\"0\">\n<tbody>\n<tr>\n<td>1.<\/td>\n<td>Kampfgemeinschaft Cottbus\/Forst<\/td>\n<td>82 Pkt.<\/td>\n<\/tr>\n<tr>\n<td><span style=\"color: #ff0000;\">2.<\/span><\/td>\n<td><span style=\"color: #ff0000;\">PSV Bernau<\/span><\/td>\n<td><span style=\"color: #ff0000;\">65 Pkt.<\/span><\/td>\n<\/tr>\n<tr>\n<td>3.<\/td>\n<td>Kodokan Vetschau<\/td>\n<td>50 Pkt.<\/td>\n<\/tr>\n<tr>\n<td>4.<\/td>\n<td>UJKC Potsdam<\/td>\n<td>45 Pkt.<\/td>\n<\/tr>\n<\/tbody>\n<\/table>\n<p>&nbsp;<\/p>\n<h5>Weitere Bilder:<\/h5>\n<div id='gallery-1' class='gallery galleryid-708 gallery-columns-4 gallery-size-thumbnail'><dl class='gallery-item'>\n\t\t\t<dt class='gallery-icon landscape'>\n\t\t\t\t<a href='https:\/\/www.jsv-bernau.de\/jsv\/wp-content\/uploads\/post\/708\/bild011.jpg'><img loading=\"lazy\" decoding=\"async\" width=\"420\" height=\"280\" src=\"https:\/\/www.jsv-bernau.de\/jsv\/wp-content\/uploads\/post\/708\/bild011-420x280.jpg\" class=\"attachment-thumbnail size-thumbnail\" alt=\"\" \/><\/a>\n\t\t\t<\/dt><\/dl><dl class='gallery-item'>\n\t\t\t<dt class='gallery-icon landscape'>\n\t\t\t\t<a href='https:\/\/www.jsv-bernau.de\/jsv\/wp-content\/uploads\/post\/708\/bild02.jpg'><img loading=\"lazy\" decoding=\"async\" width=\"420\" height=\"280\" src=\"https:\/\/www.jsv-bernau.de\/jsv\/wp-content\/uploads\/post\/708\/bild02-420x280.jpg\" class=\"attachment-thumbnail size-thumbnail\" alt=\"\" \/><\/a>\n\t\t\t<\/dt><\/dl><dl class='gallery-item'>\n\t\t\t<dt class='gallery-icon landscape'>\n\t\t\t\t<a href='https:\/\/www.jsv-bernau.de\/jsv\/wp-content\/uploads\/post\/708\/bild03.jpg'><img loading=\"lazy\" decoding=\"async\" width=\"420\" height=\"280\" src=\"https:\/\/www.jsv-bernau.de\/jsv\/wp-content\/uploads\/post\/708\/bild03-420x280.jpg\" class=\"attachment-thumbnail size-thumbnail\" alt=\"\" \/><\/a>\n\t\t\t<\/dt><\/dl><dl class='gallery-item'>\n\t\t\t<dt class='gallery-icon landscape'>\n\t\t\t\t<a href='https:\/\/www.jsv-bernau.de\/jsv\/wp-content\/uploads\/post\/708\/bild04.jpg'><img loading=\"lazy\" decoding=\"async\" width=\"420\" height=\"280\" src=\"https:\/\/www.jsv-bernau.de\/jsv\/wp-content\/uploads\/post\/708\/bild04-420x280.jpg\" class=\"attachment-thumbnail size-thumbnail\" alt=\"\" \/><\/a>\n\t\t\t<\/dt><\/dl><br style=\"clear: both\" \/><dl class='gallery-item'>\n\t\t\t<dt class='gallery-icon landscape'>\n\t\t\t\t<a href='https:\/\/www.jsv-bernau.de\/jsv\/wp-content\/uploads\/post\/708\/bild05.jpg'><img loading=\"lazy\" decoding=\"async\" width=\"420\" height=\"280\" src=\"https:\/\/www.jsv-bernau.de\/jsv\/wp-content\/uploads\/post\/708\/bild05-420x280.jpg\" class=\"attachment-thumbnail size-thumbnail\" alt=\"\" \/><\/a>\n\t\t\t<\/dt><\/dl><dl class='gallery-item'>\n\t\t\t<dt class='gallery-icon landscape'>\n\t\t\t\t<a href='https:\/\/www.jsv-bernau.de\/jsv\/wp-content\/uploads\/post\/708\/bild06.jpg'><img loading=\"lazy\" decoding=\"async\" width=\"420\" height=\"280\" src=\"https:\/\/www.jsv-bernau.de\/jsv\/wp-content\/uploads\/post\/708\/bild06-420x280.jpg\" class=\"attachment-thumbnail size-thumbnail\" alt=\"\" \/><\/a>\n\t\t\t<\/dt><\/dl><dl class='gallery-item'>\n\t\t\t<dt class='gallery-icon landscape'>\n\t\t\t\t<a href='https:\/\/www.jsv-bernau.de\/jsv\/wp-content\/uploads\/post\/708\/bild07.jpg'><img loading=\"lazy\" decoding=\"async\" width=\"420\" height=\"280\" src=\"https:\/\/www.jsv-bernau.de\/jsv\/wp-content\/uploads\/post\/708\/bild07-420x280.jpg\" class=\"attachment-thumbnail size-thumbnail\" alt=\"\" \/><\/a>\n\t\t\t<\/dt><\/dl><dl class='gallery-item'>\n\t\t\t<dt class='gallery-icon landscape'>\n\t\t\t\t<a href='https:\/\/www.jsv-bernau.de\/jsv\/wp-content\/uploads\/post\/708\/bild08.jpg'><img loading=\"lazy\" decoding=\"async\" width=\"420\" height=\"280\" src=\"https:\/\/www.jsv-bernau.de\/jsv\/wp-content\/uploads\/post\/708\/bild08-420x280.jpg\" class=\"attachment-thumbnail size-thumbnail\" alt=\"\" \/><\/a>\n\t\t\t<\/dt><\/dl><br style=\"clear: both\" \/>\n\t\t<\/div>\n\n","protected":false},"excerpt":{"rendered":"<p>Puh.., was f\u00fcr ein Tag der 04.09.11. Andere nutzten das sch\u00f6ne Wetter, bei Temperaturen um die 30 Grad, f\u00fcr einen Besuch im Freibad oder Biergarten. Nicht die 6 Judoka aus der Altersklasse U17 und U20 um Trainer Franziska Pinske und Hartmut Ott, die machten sich am Sonntag um 06:30 Uhr auf, in Richtung Lausitz zum 1.Internationalen Pokalturnier der Kampfgemeinschaft Cottbus\/Forst.<\/p>\n","protected":false},"author":6,"featured_media":709,"comment_status":"closed","ping_status":"open","sticky":false,"template":"","format":"standard","meta":{"ngg_post_thumbnail":0,"jetpack_post_was_ever_published":false,"_jetpack_newsletter_access":"","_jetpack_dont_email_post_to_subs":false,"_jetpack_newsletter_tier_id":0,"_jetpack_memberships_contains_paywalled_content":false,"_jetpack_memberships_contains_paid_content":false,"footnotes":""},"categories":[3],"tags":[67,269,183,271,99,270,72,49,66,64,65],"class_list":["post-708","post","type-post","status-publish","format-standard","has-post-thumbnail","hentry","category-ergebnisse","tag-daue","tag-forst","tag-hensel","tag-kampfgemeinschaft-cottbusforst","tag-ott","tag-pokalturnier","tag-roll","tag-u17","tag-u20","tag-weber-markert","tag-wittwer"],"jetpack_featured_media_url":"https:\/\/www.jsv-bernau.de\/jsv\/wp-content\/uploads\/post\/708\/bild01.jpg","jetpack_shortlink":"https:\/\/wp.me\/p5TGCK-bq","jetpack_sharing_enabled":true,"_links":{"self":[{"href":"https:\/\/www.jsv-bernau.de\/jsv\/wp-json\/wp\/v2\/posts\/708","targetHints":{"allow":["GET"]}}],"collection":[{"href":"https:\/\/www.jsv-bernau.de\/jsv\/wp-json\/wp\/v2\/posts"}],"about":[{"href":"https:\/\/www.jsv-bernau.de\/jsv\/wp-json\/wp\/v2\/types\/post"}],"author":[{"embeddable":true,"href":"https:\/\/www.jsv-bernau.de\/jsv\/wp-json\/wp\/v2\/users\/6"}],"replies":[{"embeddable":true,"href":"https:\/\/www.jsv-bernau.de\/jsv\/wp-json\/wp\/v2\/comments?post=708"}],"version-history":[{"count":1,"href":"https:\/\/www.jsv-bernau.de\/jsv\/wp-json\/wp\/v2\/posts\/708\/revisions"}],"predecessor-version":[{"id":3313,"href":"https:\/\/www.jsv-bernau.de\/jsv\/wp-json\/wp\/v2\/posts\/708\/revisions\/3313"}],"wp:featuredmedia":[{"embeddable":true,"href":"https:\/\/www.jsv-bernau.de\/jsv\/wp-json\/wp\/v2\/media\/709"}],"wp:attachment":[{"href":"https:\/\/www.jsv-bernau.de\/jsv\/wp-json\/wp\/v2\/media?parent=708"}],"wp:term":[{"taxonomy":"category","embeddable":true,"href":"https:\/\/www.jsv-bernau.de\/jsv\/wp-json\/wp\/v2\/categories?post=708"},{"taxonomy":"post_tag","embeddable":true,"href":"https:\/\/www.jsv-bernau.de\/jsv\/wp-json\/wp\/v2\/tags?post=708"}],"curies":[{"name":"wp","href":"https:\/\/api.w.org\/{rel}","templated":true}]}}