{"id":73,"date":"2010-06-13T20:45:32","date_gmt":"2010-06-13T20:45:32","guid":{"rendered":"https:\/\/www.jsv-bernau.de\/jsv\/?p=73"},"modified":"2015-05-13T08:40:46","modified_gmt":"2015-05-13T06:40:46","slug":"12-titel-fuer-psv-judoka","status":"publish","type":"post","link":"https:\/\/www.jsv-bernau.de\/jsv\/12-titel-fuer-psv-judoka\/","title":{"rendered":"12 Titel f\u00fcr PSV &#8211; Judoka"},"content":{"rendered":"<p>Am 13.06.2010 wurde in Oranienburg die Kreis-Unions-Einzelmeisterschaft der Altersklassen U10, U12 und U14 ausgek\u00e4mpft. F\u00fcr die Altersklasse U10 war dies der Jahresh\u00f6hepunkt, auf den sie sich akribisch und mit vollem Einsatz vorbereitet haben.<!--more--><\/p>\n<p>F\u00fcr die U12 galt es, sich durch einen Medaillengewinn f\u00fcr die Landejugendspiele am 26.06.10 in Brandenburg zu qualifizieren. Gleiches traf auf die U 14 zu, die sich ebenfalls f\u00fcr ihre Landesmeisterschaften qualifizieren wollten. Einen kompletten Medaillensatz konnten sich die jungen M\u00e4dchen der U 10 des PSV Bernau erk\u00e4mpfen. Vanessa Trajcev (nach dem Gewichtsklassenwechsel jetzt bis 30 kg am Start) und Henrike M\u00fchl zeigten tolles Angriffsjudo und konnten nach erfolgreichen W\u00fcrfen ihre Gegnerinnen durch Festhaltetechniken am Boden mit Ippon besiegen und sich somit die Goldmedaillen in ihren Gewichtsklassen erk\u00e4mpfen.<\/p>\n<p>Klara Burghardt musste erst im Finale die \u00dcberlegenheit ihrer Kontrahentin anerkennen, doch die gewonnene Silbermedaille war schon Trost. Lea Elisa Kowalk konnte nur in einem Kampf\u00fcberzeugen, doch ihr erreichter 3. Platz ist aller Ehren wert, k\u00e4mpfte sie doch tapfer gegen \u00e4ltere Sportlerinnen.<\/p>\n<p>Bei den Jungen der Altersklasse U10 \u00fcberraschte Niclas Topel, couragiert und voll konzentriert ging er auf die Tatami und konnte diese nach zwei Ippon siegen und einem Sieg mit Waza-Ari jedes Mal als strahlender Sieger verlassen. Die Goldmedaille war verdienter Lohn f\u00fcr seine klasse Leistung. Einen tollen 2. Platz erk\u00e4mpfte sich Ian Willendorf, der sich bei seinem ersten Judoturnier \u00fcberhaupt gleich bis ins Finale vork\u00e4mpfen konnte. Jeweils seine Bronzemedaille konnten sich Lukas Fenk, Oliver Trajcev und Paul Harm erk\u00e4mpfen.<\/p>\n<p>Die M\u00e4dchen der U12 konnten drei Goldmedaillen, durch Candy Porges, Josephine Pagel und Kassandra Bosharat, einmal Silber durch Sophia Pascher und zwei mal Bronze durch Josephine Mann und Lydie Kappey erk\u00e4mpfen.<\/p>\n<p>Auch auf die Jungen der U12 war dies mal wieder verlass, erk\u00e4mpften sie doch 6 Medaillen bei 8 gestarteten Judoka. \u00dcberraschend sicher erk\u00e4mpfte sich Markus Kruspe eine Goldmedaille. Nach zwei Ippon siegen stand er im Finale und traf da auf seinen Vereinskameraden Alexander Fokin, der bis dahin drei Mal die Tatami als Sieger verlassen konnte. Dieses mal setzte sich Markus durch eine taktische Meisterleistung klar durch und verwies Alexander auf den 2. Platz.<\/p>\n<p>Eine weitere Goldmedaille sicherte sich Fridolin Vach, der im Finale einen blitzsauberen Armhebel ansetzen und damit den Kampf mit Ippon entscheiden konnte. Phillip Posselt belegte nach gro\u00dfer Energieleistung einen 2. Platz. Adrian Knospe, der nicht seinen besten Tag erwischte und leider einen Kampf verlor, steigerte sich noch zu drei Siegen und konnte am Ende doch noch die Bronzemedaille erk\u00e4mpfen.<\/p>\n<p>Ebenfalls Bronze sicherte sich Ricardo Pascher, der nach zwei klaren Siegen leider einmal verlor und somit den 3. Platz belegte. Als Letzte bei dieser Mammutveranstaltung k\u00e4mpften die Judoka der Altersklasse U14. Mit vier Goldmedaillen, erk\u00e4mpft durch Maria Lang, Marvin Burkhardt, Theo Herz und Nick Thurandt, einmal Silber durch Dimitri Koslowski sowie zweimal Bronze durch Fabian F\u00fcnfst\u00fcck und Doris Malleike, schnitt auch diese AK erfolgreich ab.<\/p>\n","protected":false},"excerpt":{"rendered":"<p>Am 13.06.2010 wurde in Oranienburg die Kreis-Unions-Einzelmeisterschaft der Altersklassen U10, U12 und U14 ausgek\u00e4mpft. F\u00fcr die Altersklasse U10 war dies der Jahresh\u00f6hepunkt, auf den sie sich akribisch und mit vollem Einsatz vorbereitet haben.<\/p>\n","protected":false},"author":3,"featured_media":0,"comment_status":"closed","ping_status":"open","sticky":false,"template":"","format":"standard","meta":{"ngg_post_thumbnail":0,"jetpack_post_was_ever_published":false,"_jetpack_newsletter_access":"","_jetpack_dont_email_post_to_subs":false,"_jetpack_newsletter_tier_id":0,"_jetpack_memberships_contains_paywalled_content":false,"_jetpack_memberships_contains_paid_content":false,"footnotes":""},"categories":[3],"tags":[348,345,63,329,24,25,349,195,344,57,225,84,152,347,260,86,258,226,346,56,278],"class_list":["post-73","post","type-post","status-publish","format-standard","hentry","category-ergebnisse","tag-bosharat","tag-burghardt","tag-burkhardt","tag-fenk","tag-harm","tag-herz","tag-koslowski","tag-kowalk","tag-kreisunionseinzelmeisterschaft","tag-kruspe","tag-lang","tag-muehl","tag-oranienburg","tag-pagel","tag-pascher","tag-porges","tag-posselt","tag-thurandt","tag-topel","tag-trajcev","tag-vach"],"jetpack_featured_media_url":"","jetpack_shortlink":"https:\/\/wp.me\/p5TGCK-1b","jetpack_sharing_enabled":true,"_links":{"self":[{"href":"https:\/\/www.jsv-bernau.de\/jsv\/wp-json\/wp\/v2\/posts\/73","targetHints":{"allow":["GET"]}}],"collection":[{"href":"https:\/\/www.jsv-bernau.de\/jsv\/wp-json\/wp\/v2\/posts"}],"about":[{"href":"https:\/\/www.jsv-bernau.de\/jsv\/wp-json\/wp\/v2\/types\/post"}],"author":[{"embeddable":true,"href":"https:\/\/www.jsv-bernau.de\/jsv\/wp-json\/wp\/v2\/users\/3"}],"replies":[{"embeddable":true,"href":"https:\/\/www.jsv-bernau.de\/jsv\/wp-json\/wp\/v2\/comments?post=73"}],"version-history":[{"count":2,"href":"https:\/\/www.jsv-bernau.de\/jsv\/wp-json\/wp\/v2\/posts\/73\/revisions"}],"predecessor-version":[{"id":3365,"href":"https:\/\/www.jsv-bernau.de\/jsv\/wp-json\/wp\/v2\/posts\/73\/revisions\/3365"}],"wp:attachment":[{"href":"https:\/\/www.jsv-bernau.de\/jsv\/wp-json\/wp\/v2\/media?parent=73"}],"wp:term":[{"taxonomy":"category","embeddable":true,"href":"https:\/\/www.jsv-bernau.de\/jsv\/wp-json\/wp\/v2\/categories?post=73"},{"taxonomy":"post_tag","embeddable":true,"href":"https:\/\/www.jsv-bernau.de\/jsv\/wp-json\/wp\/v2\/tags?post=73"}],"curies":[{"name":"wp","href":"https:\/\/api.w.org\/{rel}","templated":true}]}}