{"id":7309,"date":"2021-12-18T19:21:03","date_gmt":"2021-12-18T18:21:03","guid":{"rendered":"https:\/\/www.jsv-bernau.de\/jsv\/?p=7309"},"modified":"2021-12-18T19:21:05","modified_gmt":"2021-12-18T18:21:05","slug":"vereinsguertelpruefung-in-schoenow","status":"publish","type":"post","link":"https:\/\/www.jsv-bernau.de\/jsv\/vereinsguertelpruefung-in-schoenow\/","title":{"rendered":"Vereinsg\u00fcrtelpr\u00fcfung in Sch\u00f6now"},"content":{"rendered":"\n<p>Am 18.12.21 f\u00fchrten wir unsere erste Vereinsg\u00fcrtelpr\u00fcfung durch. <\/p>\n\n\n\n<p>Durch die langen Trainingspausen in den letzten zwei Jahren und den fehlenden Wettk\u00e4mpfen hatten die Trainer und der Vorstand beschlossen, dass die Pr\u00fcfung der gemeinsame Abschlussh\u00f6hepunkt 2021 werden sollte.<\/p>\n\n\n\n<p>Es stellten sich 60 Judoka aus Bernau und Sch\u00f6now der Pr\u00fcfung, wobei alle G\u00fcrtelfarben gepr\u00fcft wurden. Damit die Halle den momentanen Gegebenheiten gen\u00fcgte, verzichteten die Zepernicker Trainer auf diese Veranstaltung, um in ihrem St\u00fctzpunkt zu pr\u00fcfen. Sie stellten uns daf\u00fcr 100 Matten aus ihrer Halle bereit, welche unser flei\u00dfiger Helfer Frank Neuber mit seinem T4 aus Zepernick vorbei brachte.<\/p>\n\n\n\n<p>Die anderen flei\u00dfigen Helfer hatten drei Matten aufgebaut, auf welchen jeweils Sportler aus einer Trainingsgruppe ihre Pr\u00fcfung nacheinander zeigen konnten.<\/p>\n\n\n\n<p>Die Pr\u00fcfungen f\u00fchrten Hartmut Ott, Hendrik Krause, Frank Opitz und Jens Katzorke durch, wodurch auch die Pr\u00fcfer aus verschiedenen St\u00fctzpunkten und Gruppen kamen und somit die Pr\u00fcflinge noch aufgeregter sein durften.<\/p>\n\n\n\n<p>Gegen 09:30 Uhr kamen die Kinder der U8 bis U 15 und begannen 10:15 Uhr, nach der Begr\u00fc\u00dfung durch den Cheftrainer Hartmut Ott und dem 1. Vorsitzenden Heiko Posselt, mit ihrem Programm. Bei den J\u00fcngsten wurden mehrere Paare gleichzeitig auf wei\u00df-gelb gepr\u00fcft, um die Aufregung im Rahmen zu halten.<\/p>\n\n\n\n<p>Bei den h\u00f6heren G\u00fcrtelstufen wurde dann wieder einzeln gepr\u00fcft. Als dann gegen 11:30 Uhr die U18 dran kam, knallte es ordentlich, als mit viel Adrenalin die W\u00fcrfe gezeigt wurden. Ein Pr\u00fcfling nahm das erste Mal die M\u00f6glichkeit wahr, in der Anwendungsaufgabe die Selbstverteidigung zu zeigen, was eine andere Sichtweise auf den Judosport erlaubte und zeigte, dass die Selbstverteidigung doch kein Selbstl\u00e4ufer ist.<\/p>\n\n\n\n<p>Damit ein wenig Adventsstimmung aufkam und keiner hungern und dursten musste, stellte der Verein im Vorraum Lebkuchen, Stollen und Kaffee zur Verf\u00fcgung.<\/p>\n\n\n\n<p>Gegen 12:45 Uhr waren die Pr\u00fcfungen beendet und es wurden die neuen G\u00fcrtel und Urkunden allen bestandenen Pr\u00fcflingen, also allen Pr\u00fcflingen, \u00fcbergeben.<\/p>\n\n\n\n<p>Alles in allem war es eine gelungene Veranstaltung mit einigen Verbesserungsm\u00f6glichkeiten, sowohl im Vorfeld, in der Durchf\u00fchrung und beim Abschluss. Den Trainern und Pr\u00fcfern hat es jedenfalls gefallen.<\/p>\n\n\n\n<p>Der Vorstand dankt allen Helfern, wie z.B. Jessica Stache (Urkundenschreiberin), Karen Katzorke (Verpflegung), Marco Patzwall (\u201eJunge f\u00fcr alles\u201c), Moritz Katzorke (Fotos), den vielen Auf- und Abbauern der Matten f\u00fcr diesen schnell vor\u00fcber gegangenen Vormittag und Bernau live.<\/p>\n\n\n\n<p>Wir w\u00fcnschen allen eine ruhige Adventszeit und freuen uns auf ein n\u00e4chstes Mal.<\/p>\n","protected":false},"excerpt":{"rendered":"<p>Am 18.12.21 f\u00fchrten wir unsere erste Vereinsg\u00fcrtelpr\u00fcfung durch. Durch die langen Trainingspausen in den letzten zwei Jahren und den fehlenden Wettk\u00e4mpfen hatten die Trainer und der Vorstand beschlossen, dass die Pr\u00fcfung der gemeinsame Abschlussh\u00f6hepunkt 2021 werden sollte. Es stellten sich 60 Judoka aus Bernau und Sch\u00f6now der Pr\u00fcfung, wobei alle G\u00fcrtelfarben gepr\u00fcft wurden. Damit die Halle den momentanen Gegebenheiten gen\u00fcgte, verzichteten die Zepernicker Trainer auf diese Veranstaltung, um in ihrem St\u00fctzpunkt zu pr\u00fcfen. Sie stellten uns daf\u00fcr 100 Matten aus ihrer Halle bereit, welche unser flei\u00dfiger Helfer Frank Neuber mit seinem T4 aus Zepernick vorbei brachte. Die anderen flei\u00dfigen Helfer hatten drei Matten aufgebaut, auf welchen jeweils Sportler aus einer Trainingsgruppe ihre Pr\u00fcfung nacheinander zeigen konnten. Die Pr\u00fcfungen f\u00fchrten Hartmut Ott, Hendrik Krause, Frank Opitz und Jens Katzorke durch, wodurch auch die Pr\u00fcfer aus verschiedenen St\u00fctzpunkten und Gruppen kamen und somit die Pr\u00fcflinge noch aufgeregter sein durften. Gegen 09:30 Uhr kamen die Kinder der U8 bis U 15 und begannen 10:15 Uhr, nach der Begr\u00fc\u00dfung durch den Cheftrainer Hartmut Ott und dem 1. Vorsitzenden Heiko &hellip;<\/p>\n","protected":false},"author":20,"featured_media":7310,"comment_status":"closed","ping_status":"open","sticky":false,"template":"","format":"standard","meta":{"ngg_post_thumbnail":0,"jetpack_post_was_ever_published":false,"_jetpack_newsletter_access":"","_jetpack_dont_email_post_to_subs":false,"_jetpack_newsletter_tier_id":0,"_jetpack_memberships_contains_paywalled_content":false,"_jetpack_memberships_contains_paid_content":false,"footnotes":""},"categories":[1,5],"tags":[498,575,489,574],"class_list":["post-7309","post","type-post","status-publish","format-standard","has-post-thumbnail","hentry","category-allgemein","category-news","tag-guertelpruefung","tag-hoehepunkt","tag-schoenow","tag-vereinsguertelpruefung"],"jetpack_featured_media_url":"https:\/\/www.jsv-bernau.de\/jsv\/wp-content\/uploads\/post\/7309\/DSC012891-scaled.jpg","jetpack_shortlink":"https:\/\/wp.me\/p5TGCK-1TT","jetpack_sharing_enabled":true,"_links":{"self":[{"href":"https:\/\/www.jsv-bernau.de\/jsv\/wp-json\/wp\/v2\/posts\/7309","targetHints":{"allow":["GET"]}}],"collection":[{"href":"https:\/\/www.jsv-bernau.de\/jsv\/wp-json\/wp\/v2\/posts"}],"about":[{"href":"https:\/\/www.jsv-bernau.de\/jsv\/wp-json\/wp\/v2\/types\/post"}],"author":[{"embeddable":true,"href":"https:\/\/www.jsv-bernau.de\/jsv\/wp-json\/wp\/v2\/users\/20"}],"replies":[{"embeddable":true,"href":"https:\/\/www.jsv-bernau.de\/jsv\/wp-json\/wp\/v2\/comments?post=7309"}],"version-history":[{"count":1,"href":"https:\/\/www.jsv-bernau.de\/jsv\/wp-json\/wp\/v2\/posts\/7309\/revisions"}],"predecessor-version":[{"id":7311,"href":"https:\/\/www.jsv-bernau.de\/jsv\/wp-json\/wp\/v2\/posts\/7309\/revisions\/7311"}],"wp:featuredmedia":[{"embeddable":true,"href":"https:\/\/www.jsv-bernau.de\/jsv\/wp-json\/wp\/v2\/media\/7310"}],"wp:attachment":[{"href":"https:\/\/www.jsv-bernau.de\/jsv\/wp-json\/wp\/v2\/media?parent=7309"}],"wp:term":[{"taxonomy":"category","embeddable":true,"href":"https:\/\/www.jsv-bernau.de\/jsv\/wp-json\/wp\/v2\/categories?post=7309"},{"taxonomy":"post_tag","embeddable":true,"href":"https:\/\/www.jsv-bernau.de\/jsv\/wp-json\/wp\/v2\/tags?post=7309"}],"curies":[{"name":"wp","href":"https:\/\/api.w.org\/{rel}","templated":true}]}}