{"id":7501,"date":"2022-05-20T16:27:00","date_gmt":"2022-05-20T14:27:00","guid":{"rendered":"https:\/\/www.jsv-bernau.de\/jsv\/?p=7501"},"modified":"2022-07-26T16:33:29","modified_gmt":"2022-07-26T14:33:29","slug":"trainingslager-in-lindow-2","status":"publish","type":"post","link":"https:\/\/www.jsv-bernau.de\/jsv\/trainingslager-in-lindow-2\/","title":{"rendered":"Trainingslager in Lindow"},"content":{"rendered":"\n<p>In Lindow startete vom 6.-8.5.2022 seit langer Pause wieder ein dreit\u00e4giges Trainingslager des JSV Bernau.<\/p>\n\n\n\n<p>Neben sportlicher Bet\u00e4tigung gab es auch geselliges Beieinander und auch an Hopfentee hat es nicht gemangelt. Dabei gab es sowohl neue, wie auch altbekannte Gesichter zu sehen.<\/p>\n\n\n\n<p>Doch alles von Anfang.<\/p>\n\n\n\n<p><strong>Freitag &#8211; Anreisetag<\/strong><\/p>\n\n\n\n<p>Gegen 16:30 Uhr trafen sich die Ersten am Dojo. Nach kurzer Absprache und organisatorischen Kleinigkeiten ging es an das Verladen des Gep\u00e4cks.<\/p>\n\n\n\n<p>Im Lindow angekommen bezogen alle ihre Zimmer und nach dem ersten Isotonischen Weizen ging es auch schon zum Beachfu\u00dfball. Nach einer Niederlage von meinem Team und ein paar hundert M\u00fcckenstichen sp\u00e4ter, war es an der Zeit die Mattenfl\u00e4che aufzubauen und dem Abend ein geselliges Ende zu setzen.<\/p>\n\n\n\n<p><strong>Samstag &#8211; Laufen, Judo, Badespa\u00df und Krafttraining<\/strong><\/p>\n\n\n\n<p>Die Sonne lacht, ein neuer Tag ist erwacht. Um 07:00 Uhr ging es zum Laufen vors Geb\u00e4ude. So startete der Morgen im Trainingslager mit einer morgendlichen Laufrunde um den See.<\/p>\n\n\n\n<p>Auf individuelle Leistungsst\u00e4nde wurde hier nat\u00fcrlich geachtet. Mit dem Satz: &#8222;\u00dc 50 (Jahre) oder \u00dc 100 (kg).&#8220; wurde schnell abgesteckt, wer die gro\u00dfe und wer die etwas k\u00fcrzere Runde laufen durfte. Mit der R\u00fcckkehr vom Laufen hatten alle noch etwas Zeit, um sich vor dem Fr\u00fchst\u00fcck frisch zu machen. Auch hier galten altbew\u00e4hrte Weisheiten: &#8222;Wer schneller rennt, hat l\u00e4nger Pause!&#8220;<\/p>\n\n\n\n<p>Ein ausgewogenes Fr\u00fchst\u00fcck sp\u00e4ter ging es dann zum Judo. Aufgrund des sch\u00f6nen Wetters wurde das Judotechniktraining nach drau\u00dfen verlegt. So kam es, dass man uns Judoka Mal auf dem Fu\u00dfballplatz sah. Zwar ohne Ball, aber immerhin mit Gi.<\/p>\n\n\n\n<p>Eine schwei\u00dftreibenden Judo-Einheit sp\u00e4ter, ging es f\u00fcr uns in die Schwimmhalle. Dabei sollten ein paar Bahnen absolviert werden, bis man zum Regenerieren in ein etwas w\u00e4rmeres Schwimmbecken durfte. Im Wasser angekommen stellte sich allerdings schnell die Frage, ob einfache Bahnen oder Hin und zur\u00fcck gez\u00e4hlt werden. Was jeder f\u00fcr sich gez\u00e4hlt hat, wird wohl ein Geheimnis bleiben.<\/p>\n\n\n\n<p>Nach einem kurzem P\u00e4us\u2018chen (1h) ging es f\u00fcr 2 Stunden ab in die \u201eMukkibude\u201c &#8211; wo u.a. der Discomuskel ordentlich trainiert wurde. Hierf\u00fcr stand uns der Kraftraum des Sportzentrums mit einer Vielzahl an Ger\u00e4ten zur Verf\u00fcgung. Und da wir in unseren ersten Kraftkreis nicht alle genutzt haben, wurde kurz darauf der Zweite angesetzt.<\/p>\n\n\n\n<p><strong>Sonntag- Abeise<\/strong><\/p>\n\n\n\n<p>Der letzte Tag begann wieder mit einem gem\u00fctlichen L\u00e4ufchen am Morgen. Auch hier wurde wieder auf die altbew\u00e4hrte Runde um den See zur\u00fcckgegriffen.<\/p>\n\n\n\n<p>Nach dem Fr\u00fchst\u00fcck ging es ab in Richtung Halle 3. Dieses Mal fand das Training in der Halle auf der Tatami statt und wir konnten uns tats\u00e4chlich auch etwas \u00fcber den Boden rollen. Nach zahlreichen \u00dcbungen, (welche aus Datenschutzgr\u00fcnden nicht n\u00e4her beschrieben werden d\u00fcrfen), stand das letzte Judo-Training an. Auch konnten vereinzelte Wissensl\u00fccken geschlossen werden. So wurde anschaulich verdeutlicht, dass es zwar fliegende Teppiche gibt, diese jedoch nicht so still sind, wie manche Filme vermuten lassen.<\/p>\n\n\n\n<p>Am Ende der letzten Judo- (Flug-) Stunde ging es in die Cool-Down-Phase. Selten habe ich mich so \u00fcber das Dehnen gefreut wie an diesen Tag.<\/p>\n\n\n\n<p>Zum kr\u00f6nenden Abschluss gab es noch ein kleine akrobatische Showeinlage f\u00fcr ein sch\u00f6nes Gruppenfoto.<\/p>\n\n\n\n<p>Nun hie\u00df es Matten abbauen, Sachen zusammenpacken und Autos beladen. Vor der Abfahrt gab es allerdings noch ein letztes gemeinsames Mittagessen. Das hatten sich alle wirklich verdient.<\/p>\n\n\n\n<p>Ein herzliches DANKE geht an unseren Trainer Otti und allen, die bei der Organisation des Trainingslagers mitwirkten.<\/p>\n\n\n\n<p>Ich freue mich schon sehr auf das n\u00e4chste Trainingslager.<\/p>\n\n\n\n<p>Gastautor: Eric Hausding<\/p>\n\n\n\n<div class=\"wp-block-jetpack-tiled-gallery aligncenter is-style-rectangular\"><div class=\"tiled-gallery__gallery\"><div class=\"tiled-gallery__row\"><div class=\"tiled-gallery__col\" style=\"flex-basis:25.00000%\"><figure class=\"tiled-gallery__item\"><img decoding=\"async\" srcset=\"https:\/\/i0.wp.com\/www.jsv-bernau.de\/jsv\/wp-content\/uploads\/bild6-600x800.jpg?strip=info&#038;w=600&#038;ssl=1 600w,https:\/\/i0.wp.com\/www.jsv-bernau.de\/jsv\/wp-content\/uploads\/bild6-600x800.jpg?strip=info&#038;w=768&#038;ssl=1 768w\" alt=\"\" data-height=\"1024\" data-id=\"7507\" data-link=\"https:\/\/www.jsv-bernau.de\/jsv\/bild6-2\/\" data-url=\"https:\/\/www.jsv-bernau.de\/jsv\/wp-content\/uploads\/bild6-600x800.jpg\" data-width=\"768\" src=\"https:\/\/i0.wp.com\/www.jsv-bernau.de\/jsv\/wp-content\/uploads\/bild6-600x800.jpg?ssl=1\" data-amp-layout=\"responsive\"\/><\/figure><\/div><div class=\"tiled-gallery__col\" style=\"flex-basis:25.00000%\"><figure class=\"tiled-gallery__item\"><img decoding=\"async\" srcset=\"https:\/\/i2.wp.com\/www.jsv-bernau.de\/jsv\/wp-content\/uploads\/bild5-600x800.jpg?strip=info&#038;w=600&#038;ssl=1 600w,https:\/\/i2.wp.com\/www.jsv-bernau.de\/jsv\/wp-content\/uploads\/bild5-600x800.jpg?strip=info&#038;w=768&#038;ssl=1 768w\" alt=\"\" data-height=\"1024\" data-id=\"7506\" data-link=\"https:\/\/www.jsv-bernau.de\/jsv\/bild5-3\/\" data-url=\"https:\/\/www.jsv-bernau.de\/jsv\/wp-content\/uploads\/bild5-600x800.jpg\" data-width=\"768\" src=\"https:\/\/i2.wp.com\/www.jsv-bernau.de\/jsv\/wp-content\/uploads\/bild5-600x800.jpg?ssl=1\" data-amp-layout=\"responsive\"\/><\/figure><\/div><div class=\"tiled-gallery__col\" style=\"flex-basis:25.00000%\"><figure class=\"tiled-gallery__item\"><img decoding=\"async\" srcset=\"https:\/\/i2.wp.com\/www.jsv-bernau.de\/jsv\/wp-content\/uploads\/bild4-600x800.jpg?strip=info&#038;w=600&#038;ssl=1 600w,https:\/\/i2.wp.com\/www.jsv-bernau.de\/jsv\/wp-content\/uploads\/bild4-600x800.jpg?strip=info&#038;w=768&#038;ssl=1 768w\" alt=\"\" data-height=\"1024\" data-id=\"7505\" data-link=\"https:\/\/www.jsv-bernau.de\/jsv\/bild4-4\/\" data-url=\"https:\/\/www.jsv-bernau.de\/jsv\/wp-content\/uploads\/bild4-600x800.jpg\" data-width=\"768\" src=\"https:\/\/i2.wp.com\/www.jsv-bernau.de\/jsv\/wp-content\/uploads\/bild4-600x800.jpg?ssl=1\" data-amp-layout=\"responsive\"\/><\/figure><\/div><div class=\"tiled-gallery__col\" style=\"flex-basis:25.00000%\"><figure class=\"tiled-gallery__item\"><img decoding=\"async\" srcset=\"https:\/\/i2.wp.com\/www.jsv-bernau.de\/jsv\/wp-content\/uploads\/bild3-600x800.jpg?strip=info&#038;w=600&#038;ssl=1 600w,https:\/\/i2.wp.com\/www.jsv-bernau.de\/jsv\/wp-content\/uploads\/bild3-600x800.jpg?strip=info&#038;w=768&#038;ssl=1 768w\" alt=\"\" data-height=\"1024\" data-id=\"7504\" data-link=\"https:\/\/www.jsv-bernau.de\/jsv\/bild3-5\/\" data-url=\"https:\/\/www.jsv-bernau.de\/jsv\/wp-content\/uploads\/bild3-600x800.jpg\" data-width=\"768\" src=\"https:\/\/i2.wp.com\/www.jsv-bernau.de\/jsv\/wp-content\/uploads\/bild3-600x800.jpg?ssl=1\" data-amp-layout=\"responsive\"\/><\/figure><\/div><\/div><div class=\"tiled-gallery__row\"><div class=\"tiled-gallery__col\" style=\"flex-basis:31.43178%\"><figure class=\"tiled-gallery__item\"><img decoding=\"async\" srcset=\"https:\/\/i0.wp.com\/www.jsv-bernau.de\/jsv\/wp-content\/uploads\/bild2.jpg?strip=info&#038;w=560&#038;ssl=1 560w\" alt=\"\" data-height=\"640\" data-id=\"7503\" data-link=\"https:\/\/www.jsv-bernau.de\/jsv\/bild2-10\/\" data-url=\"https:\/\/www.jsv-bernau.de\/jsv\/wp-content\/uploads\/bild2.jpg\" data-width=\"560\" src=\"https:\/\/i0.wp.com\/www.jsv-bernau.de\/jsv\/wp-content\/uploads\/bild2.jpg?ssl=1\" data-amp-layout=\"responsive\"\/><\/figure><\/div><div class=\"tiled-gallery__col\" style=\"flex-basis:68.56822%\"><figure class=\"tiled-gallery__item\"><img decoding=\"async\" srcset=\"https:\/\/i2.wp.com\/www.jsv-bernau.de\/jsv\/wp-content\/uploads\/bild1.jpg?strip=info&#038;w=600&#038;ssl=1 600w,https:\/\/i2.wp.com\/www.jsv-bernau.de\/jsv\/wp-content\/uploads\/bild1.jpg?strip=info&#038;w=640&#038;ssl=1 640w\" alt=\"\" data-height=\"334\" data-id=\"7502\" data-link=\"https:\/\/www.jsv-bernau.de\/jsv\/bild1-15\/\" data-url=\"https:\/\/www.jsv-bernau.de\/jsv\/wp-content\/uploads\/bild1.jpg\" data-width=\"640\" src=\"https:\/\/i2.wp.com\/www.jsv-bernau.de\/jsv\/wp-content\/uploads\/bild1.jpg?ssl=1\" data-amp-layout=\"responsive\"\/><\/figure><\/div><\/div><\/div><\/div>\n","protected":false},"excerpt":{"rendered":"<p>In Lindow startete vom 6.-8.5.2022 seit langer Pause wieder ein dreit\u00e4giges Trainingslager des JSV Bernau. Neben sportlicher Bet\u00e4tigung gab es auch geselliges Beieinander und auch an Hopfentee hat es nicht gemangelt. Dabei gab es sowohl neue, wie auch altbekannte Gesichter zu sehen. Doch alles von Anfang. Freitag &#8211; Anreisetag Gegen 16:30 Uhr trafen sich die Ersten am Dojo. Nach kurzer Absprache und organisatorischen Kleinigkeiten ging es an das Verladen des Gep\u00e4cks. Im Lindow angekommen bezogen alle ihre Zimmer und nach dem ersten Isotonischen Weizen ging es auch schon zum Beachfu\u00dfball. Nach einer Niederlage von meinem Team und ein paar hundert M\u00fcckenstichen sp\u00e4ter, war es an der Zeit die Mattenfl\u00e4che aufzubauen und dem Abend ein geselliges Ende zu setzen. Samstag &#8211; Laufen, Judo, Badespa\u00df und Krafttraining Die Sonne lacht, ein neuer Tag ist erwacht. Um 07:00 Uhr ging es zum Laufen vors Geb\u00e4ude. So startete der Morgen im Trainingslager mit einer morgendlichen Laufrunde um den See. Auf individuelle Leistungsst\u00e4nde wurde hier nat\u00fcrlich geachtet. Mit dem Satz: &#8222;\u00dc 50 (Jahre) oder \u00dc 100 (kg).&#8220; wurde schnell abgesteckt, &hellip;<\/p>\n","protected":false},"author":6,"featured_media":7503,"comment_status":"closed","ping_status":"open","sticky":false,"template":"","format":"standard","meta":{"ngg_post_thumbnail":0,"jetpack_post_was_ever_published":false,"_jetpack_newsletter_access":"","_jetpack_dont_email_post_to_subs":false,"_jetpack_newsletter_tier_id":0,"_jetpack_memberships_contains_paywalled_content":false,"_jetpack_memberships_contains_paid_content":false,"footnotes":""},"categories":[1,5],"tags":[584,98,291],"class_list":["post-7501","post","type-post","status-publish","format-standard","has-post-thumbnail","hentry","category-allgemein","category-news","tag-eric-hausding","tag-lindow","tag-trainingslager"],"jetpack_featured_media_url":"https:\/\/www.jsv-bernau.de\/jsv\/wp-content\/uploads\/bild2.jpg","jetpack_shortlink":"https:\/\/wp.me\/p5TGCK-1WZ","jetpack_sharing_enabled":true,"_links":{"self":[{"href":"https:\/\/www.jsv-bernau.de\/jsv\/wp-json\/wp\/v2\/posts\/7501","targetHints":{"allow":["GET"]}}],"collection":[{"href":"https:\/\/www.jsv-bernau.de\/jsv\/wp-json\/wp\/v2\/posts"}],"about":[{"href":"https:\/\/www.jsv-bernau.de\/jsv\/wp-json\/wp\/v2\/types\/post"}],"author":[{"embeddable":true,"href":"https:\/\/www.jsv-bernau.de\/jsv\/wp-json\/wp\/v2\/users\/6"}],"replies":[{"embeddable":true,"href":"https:\/\/www.jsv-bernau.de\/jsv\/wp-json\/wp\/v2\/comments?post=7501"}],"version-history":[{"count":1,"href":"https:\/\/www.jsv-bernau.de\/jsv\/wp-json\/wp\/v2\/posts\/7501\/revisions"}],"predecessor-version":[{"id":7508,"href":"https:\/\/www.jsv-bernau.de\/jsv\/wp-json\/wp\/v2\/posts\/7501\/revisions\/7508"}],"wp:featuredmedia":[{"embeddable":true,"href":"https:\/\/www.jsv-bernau.de\/jsv\/wp-json\/wp\/v2\/media\/7503"}],"wp:attachment":[{"href":"https:\/\/www.jsv-bernau.de\/jsv\/wp-json\/wp\/v2\/media?parent=7501"}],"wp:term":[{"taxonomy":"category","embeddable":true,"href":"https:\/\/www.jsv-bernau.de\/jsv\/wp-json\/wp\/v2\/categories?post=7501"},{"taxonomy":"post_tag","embeddable":true,"href":"https:\/\/www.jsv-bernau.de\/jsv\/wp-json\/wp\/v2\/tags?post=7501"}],"curies":[{"name":"wp","href":"https:\/\/api.w.org\/{rel}","templated":true}]}}