{"id":8004,"date":"2023-02-20T14:20:56","date_gmt":"2023-02-20T13:20:56","guid":{"rendered":"https:\/\/www.jsv-bernau.de\/jsv\/?p=8004"},"modified":"2023-05-06T21:34:53","modified_gmt":"2023-05-06T19:34:53","slug":"marathon-in-der-halle","status":"publish","type":"post","link":"https:\/\/www.jsv-bernau.de\/jsv\/marathon-in-der-halle\/","title":{"rendered":"Marathon in der Halle"},"content":{"rendered":"\n<p><br><br>Greifswald scheint eine sch\u00f6ne Stadt zu sein. Unsere Sportler Paulina Katzorke (U21) und Nikola-Fares Ayyoub (U18) verbrachten zusammen mit Trainer Hartmut Ott den ganzen 04.02.2023 dort. Bereits um 6 Uhr in der fr\u00fch ging es auf die Reise und erst gegen 21 Uhr waren Sie wieder zu Hause.<br><br>Ob in der Zeit auch ein Stadtbummel drin war, haben Sie leider nicht verraten. Den Gro\u00dfteil der Zeit verbrachten Sie in der Mehrzweck Halle im Sch\u00f6newalde-Center. Anlass waren die Nordostdeutschen Meisterschaften in der U18 und U21. F\u00fcr die beiden Sportler ging es um die Qualifikation zu den Deutschen Meisterschaften, die demn\u00e4chst in Leipzig (U18) oder Frankfurt\/Oder (U21) folgen.<br><br>Gest\u00e4rkt durch den 3. Platz bei der Landesmeisterschaft wollte Fares (-90 kg) nun auch den n\u00e4chsten Schritt machen. Eine dicke Erk\u00e4ltung sorgte aber nicht f\u00fcr die beste Vorbereitung und beeintr\u00e4chtigte Ihn auch noch am Wettkampftag. Mit zwei Niederlage gelang ihm am Ende ein 9. Platz. Mit sich war er nicht ganz zufrieden. Trainer Ott meinte: \u201eEs war definitiv mehr drin heute. Gesundheit geht am Ende immer vor und er hat in seinen Duellen nicht aufgegeben und alles versucht. N\u00e4chstes Jahr l\u00e4uft es besser.\u201c<br><\/p>\n\n\n\n<figure class=\"wp-block-image size-large is-style-default\"><img loading=\"lazy\" decoding=\"async\" width=\"263\" height=\"800\" src=\"https:\/\/www.jsv-bernau.de\/jsv\/wp-content\/uploads\/NodemU18U212023-263x800.jpg\" alt=\"\" class=\"wp-image-8006\" srcset=\"https:\/\/www.jsv-bernau.de\/jsv\/wp-content\/uploads\/NodemU18U212023-263x800.jpg 263w, https:\/\/www.jsv-bernau.de\/jsv\/wp-content\/uploads\/NodemU18U212023-184x560.jpg 184w, https:\/\/www.jsv-bernau.de\/jsv\/wp-content\/uploads\/NodemU18U212023.jpg 481w\" sizes=\"auto, (max-width: 263px) 100vw, 263px\" \/><\/figure>\n\n\n\n<p><br>Der Nachmittag lief f\u00fcr Paulina Katzorke in der -48 kg Klasse der U21 besser. Als j\u00fcngster Jahrgang setzte sie sich gegen Chiara Tietz vom SKV M\u00fcritz durch. Sie lie\u00df sich von Anfang an den Kampf nicht aus der Hand nehmen und machte mehrere gute Uchi-mata Angriffe. Den Ippon bekam sie dann f\u00fcr eine Vor-R\u00fcck-Kombination mit Uchi-mata und O-uchi-gari. Verdient holte Sie sich damit am Ende eines langen Tages die Goldmedaille und das begehrte Ticket f\u00fcr die Deutschen Meisterschaften.<\/p>\n\n\n\n<figure class=\"wp-block-image size-full is-style-default\"><img loading=\"lazy\" decoding=\"async\" width=\"552\" height=\"640\" src=\"https:\/\/www.jsv-bernau.de\/jsv\/wp-content\/uploads\/NodemU18U212023b.jpg\" alt=\"\" class=\"wp-image-8008\" srcset=\"https:\/\/www.jsv-bernau.de\/jsv\/wp-content\/uploads\/NodemU18U212023b.jpg 552w, https:\/\/www.jsv-bernau.de\/jsv\/wp-content\/uploads\/NodemU18U212023b-483x560.jpg 483w\" sizes=\"auto, (max-width: 552px) 100vw, 552px\" \/><\/figure>\n\n\n\n<p>Diese findet am 04. und 05.03.2023 in Frankfurt\/Oder statt. Ein Fanclub ist nat\u00fcrlich gern gesehen, der Weg ist ja nicht weit &#x1f609;.<\/p>\n\n\n\n<p>Wir w\u00fcnschen Ihr viel Erfolg und vielleicht reiht sie sich in die Liste der Medaillengewinner bei Deutschen Meisterschaften im Verein ein.<\/p>\n","protected":false},"excerpt":{"rendered":"<p>Greifswald scheint eine sch\u00f6ne Stadt zu sein. Unsere Sportler Paulina Katzorke (U21) und Nikola-Fares Ayyoub (U18) verbrachten zusammen mit Trainer Hartmut Ott den ganzen 04.02.2023 dort. Bereits um 6 Uhr in der fr\u00fch ging es auf die Reise und erst gegen 21 Uhr waren Sie wieder zu Hause. Ob in der Zeit auch ein Stadtbummel drin war, haben Sie leider nicht verraten. Den Gro\u00dfteil der Zeit verbrachten Sie in der Mehrzweck Halle im Sch\u00f6newalde-Center. Anlass waren die Nordostdeutschen Meisterschaften in der U18 und U21. F\u00fcr die beiden Sportler ging es um die Qualifikation zu den Deutschen Meisterschaften, die demn\u00e4chst in Leipzig (U18) oder Frankfurt\/Oder (U21) folgen. Gest\u00e4rkt durch den 3. Platz bei der Landesmeisterschaft wollte Fares (-90 kg) nun auch den n\u00e4chsten Schritt machen. Eine dicke Erk\u00e4ltung sorgte aber nicht f\u00fcr die beste Vorbereitung und beeintr\u00e4chtigte Ihn auch noch am Wettkampftag. Mit zwei Niederlage gelang ihm am Ende ein 9. Platz. Mit sich war er nicht ganz zufrieden. Trainer Ott meinte: \u201eEs war definitiv mehr drin heute. Gesundheit geht am Ende immer vor und er &hellip;<\/p>\n","protected":false},"author":42,"featured_media":8009,"comment_status":"closed","ping_status":"open","sticky":false,"template":"","format":"standard","meta":{"ngg_post_thumbnail":0,"jetpack_post_was_ever_published":false,"_jetpack_newsletter_access":"","_jetpack_dont_email_post_to_subs":false,"_jetpack_newsletter_tier_id":0,"_jetpack_memberships_contains_paywalled_content":false,"_jetpack_memberships_contains_paid_content":false,"footnotes":""},"categories":[1,3,5],"tags":[174,21,115],"class_list":["post-8004","post","type-post","status-publish","format-standard","has-post-thumbnail","hentry","category-allgemein","category-ergebnisse","category-news","tag-nodem","tag-u18","tag-u21"],"jetpack_featured_media_url":"https:\/\/www.jsv-bernau.de\/jsv\/wp-content\/uploads\/NodemU18U212023c.jpg","jetpack_shortlink":"https:\/\/wp.me\/p5TGCK-256","jetpack_sharing_enabled":true,"_links":{"self":[{"href":"https:\/\/www.jsv-bernau.de\/jsv\/wp-json\/wp\/v2\/posts\/8004","targetHints":{"allow":["GET"]}}],"collection":[{"href":"https:\/\/www.jsv-bernau.de\/jsv\/wp-json\/wp\/v2\/posts"}],"about":[{"href":"https:\/\/www.jsv-bernau.de\/jsv\/wp-json\/wp\/v2\/types\/post"}],"author":[{"embeddable":true,"href":"https:\/\/www.jsv-bernau.de\/jsv\/wp-json\/wp\/v2\/users\/42"}],"replies":[{"embeddable":true,"href":"https:\/\/www.jsv-bernau.de\/jsv\/wp-json\/wp\/v2\/comments?post=8004"}],"version-history":[{"count":3,"href":"https:\/\/www.jsv-bernau.de\/jsv\/wp-json\/wp\/v2\/posts\/8004\/revisions"}],"predecessor-version":[{"id":8012,"href":"https:\/\/www.jsv-bernau.de\/jsv\/wp-json\/wp\/v2\/posts\/8004\/revisions\/8012"}],"wp:featuredmedia":[{"embeddable":true,"href":"https:\/\/www.jsv-bernau.de\/jsv\/wp-json\/wp\/v2\/media\/8009"}],"wp:attachment":[{"href":"https:\/\/www.jsv-bernau.de\/jsv\/wp-json\/wp\/v2\/media?parent=8004"}],"wp:term":[{"taxonomy":"category","embeddable":true,"href":"https:\/\/www.jsv-bernau.de\/jsv\/wp-json\/wp\/v2\/categories?post=8004"},{"taxonomy":"post_tag","embeddable":true,"href":"https:\/\/www.jsv-bernau.de\/jsv\/wp-json\/wp\/v2\/tags?post=8004"}],"curies":[{"name":"wp","href":"https:\/\/api.w.org\/{rel}","templated":true}]}}