{"id":85,"date":"2013-08-18T21:14:19","date_gmt":"2013-08-18T21:14:19","guid":{"rendered":"https:\/\/www.jsv-bernau.de\/jsv\/?p=85"},"modified":"2015-05-04T21:16:09","modified_gmt":"2015-05-04T19:16:09","slug":"2x-gold-fuer-judoka-beim-pokal-der-optik","status":"publish","type":"post","link":"https:\/\/www.jsv-bernau.de\/jsv\/2x-gold-fuer-judoka-beim-pokal-der-optik\/","title":{"rendered":"2x Gold f\u00fcr Judoka beim Pokal der Optik"},"content":{"rendered":"<p>Nach den Sommerferien und den ersten Trainingsstunden auf der Tatami, beteiligten sich die Judoka der Altersklasse U11 des PSV Bernau am diesj\u00e4hrigen Pokal der Optik, welcher am 18.08.2013 ausgek\u00e4mpft wurde. Insgesamt waren 31 Vereine und Clubs mit vielen starken K\u00e4mpfern angereist. Wie gut k\u00f6nnen wir da mithalten und im Kampf um die begehrten Medaillen eingreifen, das fragten sich die Trainer Michelle Knospe und Dirk Schlicht. Wir konnten und taten es!<!--more--><\/p>\n<p>Den Anfang machte Lucie Rapp. Nach 2 Ipponsiegen und einem Sieg durch Hantei (Kampfrichterentscheid) stand sie im Finale. Hier \u00fcberzeugte Lucie durch aktives Kampfverhalten und wurde erneut Siegerin durch Hantei. Die Goldmedaille war verdienter Lohn f\u00fcr ihre tollen Leistungen bei diesem Turnier. Daniel Wei\u00df und Juri Hochlachev starteten beide in der Gewichtsklasse bis 40 kg. Beide begannen das Turnier mit \u00fcberzeugenden Leistungen (je 3 Ipponsiege) und trafen dann im Finale aufeinander. Wie schon so einige Male behielt Daniel wieder die Oberhand und besiegte Juri mit einer sch\u00f6nen Festhaltetechnik. Damit gewann Daniel die zweite Goldmedaille f\u00fcr die jungen K\u00e4mpfer des PSV Bernau. Juri Hochlachev durfte sich dann bei der Siegerehrung stolz als Zweitplatzierter die Silbermedaille umh\u00e4ngen lassen.<\/p>\n<p>Nicht ganz so gut lief es an diesem Tag f\u00fcr Eric Leonhardt. Nach zwei klaren Vorrundensiegen unterlag er leider einmal und konnte so nur noch um den 3. Platz k\u00e4mpfen. Hier behinderte ihn aber eine Fu\u00dfverletzung derart, dass er keine Siegchance hatte und so mit dem 5. Platz zufrieden sein musste. Ebenfalls einen 5.Platz erk\u00e4mpfte sich Erik Wolff, der einfach zu viel wollte und dabei wohl etwas verkrampfte.<\/p>\n<p>Mit 2 Gold- und 1 Silbermedaille sowie zwei 5. Pl\u00e4tzen konnten die Trainer und mitgereisten Eltern doch zufrieden die Heimreise von diesem, wie erwartet, schweren Turnier antreten. Dank gilt auch dem Bernauer Kampfrichter Florian Hensel, der mit einer tadellosen Leistung \u00fcberzeugen konnte.<\/p>\n","protected":false},"excerpt":{"rendered":"<p>Nach den Sommerferien und den ersten Trainingsstunden auf der Tatami, beteiligten sich die Judoka der Altersklasse U11 des PSV Bernau am diesj\u00e4hrigen Pokal der Optik, welcher am 18.08.2013 ausgek\u00e4mpft wurde. Insgesamt waren 31 Vereine und Clubs mit vielen starken K\u00e4mpfern angereist. Wie gut k\u00f6nnen wir da mithalten und im Kampf um die begehrten Medaillen eingreifen, das fragten sich die Trainer Michelle Knospe und Dirk Schlicht. Wir konnten und taten es!<\/p>\n","protected":false},"author":3,"featured_media":0,"comment_status":"closed","ping_status":"open","sticky":false,"template":"","format":"standard","meta":{"ngg_post_thumbnail":0,"jetpack_post_was_ever_published":false,"_jetpack_newsletter_access":"","_jetpack_dont_email_post_to_subs":false,"_jetpack_newsletter_tier_id":0,"_jetpack_memberships_contains_paywalled_content":false,"_jetpack_memberships_contains_paid_content":false,"footnotes":""},"categories":[3],"tags":[132,127,26,133],"class_list":["post-85","post","type-post","status-publish","format-standard","hentry","category-ergebnisse","tag-pokal-der-optik","tag-schlicht","tag-u11","tag-weiss"],"jetpack_featured_media_url":"","jetpack_shortlink":"https:\/\/wp.me\/p5TGCK-1n","jetpack_sharing_enabled":true,"_links":{"self":[{"href":"https:\/\/www.jsv-bernau.de\/jsv\/wp-json\/wp\/v2\/posts\/85","targetHints":{"allow":["GET"]}}],"collection":[{"href":"https:\/\/www.jsv-bernau.de\/jsv\/wp-json\/wp\/v2\/posts"}],"about":[{"href":"https:\/\/www.jsv-bernau.de\/jsv\/wp-json\/wp\/v2\/types\/post"}],"author":[{"embeddable":true,"href":"https:\/\/www.jsv-bernau.de\/jsv\/wp-json\/wp\/v2\/users\/3"}],"replies":[{"embeddable":true,"href":"https:\/\/www.jsv-bernau.de\/jsv\/wp-json\/wp\/v2\/comments?post=85"}],"version-history":[{"count":2,"href":"https:\/\/www.jsv-bernau.de\/jsv\/wp-json\/wp\/v2\/posts\/85\/revisions"}],"predecessor-version":[{"id":1672,"href":"https:\/\/www.jsv-bernau.de\/jsv\/wp-json\/wp\/v2\/posts\/85\/revisions\/1672"}],"wp:attachment":[{"href":"https:\/\/www.jsv-bernau.de\/jsv\/wp-json\/wp\/v2\/media?parent=85"}],"wp:term":[{"taxonomy":"category","embeddable":true,"href":"https:\/\/www.jsv-bernau.de\/jsv\/wp-json\/wp\/v2\/categories?post=85"},{"taxonomy":"post_tag","embeddable":true,"href":"https:\/\/www.jsv-bernau.de\/jsv\/wp-json\/wp\/v2\/tags?post=85"}],"curies":[{"name":"wp","href":"https:\/\/api.w.org\/{rel}","templated":true}]}}