{"id":89,"date":"2013-01-19T21:21:01","date_gmt":"2013-01-19T21:21:01","guid":{"rendered":"https:\/\/www.jsv-bernau.de\/jsv\/?p=89"},"modified":"2015-05-06T21:18:56","modified_gmt":"2015-05-06T19:18:56","slug":"goldener-start-fuer-judoka","status":"publish","type":"post","link":"https:\/\/www.jsv-bernau.de\/jsv\/goldener-start-fuer-judoka\/","title":{"rendered":"Goldener Start f\u00fcr Judoka"},"content":{"rendered":"<p>Mit etwas getr\u00fcbten Gesichtern machten sich am 19.01.13 die Judoka der Altersklasse U 11 des PSV Bernau auf den Weg nach Strausberg. Dort fand der Start in das neue Wettkampfjahr 2013 statt und leider konnten drei Topk\u00e4mpfer aus Krankheitsgr\u00fcnden nicht daran teilnehmen.<!--more--><\/p>\n<p>Nach dem allj\u00e4hrlichen Altersklassenwechsel sollte dieses Einzelturnier als Standortbestimmung und Form\u00fcberpr\u00fcfung dienen. Trotz des Ausfalls einiger K\u00e4mpfer konnten sich die jungen Bernauer PSV-Judoka hervorragend in Szene setzen.<\/p>\n<p>Allen voran taten dies Erik Wolff und Maximilian Grumblat, die ihre 3 bzw. 2 K\u00e4mpfe jeweils mit Ippon mit tollen Techniken gewinnen und sich somit je eine Goldmedaille erk\u00e4mpfen konnten. Bis in die Finalk\u00e4mpfe kamen Lucie Rapp, Noel Lemnitz, Tiko Trojak und Ben Troche. Da reichte es dann leider nicht mehr ganz und so blieb es bei den tollen 2.Pl\u00e4tzen und damit der Silbermedaille. Eric Leonhardt hatte keinen so guten Tag erwischt, konnte sich am Ende aber doch noch eine Bronzemedaille erk\u00e4mpfen. Ebenso einen 3.Platz sicherte sich Nico Schwarzat, der nur auf Grund der Unterpunkte nicht weiter oben auf dem Podest stehen konnte. In seiner Gewichtsklasse hatten 3 K\u00e4mpfer jeweils 2 Siege auf der Habenseite und da mussten dann die Unterpunkte entscheiden, schade f\u00fcr Nico, der eine starke Leistung zeigte.<\/p>\n<p>Deutlich besser gelaunt konnten die Bernauer die Heimreise antreten und freuen sich nun auf die n\u00e4chste Bew\u00e4hrungsprobe im Februar in Frankfurt\/Oder.<\/p>\n","protected":false},"excerpt":{"rendered":"<p>Mit etwas getr\u00fcbten Gesichtern machten sich am 19.01.13 die Judoka der Altersklasse U 11 des PSV Bernau auf den Weg nach Strausberg. Dort fand der Start in das neue Wettkampfjahr 2013 statt und leider konnten drei Topk\u00e4mpfer aus Krankheitsgr\u00fcnden nicht daran teilnehmen.<\/p>\n","protected":false},"author":3,"featured_media":0,"comment_status":"closed","ping_status":"open","sticky":false,"template":"","format":"standard","meta":{"ngg_post_thumbnail":0,"jetpack_post_was_ever_published":false,"_jetpack_newsletter_access":"","_jetpack_dont_email_post_to_subs":false,"_jetpack_newsletter_tier_id":0,"_jetpack_memberships_contains_paywalled_content":false,"_jetpack_memberships_contains_paid_content":false,"footnotes":""},"categories":[3],"tags":[43,154,156,155,127,179,39,125,27,26],"class_list":["post-89","post","type-post","status-publish","format-standard","hentry","category-ergebnisse","tag-grumblat","tag-lemnitz","tag-leonhardt","tag-rapp","tag-schlicht","tag-schwarzat","tag-strausberg","tag-troche","tag-trojak","tag-u11"],"jetpack_featured_media_url":"","jetpack_shortlink":"https:\/\/wp.me\/p5TGCK-1r","jetpack_sharing_enabled":true,"_links":{"self":[{"href":"https:\/\/www.jsv-bernau.de\/jsv\/wp-json\/wp\/v2\/posts\/89","targetHints":{"allow":["GET"]}}],"collection":[{"href":"https:\/\/www.jsv-bernau.de\/jsv\/wp-json\/wp\/v2\/posts"}],"about":[{"href":"https:\/\/www.jsv-bernau.de\/jsv\/wp-json\/wp\/v2\/types\/post"}],"author":[{"embeddable":true,"href":"https:\/\/www.jsv-bernau.de\/jsv\/wp-json\/wp\/v2\/users\/3"}],"replies":[{"embeddable":true,"href":"https:\/\/www.jsv-bernau.de\/jsv\/wp-json\/wp\/v2\/comments?post=89"}],"version-history":[{"count":1,"href":"https:\/\/www.jsv-bernau.de\/jsv\/wp-json\/wp\/v2\/posts\/89\/revisions"}],"predecessor-version":[{"id":1709,"href":"https:\/\/www.jsv-bernau.de\/jsv\/wp-json\/wp\/v2\/posts\/89\/revisions\/1709"}],"wp:attachment":[{"href":"https:\/\/www.jsv-bernau.de\/jsv\/wp-json\/wp\/v2\/media?parent=89"}],"wp:term":[{"taxonomy":"category","embeddable":true,"href":"https:\/\/www.jsv-bernau.de\/jsv\/wp-json\/wp\/v2\/categories?post=89"},{"taxonomy":"post_tag","embeddable":true,"href":"https:\/\/www.jsv-bernau.de\/jsv\/wp-json\/wp\/v2\/tags?post=89"}],"curies":[{"name":"wp","href":"https:\/\/api.w.org\/{rel}","templated":true}]}}